{"id":560142,"date":"2025-11-26T14:31:14","date_gmt":"2025-11-26T14:31:14","guid":{"rendered":"https:\/\/www.europesays.com\/fr\/560142\/"},"modified":"2025-11-26T14:31:14","modified_gmt":"2025-11-26T14:31:14","slug":"pourquoi-la-question-territoriale-sera-lultime-point-des-negociations-ukraine-russie","status":"publish","type":"post","link":"https:\/\/www.europesays.com\/fr\/560142\/","title":{"rendered":"Pourquoi la question territoriale sera l\u2019ultime point des n\u00e9gociations Ukraine-Russie"},"content":{"rendered":"<p>        <img decoding=\"async\" loading=\"lazy\" src=\"https:\/\/www.europesays.com\/fr\/wp-content\/uploads\/2025\/11\/1a1d708_sirius-fs-upload-1-zeo1wvbh9ysn-1745605393297-000-42p28nq.jpg\"  width=\"728\" height=\"409\" alt=\"Dans les n\u00e9gociations sur l\u2019accord de paix entre l\u2019Ukraine et la Russie, \"\/>  <\/p>\n<p>TETIANA DZHAFAROVA \/ AFP<\/p>\n<p>Dans les n\u00e9gociations sur l\u2019accord de paix entre l\u2019Ukraine et la Russie, <\/p>\n<p>      <strong>EN BREF<\/strong> <strong>\u2022 <\/strong>Les n\u00e9gociations pour la paix en Ukraine s\u2019acc\u00e9l\u00e8rent avec, d\u00e9sormais, un plan am\u00e9ricain en 22 points.<br \/><strong>\u2022 <\/strong>Malgr\u00e9 des avanc\u00e9es salu\u00e9es de part et d\u2019autre, la question territoriale reste un obstacle majeur.<br \/><strong>\u2022 <\/strong>Les discussions territoriales seront probablement men\u00e9es directement entre Zelensky et Poutine, sans avanc\u00e9es significatives pour l\u2019instant.                         <\/p>\n<p class=\"asset asset-text\">Tout semble s\u2019acc\u00e9l\u00e9rer dans les n\u00e9gociations pour mettre fin \u00e0 la <a href=\"https:\/\/www.huffingtonpost.fr\/international\/video\/guerre-en-ukraine-apres-la-fin-des-negociations-a-geneve-ou-en-est-on-sur-le-plan-de-paix_257469.html\" target=\"_blank\" rel=\"noopener\">guerre en Ukraine<\/a>. Apr\u00e8s la pr\u00e9sentation du plan de Donald Trump en 28\u00a0points <a href=\"https:\/\/www.huffingtonpost.fr\/international\/article\/guerre-en-ukraine-toutes-ces-concessions-a-la-russie-dans-le-plan-de-paix-des-etats-unis_257371.html\" target=\"_blank\" rel=\"noopener\">align\u00e9 sur les positions russes<\/a>, les discussions se sont poursuivies ces derniers jours \u00e0 Gen\u00e8ve entre Am\u00e9ricains, Ukrainiens et Europ\u00e9ens, avant une visioconf\u00e9rence de la \u00ab\u00a0coalition des volontaires\u00a0\u00bb \u2013 les principaux pays soutenant l\u2019Ukraine \u2013 mardi 25\u00a0novembre pour amender cette feuille de route.<\/p>\n<p class=\"asset asset-text\">Pour Emmanuel Macron, il y a \u00ab\u00a0enfin une chance de r\u00e9aliser de vrais progr\u00e8s vers une bonne paix\u00a0\u00bb, malgr\u00e9 l\u2019absence \u00ab\u00a0de volont\u00e9 russe d\u2019avoir un cessez-le-feu\u00a0\u00bb. Moscou a salu\u00e9 ce mercredi 26\u00a0novembre des points \u00ab\u00a0positifs\u00a0\u00bb dans le plan am\u00e9ricain.<\/p>\n<p class=\"asset asset-text\">Interrog\u00e9 \u00e0 la t\u00e9l\u00e9vision publique russe, le conseiller diplomatique du Kremlin Iouri Ouchakov n\u2019a pas pr\u00e9cis\u00e9 s\u2019il faisait r\u00e9f\u00e9rence \u00e0 la version initiale du texte ou \u00e0 celle amend\u00e9e ces derniers jours. Mais il a jug\u00e9 \u00ab\u00a0inutiles\u00a0\u00bb les efforts europ\u00e9ens pour jouer un r\u00f4le dans la fin de la guerre.<\/p>\n<p>                     Reconnaissance \u00ab\u00a0de facto\u00a0\u00bb    <\/p>\n<p class=\"asset asset-text\">Si, d\u2019apr\u00e8s Donald Trump, de nombreux points ont \u00e9t\u00e9 \u00ab\u00a0r\u00e9solus\u00a0\u00bb dans la nouvelle version du plan qui en comprend d\u00e9sormais 22, l\u2019\u00e9pineuse question des fronti\u00e8res reste en suspens. Depuis le d\u00e9but du conflit, Volodymyr Zelensky est tr\u00e8s ferme sur l\u2019int\u00e9grit\u00e9 territoriale de l\u2019Ukraine, soulignant qu\u2019elle figure dans la Constitution du pays.<\/p>\n<p class=\"asset asset-text\">C\u2019est pour contourner ce probl\u00e8me que le plan am\u00e9ricain pr\u00e9voyait une reconnaissance \u00ab\u00a0de facto\u00a0\u00bb de la souverainet\u00e9 russe sur cinq territoires ukrainiens \u2013 la Crim\u00e9e, les oblasts de Donetsk et Lougansk mais aussi ceux de Kherson et Zaporijjia \u2013 y compris des secteurs qui ne sont pas occup\u00e9s par l\u2019arm\u00e9e de Vladimir Poutine \u00e0 cette heure.<\/p>\n<p class=\"asset asset-text\">La question territoriale \u00ab\u00a0est un processus long et compliqu\u00e9\u00a0\u00bb, a comment\u00e9 Donald Trump mardi 25\u00a0novembre dans l\u2019avion pr\u00e9sidentiel qui le ramenait \u00e0 Mar-a-Lago pour Thanksgiving. Et pas seulement parce qu\u2019\u00ab\u00a0on ne peut pas avoir une fronti\u00e8re qui traverse une autoroute\u00a0\u00bb ou \u00ab\u00a0en plein centre-ville\u00a0\u00bb, comme il l\u2019a soulign\u00e9.<\/p>\n<p>                     Niveau pr\u00e9sidentiel    <\/p>\n<p class=\"asset asset-text\">Tout indique que les questions territoriales seront \u00ab\u00a0discut\u00e9es \u00e0 un niveau pr\u00e9sidentiel\u00a0\u00bb, c\u2019est-\u00e0-dire directement entre Volodymyr Zelensky et Vladimir Poutine, selon une source proche des n\u00e9gociations interrog\u00e9e par l\u2019AFP.<\/p>\n<p class=\"asset asset-text\">Selon le <a href=\"https:\/\/www.washingtonpost.com\/world\/2025\/11\/24\/ukraine-peace-plan-europe-russia\/\" target=\"_blank\" rel=\"noopener\" title=\"Nouvelle fen\u00eatre\">Washington Post<\/a>, les n\u00e9gociateurs ukrainiens ont certes \u00ab\u00a0clairement indiqu\u00e9 aux responsables am\u00e9ricains que l\u2019Ukraine \u00e9tait dispos\u00e9e \u00e0 entamer des discussions depuis sa position militaire actuelle et qu\u2019elle ne souhaitait pas donner suite aux propositions russes d\u2019\u00e9change de territoires\u00a0\u00bb. N\u00e9anmoins, \u00ab\u00a0Zelensky n\u2019a autoris\u00e9 personne d\u2019autre que lui-m\u00eame \u00e0 discuter des questions territoriales, ce qui explique le peu de progr\u00e8s r\u00e9alis\u00e9s concernant la proposition initiale\u00a0\u00bb, souligne le quotidien.<\/p>\n<p class=\"asset asset-text\">Sur la question territoriale, les Europ\u00e9ens s\u2019en remettent au pr\u00e9sident ukrainien. \u00ab\u00a0Personne ne peut dire quelles sont les concessions territoriales que les Ukrainiens peuvent faire\u00a0\u00bb, a r\u00e9sum\u00e9 Emmanuel Macron, mardi matin sur RTL. Une critique, en creux, de la proposition am\u00e9ricaine.<\/p>\n<p class=\"asset asset-text\">Reste qu\u2019une rencontre entre Volodymyr Zelensky et Vladimir Poutine, envisag\u00e9e par l\u2019Ukraine comme la derni\u00e8re phase des n\u00e9gociations, est loin d\u2019\u00eatre \u00e0 l\u2019ordre du jour. \u00c0 ce stade, la prochaine \u00e9tape importante est pr\u00e9vue la semaine prochaine, avec la visite \u00e0 Moscou de l\u2019\u00e9missaire am\u00e9ricain Steve Witkoff, possiblement accompagn\u00e9 du gendre de Trump Jared Kushner, qui a notamment \u00e9t\u00e9 impliqu\u00e9 dans le fragile accord de cessez-le-feu \u00e0 Gaza. Witkoff \u00ab\u00a0sera s\u00fbrement re\u00e7u\u00a0\u00bb par Vladimir Poutine pour lui pr\u00e9senter le plan de paix, a fait savoir le conseiller diplomatique du Kremlin.<\/p>\n","protected":false},"excerpt":{"rendered":"TETIANA DZHAFAROVA \/ AFP Dans les n\u00e9gociations sur l\u2019accord de paix entre l\u2019Ukraine et la Russie, EN BREF&hellip;\n","protected":false},"author":2,"featured_media":560143,"comment_status":"","ping_status":"","sticky":false,"template":"","format":"standard","meta":{"footnotes":""},"categories":[1591],"tags":[11,75,1887,131,14,12,1885,1886,132,134],"class_list":{"0":"post-560142","1":"post","2":"type-post","3":"status-publish","4":"format-standard","5":"has-post-thumbnail","7":"category-russie","8":"tag-actualites","9":"tag-donald-trump","10":"tag-federation-de-russie","11":"tag-guerre-en-ukraine","12":"tag-international","13":"tag-news","14":"tag-russia","15":"tag-russian-federation","16":"tag-russie","17":"tag-volodymyr-zelensky"},"share_on_mastodon":{"url":"https:\/\/pubeurope.com\/@fr\/115616488158081308","error":""},"_links":{"self":[{"href":"https:\/\/www.europesays.com\/fr\/wp-json\/wp\/v2\/posts\/560142","targetHints":{"allow":["GET"]}}],"collection":[{"href":"https:\/\/www.europesays.com\/fr\/wp-json\/wp\/v2\/posts"}],"about":[{"href":"https:\/\/www.europesays.com\/fr\/wp-json\/wp\/v2\/types\/post"}],"author":[{"embeddable":true,"href":"https:\/\/www.europesays.com\/fr\/wp-json\/wp\/v2\/users\/2"}],"replies":[{"embeddable":true,"href":"https:\/\/www.europesays.com\/fr\/wp-json\/wp\/v2\/comments?post=560142"}],"version-history":[{"count":0,"href":"https:\/\/www.europesays.com\/fr\/wp-json\/wp\/v2\/posts\/560142\/revisions"}],"wp:featuredmedia":[{"embeddable":true,"href":"https:\/\/www.europesays.com\/fr\/wp-json\/wp\/v2\/media\/560143"}],"wp:attachment":[{"href":"https:\/\/www.europesays.com\/fr\/wp-json\/wp\/v2\/media?parent=560142"}],"wp:term":[{"taxonomy":"category","embeddable":true,"href":"https:\/\/www.europesays.com\/fr\/wp-json\/wp\/v2\/categories?post=560142"},{"taxonomy":"post_tag","embeddable":true,"href":"https:\/\/www.europesays.com\/fr\/wp-json\/wp\/v2\/tags?post=560142"}],"curies":[{"name":"wp","href":"https:\/\/api.w.org\/{rel}","templated":true}]}}