{"id":560150,"date":"2025-11-26T14:35:16","date_gmt":"2025-11-26T14:35:16","guid":{"rendered":"https:\/\/www.europesays.com\/fr\/560150\/"},"modified":"2025-11-26T14:35:16","modified_gmt":"2025-11-26T14:35:16","slug":"lallemagne-un-jour-a-la-tete-de-lotan","status":"publish","type":"post","link":"https:\/\/www.europesays.com\/fr\/560150\/","title":{"rendered":"L&rsquo;Allemagne un jour \u00e0 la t\u00eate de l&rsquo;OTAN ?"},"content":{"rendered":"<p class=\"mb-4 text-lg md:leading-8 break-words\">L&rsquo;ambassadeur am\u00e9ricain aupr\u00e8s de l&rsquo;OTAN, Matthew Whitaker, a exprim\u00e9 un souhait lors de la conf\u00e9rence de Berlin sur la s\u00e9curit\u00e9 : que l&rsquo;Allemagne assume \u00e0 l&rsquo;avenir le r\u00f4le de leader de l&rsquo;OTAN.<\/p>\n<p class=\"mb-4 text-lg md:leading-8 break-words\">\u00ab\u00a0J&rsquo;attends avec impatience le jour o\u00f9 l&rsquo;Allemagne viendra dire aux Etats-Unis qu&rsquo;elle est pr\u00eate \u00e0 assumer la position de commandant supr\u00eame des alli\u00e9s\u00a0\u00bb, a d\u00e9clar\u00e9 Whitaker. S&rsquo;il a reconnu que \u00ab\u00a0nous en sommes encore loin\u00a0\u00bb, il se r\u00e9jouirait n\u00e9anmoins de ces discussions, comme le rapporte le Telegraph britannique.<\/p>\n<p><img alt=\"L'ambassadeur am\u00e9ricain aupr\u00e8s de l'OTAN, Matthew Whitaker, le 11 avril 2025 lors de la r\u00e9union du Groupe de contact pour la d\u00e9fense de l'Ukraine au si\u00e8ge de l'OTAN \u00e0 Bruxelles.\" loading=\"lazy\" width=\"808\" height=\"454\" decoding=\"async\" data-nimg=\"1\" class=\"rounded-lg\" style=\"color:transparent\" src=\"https:\/\/www.europesays.com\/fr\/wp-content\/uploads\/2025\/11\/1497234816f8ece8b559d4c69d7a8359.jpeg\"\/><\/p>\n<p> L&rsquo;ambassadeur am\u00e9ricain aupr\u00e8s de l&rsquo;OTAN, Matthew Whitaker, le 11 avril 2025, lors d&rsquo;une r\u00e9union du Groupe de contact pour la d\u00e9fense de l&rsquo;Ukraine au si\u00e8ge de l&rsquo;OTAN \u00e0 Bruxelles.   &#8211; Geert Vanden Wijngaert\/Copyright 2025 The AP. All rights reserved. <\/p>\n<p class=\"mb-4 text-lg md:leading-8 break-words\">Selon Whitaker, les Etats-Unis aimeraient voir les forces militaires de l&rsquo;Europe \u00e9gales \u00e0 celles des Etats-Unis. Il a qualifi\u00e9 cet objectif d'\u00a0\u00bbambitieux que nous devrions tous attendre avec impatience\u00a0\u00bb.<\/p>\n<p class=\"mb-4 text-lg md:leading-8 break-words\">Une source am\u00e9ricaine proche de la situation a d\u00e9clar\u00e9 \u00e0 Euronews que Whitaker \u00ab\u00a0est quelqu&rsquo;un qui d\u00e9fend les vues am\u00e9ricaines traditionnelles sur l&rsquo;OTAN\u00a0\u00bb, ce qui rend sa d\u00e9claration surprenante pour cette source. N\u00e9anmoins, \u00ab\u00a0l&rsquo;administration Trump l&rsquo;avait d\u00e9j\u00e0 laiss\u00e9 entendre il y a quelques mois\u00a0\u00bb.<\/p>\n<p class=\"mb-4 text-lg md:leading-8 break-words\">Euronews apprend \u00e9galement des milieux de l&rsquo;OTAN que \u00ab\u00a0les propos de l&rsquo;ambassadeur sont en accord avec les d\u00e9clarations des Am\u00e9ricains selon lesquelles la s\u00e9curit\u00e9 de l&rsquo;Europe est entre les mains des Europ\u00e9ens\u00a0\u00bb.<\/p>\n<p>Risques d&rsquo;un retrait pr\u00e9coce face \u00e0 l&rsquo;Ukraine<\/p>\n<p class=\"mb-4 text-lg md:leading-8 break-words\">Le \u00ab\u00a0plan de paix\u00a0\u00bb en 28 points r\u00e9cemment divulgu\u00e9 par les Etats-Unis et la Russie, qui doit esquisser une fin possible de la guerre d&rsquo;agression russe, est consid\u00e9r\u00e9 comme un indice suppl\u00e9mentaire de la volont\u00e9 des Etats-Unis de r\u00e9duire en perspective leur r\u00f4le de leader au sein de l&rsquo;OTAN.<\/p>\n<p class=\"mb-4 text-lg md:leading-8 break-words\">L&rsquo;experte en s\u00e9curit\u00e9 Claudia Major a qualifi\u00e9 cela de \u00ab\u00a0d\u00e9sam\u00e9ricanisation de l&rsquo;OTAN\u00a0\u00bb dans le talk-show \u00ab\u00a0Caren Miosga\u00a0\u00bb de la cha\u00eene ARD, car les Etats-Unis apparaissent dans le document moins comme un alli\u00e9 actif que comme un m\u00e9diateur entre l&rsquo;OTAN et la Russie.<\/p>\n<p class=\"mb-4 text-lg md:leading-8 break-words\">La source am\u00e9ricaine d\u00e9clare \u00e0 Euronews que cette vision est \u00ab\u00a0difficile \u00e0 r\u00e9futer d&rsquo;un point de vue purement th\u00e9orique\u00a0\u00bb, mais qu&rsquo;elle pourrait m\u00eame \u00ab\u00a0avoir du sens\u00a0\u00bb dans des conditions \u00e0 long terme. Mais elle a en m\u00eame temps averti qu&rsquo;\u00e9tant donn\u00e9 la \u00ab\u00a0volatilit\u00e9\u00a0\u00bb et la \u00ab\u00a0folie\u00a0\u00bb de la guerre en Ukraine, ce n&rsquo;\u00e9tait pas le bon moment actuellement pour un retrait am\u00e9ricain de l&rsquo;OTAN.<\/p>\n<p class=\"mb-4 text-lg md:leading-8 break-words\">Selon l&rsquo;expert en s\u00e9curit\u00e9 et professeur \u00e0 l&rsquo;universit\u00e9 de la Bundeswehr \u00e0 Munich, le professeur Dr Carlo Masala, le d\u00e9sir des Am\u00e9ricains de \u00ab\u00a0se retirer progressivement de leur r\u00f4le de leader\u00a0\u00bb est \u00e0 l&rsquo;origine de cette d\u00e9cision.<\/p>\n<p class=\"mb-4 text-lg md:leading-8 break-words\">\u00ab\u00a0Il faut d&rsquo;abord dire que la d\u00e9claration \u00e9tait orient\u00e9e vers la perspective et non pas selon le principe que les Allemands devraient prendre le relais de pr\u00e9f\u00e9rence demain, mais sur une p\u00e9riode plus longue\u00a0\u00bb, explique Masala \u00e0 Euronews.<\/p>\n<p>Un SACEUR allemand<\/p>\n<p class=\"mb-4 text-lg md:leading-8 break-words\">Traditionnellement, le r\u00f4le de direction du Supreme Allied Commander Europe (SACEUR) &#8211; c&rsquo;est-\u00e0-dire le commandant supr\u00eame des forces arm\u00e9es de l&rsquo;OTAN en Europe &#8211; est occup\u00e9 depuis la cr\u00e9ation de l&rsquo;Alliance par un g\u00e9n\u00e9ral ou un amiral am\u00e9ricain. Il ne s&rsquo;agit toutefois pas d&rsquo;une directive ou d&rsquo;une loi, mais plut\u00f4t d&rsquo;un accord politique et historique.<\/p>\n<p class=\"mb-4 text-lg md:leading-8 break-words\">L&rsquo;actuel SACEUR est le g\u00e9n\u00e9ral de l&rsquo;arm\u00e9e de l&rsquo;air am\u00e9ricaine Alexus G. Grynkewich qui, en plus de son r\u00f4le de leader de l&rsquo;OTAN, est \u00e9galement le commandant en chef des forces am\u00e9ricaines en Europe. Selon Masala, la logique derri\u00e8re un SACEUR am\u00e9ricain \u00e9tait qu'\u00a0\u00bbil est &lsquo;double-headed&rsquo;, c&rsquo;est-\u00e0-dire qu&rsquo;il commande \u00e0 la fois les forces am\u00e9ricaines en Europe et les forces de l&rsquo;OTAN, y compris les forces am\u00e9ricaines.<\/p>\n<p><img alt=\"Le secr\u00e9taire am\u00e9ricain \u00e0 la D\u00e9fense Hegseth s'entretient avec le secr\u00e9taire g\u00e9n\u00e9ral de l'OTAN Rutte et le SACEUR Grynkewich lors d'une r\u00e9union du Conseil de l'Atlantique Nord \u00e0 Bruxelles, 15 oct. 2025\" loading=\"lazy\" width=\"808\" height=\"454\" decoding=\"async\" data-nimg=\"1\" class=\"rounded-lg\" style=\"color:transparent\" src=\"https:\/\/www.europesays.com\/fr\/wp-content\/uploads\/2025\/11\/11909c4b546f321b41aef34a8a2d9e93.jpeg\"\/><\/p>\n<p> Le secr\u00e9taire am\u00e9ricain \u00e0 la D\u00e9fense Hegseth s&rsquo;entretient avec le secr\u00e9taire g\u00e9n\u00e9ral de l&rsquo;OTAN Rutte et le SACEUR Grynkewich lors d&rsquo;une r\u00e9union du Conseil de l&rsquo;Atlantique Nord \u00e0 Bruxelles, le 15 oct. 2025.   &#8211; Omar Havana\/Copyright 2025 The AP. All rights reserved <\/p>\n<p class=\"mb-4 text-lg md:leading-8 break-words\">Dans le cas d&rsquo;un SACEUR allemand &#8211; ou plus g\u00e9n\u00e9ralement europ\u00e9en &#8211; ce pouvoir de commandement sur les troupes am\u00e9ricaines n&rsquo;existerait \u00e9videmment plus, selon Masala.<\/p>\n<p class=\"mb-4 text-lg md:leading-8 break-words\">Selon le commandement europ\u00e9en des forces arm\u00e9es am\u00e9ricaines, environ 78.000 soldats sont actuellement stationn\u00e9s en Europe. Le mois dernier, une r\u00e9duction des troupes am\u00e9ricaines en Roumanie de 4.000 \u00e0 environ 1.000 soldats avait d\u00e9j\u00e0 \u00e9t\u00e9 annonc\u00e9e.<\/p>\n<p class=\"mb-4 text-lg md:leading-8 break-words\">Lors du premier mandat de Trump, les troupes en Europe devaient d\u00e9j\u00e0 \u00eatre r\u00e9duites. \u00ab\u00a0Curieusement, le nombre de troupes am\u00e9ricaines stationn\u00e9es en permanence en Allemagne avait alors augment\u00e9\u00a0\u00bb, explique l&rsquo;officier de l&rsquo;arm\u00e9e am\u00e9ricaine Ben Hodges, ancien commandant en chef des forces am\u00e9ricaines en Europe, dans un <a href=\"https:\/\/de.euronews.com\/2025\/11\/25\/reduzierung-us-truppen-deutschland-schutz\" rel=\"nofollow noopener\" target=\"_blank\" data-ylk=\"slk:entretien accord\u00e9 \u00e0 Euronews;elm:context_link;itc:0;sec:content-canvas\" class=\"link \">entretien accord\u00e9 \u00e0 Euronews<\/a> (en allemand).<\/p>\n<p class=\"mb-4 text-lg md:leading-8 break-words\">\u00ab\u00a0Aujourd&rsquo;hui, le gouvernement semble plus d\u00e9termin\u00e9 \u00e0 proc\u00e9der \u00e0 cette r\u00e9duction. Ce que l&rsquo;arm\u00e9e conserve en Europe n&rsquo;est pas n\u00e9cessaire dans le Pacifique, mais pourrait tout de m\u00eame \u00eatre r\u00e9duit afin de lib\u00e9rer de l&rsquo;argent et des ressources\u00a0\u00bb, poursuit Hodges.<\/p>\n<p>L&rsquo;Allemagne, moteur du r\u00e9armement europ\u00e9en<\/p>\n<p class=\"mb-4 text-lg md:leading-8 break-words\">Depuis la guerre d&rsquo;agression russe de 2022 et le retour de Trump au pouvoir, l&rsquo;Europe est confront\u00e9e \u00e0 une vague massive de r\u00e9armement. Les futures d\u00e9penses de d\u00e9fense sup\u00e9rieures \u00e0 un pour cent du produit int\u00e9rieur brut (PIB) de l&rsquo;Allemagne sont exclues du frein \u00e0 l&rsquo;endettement et, \u00e0 partir de janvier 2026, les jeunes hommes devront \u00e0 nouveau \u00eatre <a href=\"https:\/\/fr.news.yahoo.com\/allemagne-service-militaire-bient%C3%B4t-instaur%C3%A9-113416825.html\" data-ylk=\"slk:r\u00e9quisitionn\u00e9s;elm:context_link;itc:0;sec:content-canvas;outcm:mb_qualified_link;_E:mb_qualified_link;ct:story;\" class=\"link  yahoo-link\" target=\"_blank\" rel=\"noopener\">r\u00e9quisitionn\u00e9s<\/a>.<\/p>\n<p class=\"mb-4 text-lg md:leading-8 break-words\">La <a href=\"https:\/\/fr.euronews.com\/tag\/armee-allemande\" rel=\"nofollow noopener\" target=\"_blank\" data-ylk=\"slk:Bundeswehr;elm:context_link;itc:0;sec:content-canvas\" class=\"link \">Bundeswehr<\/a> doit ainsi \u00eatre rendue \u00ab\u00a0apte \u00e0 la guerre\u00a0\u00bb. Une exigence qui a d\u00e9j\u00e0 \u00e9t\u00e9 exprim\u00e9e \u00e0 plusieurs reprises par le ministre de la D\u00e9fense Boris Pistorius (SPD).<\/p>\n<p><img alt=\"Une recrue et des recrues du d\u00e9tachement du drapeau pr\u00eatent serment lors de la c\u00e9r\u00e9monie des v\u0153ux 2025 sur le Paradeplatz du BMVg \u00e0 Berlin, le 20 juillet 2025.\" loading=\"lazy\" width=\"808\" height=\"454\" decoding=\"async\" data-nimg=\"1\" class=\"rounded-lg\" style=\"color:transparent\" src=\"https:\/\/www.europesays.com\/fr\/wp-content\/uploads\/2025\/11\/46ecfce4f3f5353a7e6d142f25bf4787.jpeg\"\/><\/p>\n<p> Une recrue et des recrues du d\u00e9tachement du drapeau pr\u00eatent serment lors de la c\u00e9r\u00e9monie 2025 sur le Paradeplatz du BMVg \u00e0 Berlin, le 20 juillet 2025.   &#8211; \u00a9Bundeswehr\/Torsten Kraatz <\/p>\n<p class=\"mb-4 text-lg md:leading-8 break-words\">Masala est d&rsquo;avis que l&rsquo;Allemagne est actuellement le seul pays d&rsquo;Europe \u00e0 pouvoir faire avancer \u00ab\u00a0toute cette politique d\u00a0\u00bbarmement&rsquo; des forces arm\u00e9es europ\u00e9ennes\u00a0\u00bb, en raison des moyens financiers disponibles.<\/p>\n<p class=\"mb-4 text-lg md:leading-8 break-words\">\u00ab\u00a0Nous entrons d&rsquo;une mani\u00e8re ou d&rsquo;une autre dans un nouveau r\u00f4le de politique militaire\u00a0\u00bb, affirme l&rsquo;expert en s\u00e9curit\u00e9, qui reconna\u00eet toutefois que Berlin ne l&rsquo;a, selon lui, \u00ab\u00a0pas encore tout \u00e0 fait compris\u00a0\u00bb.<\/p>\n<p class=\"mb-4 text-lg md:leading-8 break-words\">Au sein de l&rsquo;OTAN, un tel sc\u00e9nario n&rsquo;est pour l&rsquo;instant pas discut\u00e9, comme l&rsquo;a appris Euronews. \u00ab\u00a0Nous ne discutons pas de la mani\u00e8re dont cela fonctionnerait, car cela n&rsquo;a tout simplement aucune importance\u00a0\u00bb, dit-on.<\/p>\n<p class=\"mb-4 text-lg md:leading-8 break-words\">Selon Masala, un SACEUR allemand n&rsquo;aiderait toutefois pas \u00e0 l&rsquo;europ\u00e9anisation de l&rsquo;OTAN, \u00ab\u00a0parce que toute cette fonction de gestion, qui est en effet exerc\u00e9e par l&rsquo;OTAN, en vue de forces arm\u00e9es europ\u00e9ennes, est en grande partie g\u00e9r\u00e9e par les Am\u00e9ricains\u00a0\u00bb.<\/p>\n<p class=\"mb-4 text-lg md:leading-8 break-words\">\u00ab\u00a0Cela signifie que changer seulement quelqu&rsquo;un au sommet n&rsquo;aiderait pas si les Am\u00e9ricains se retiraient vraiment successivement de l&rsquo;OTAN, \u00e9galement en ce qui concerne leur personnel\u00a0\u00bb, ajoute Masala. Il faudrait toujours un Etat capable de remplacer les Etats-Unis. Selon lui, il ne resterait que la Grande-Bretagne et l&rsquo;Allemagne.<\/p>\n<p class=\"mb-4 text-lg md:leading-8 break-words\">\u00ab\u00a0Mais au final, on peut dire que cette d\u00e9claration &#8211; ce souhait &#8211; est un peu un regard vers l&rsquo;avenir. Les Am\u00e9ricains vont r\u00e9duire leur engagement &#8211; je pense qu&rsquo;il faut s&rsquo;y attendre\u00a0\u00bb, a d\u00e9clar\u00e9 Masala.<\/p>\n<p class=\"mb-4 text-lg md:leading-8 break-words\">On ne s&rsquo;attend pas \u00e0 un retrait g\u00e9n\u00e9ral de l&rsquo;OTAN de la part des Etats-Unis, comme l&rsquo;a \u00e9galement appris Euronews de la part de cercles du minist\u00e8re lituanien de la D\u00e9fense. Les Etats-Unis continueraient \u00e0 avoir besoin de l&rsquo;influence globale, dit-on. La pression sur l&rsquo;Europe pour qu&rsquo;elle en fasse plus pour sa d\u00e9fense reste n\u00e9anmoins intacte.<\/p>\n","protected":false},"excerpt":{"rendered":"L&rsquo;ambassadeur am\u00e9ricain aupr\u00e8s de l&rsquo;OTAN, Matthew Whitaker, a exprim\u00e9 un souhait lors de la conf\u00e9rence de Berlin sur&hellip;\n","protected":false},"author":2,"featured_media":560151,"comment_status":"","ping_status":"","sticky":false,"template":"","format":"standard","meta":{"footnotes":""},"categories":[1587],"tags":[11,672,1804,67708,1805,1803,73,1777,674,1801,67707,41132,22323,12,1802],"class_list":{"0":"post-560150","1":"post","2":"type-post","3":"status-publish","4":"format-standard","5":"has-post-thumbnail","7":"category-allemagne","8":"tag-actualites","9":"tag-allemagne","10":"tag-bundesrepublik-deutschland","11":"tag-conference-de-berlin","12":"tag-de","13":"tag-deutschland","14":"tag-etats-unis","15":"tag-eu","16":"tag-europe","17":"tag-germany","18":"tag-lotan-et-la-russie","19":"tag-l39allemagne","20":"tag-matthew-whitaker","21":"tag-news","22":"tag-republique-federale-dallemagne"},"share_on_mastodon":{"url":"https:\/\/pubeurope.com\/@fr\/115616503790119898","error":""},"_links":{"self":[{"href":"https:\/\/www.europesays.com\/fr\/wp-json\/wp\/v2\/posts\/560150","targetHints":{"allow":["GET"]}}],"collection":[{"href":"https:\/\/www.europesays.com\/fr\/wp-json\/wp\/v2\/posts"}],"about":[{"href":"https:\/\/www.europesays.com\/fr\/wp-json\/wp\/v2\/types\/post"}],"author":[{"embeddable":true,"href":"https:\/\/www.europesays.com\/fr\/wp-json\/wp\/v2\/users\/2"}],"replies":[{"embeddable":true,"href":"https:\/\/www.europesays.com\/fr\/wp-json\/wp\/v2\/comments?post=560150"}],"version-history":[{"count":0,"href":"https:\/\/www.europesays.com\/fr\/wp-json\/wp\/v2\/posts\/560150\/revisions"}],"wp:featuredmedia":[{"embeddable":true,"href":"https:\/\/www.europesays.com\/fr\/wp-json\/wp\/v2\/media\/560151"}],"wp:attachment":[{"href":"https:\/\/www.europesays.com\/fr\/wp-json\/wp\/v2\/media?parent=560150"}],"wp:term":[{"taxonomy":"category","embeddable":true,"href":"https:\/\/www.europesays.com\/fr\/wp-json\/wp\/v2\/categories?post=560150"},{"taxonomy":"post_tag","embeddable":true,"href":"https:\/\/www.europesays.com\/fr\/wp-json\/wp\/v2\/tags?post=560150"}],"curies":[{"name":"wp","href":"https:\/\/api.w.org\/{rel}","templated":true}]}}