{"id":560154,"date":"2025-11-26T14:37:17","date_gmt":"2025-11-26T14:37:17","guid":{"rendered":"https:\/\/www.europesays.com\/fr\/560154\/"},"modified":"2025-11-26T14:37:17","modified_gmt":"2025-11-26T14:37:17","slug":"shein-fait-face-a-des-accusations-de-risque-systemique-au-sein-de-lunion-europeenne","status":"publish","type":"post","link":"https:\/\/www.europesays.com\/fr\/560154\/","title":{"rendered":"Shein fait face \u00e0 des accusations de risque syst\u00e9mique au sein de l\u2019Union europ\u00e9enne"},"content":{"rendered":"<p>Publi\u00e926. novembre 2025, 15:22<\/p>\n<p>Bruxelles: Apr\u00e8s la France, Shein dans le collimateur de l\u2019Union europ\u00e9enne<\/p>\n<p>Le scandale des poup\u00e9es p\u00e9dopornographiques prend de l&rsquo;ampleur, avec les soup\u00e7ons de Bruxelles, quant \u00e0 \u00abun risque syst\u00e9mique\u00bb encouru par les consommateurs.<\/p>\n<p><img loading=\"lazy\" decoding=\"async\" src=\"https:\/\/www.europesays.com\/fr\/wp-content\/uploads\/2025\/11\/7ced0a2e-277e-4779-8e16-58fe18102b54.jpg\" alt=\"Le scandale des poup\u00e9es et des armes vendues en ligne fait tache d'huile...\" title=\"Le scandale des poup\u00e9es et des armes vendues en ligne fait tache d'huile...\"  width=\"1200\" height=\"800\"\/><\/p>\n<p>Le scandale des poup\u00e9es et des armes vendues en ligne fait tache d&rsquo;huile&#8230;<\/p>\n<p>AFP<\/p>\n<p>D\u00e9j\u00e0 dans la tourmente en France, Shein est d\u00e9sormais dans le collimateur de l\u2019UE: Bruxelles soup\u00e7onne le g\u00e9ant du e-commerce de faire courir un \u00abrisque syst\u00e9mique\u00bb aux consommateurs, notamment avec ses poup\u00e9es p\u00e9dopornographiques, tandis que les eurod\u00e9put\u00e9s veulent faciliter la suspension de certaines plateformes.<\/p>\n<p>\u00abApr\u00e8s la vente de produits ill\u00e9gaux en France et plusieurs rapports publics, la Commission soup\u00e7onne que la plateforme de Shein puisse pr\u00e9senter un risque syst\u00e9mique pour les consommateurs dans toute l\u2019Union europ\u00e9enne\u00bb, a annonc\u00e9 mercredi, l\u2019ex\u00e9cutif europ\u00e9en.<\/p>\n<p>\u00abLa Commission demande d\u00e9sormais formellement \u00e0 la plateforme des informations pr\u00e9cises et des documents internes sur la mani\u00e8re dont elle s\u2019assure que les mineurs ne sont pas expos\u00e9s \u00e0 des contenus inappropri\u00e9s pour leur \u00e2ge, en particulier via des mesures de v\u00e9rification d\u2019\u00e2ge, et comment elle emp\u00eache la diffusion de produits ill\u00e9gaux\u00bb via son syst\u00e8me de vente, a pr\u00e9cis\u00e9 Bruxelles.<\/p>\n<p>Protection des utilisateurs du site<\/p>\n<p>La Commission a adress\u00e9 ces demandes \u00e0 Shein dans le cadre du DSA (Digital services act), le r\u00e8glement europ\u00e9en sur les contenus en ligne qui oblige les tr\u00e8s grandes plateformes \u00e0 prendre des mesures renforc\u00e9es pour prot\u00e9ger leurs utilisateurs contre les contenus ill\u00e9gaux et dangereux.<\/p>\n<p>Shein, fond\u00e9e en Chine en 2012, mais d\u00e9sormais bas\u00e9e \u00e0 Singapour, avait \u00e9t\u00e9 d\u00e9sign\u00e9e en avril 2024 comme faisant partie des plateformes soumises \u00e0 ces r\u00e8gles. Parall\u00e8lement, les eurod\u00e9put\u00e9s ont appel\u00e9 mercredi \u00e0 suspendre plus rapidement les plateformes de e-commerce en cas de violation grave du droit de l\u2019UE.<\/p>\n<p>Dans une r\u00e9solution non contraignante adopt\u00e9e mercredi \u00e0 Strasbourg, ils demandent \u00abinstamment qu\u2019il soit plus simple et plus rapide\u00bb de recourir \u00e0 \u00abla suspension temporaire de l\u2019activit\u00e9 des places de march\u00e9 en ligne en cas de violations syst\u00e9miques, graves ou r\u00e9p\u00e9t\u00e9es du droit de l\u2019Union, comme dans l\u2019affaire Shein en France\u00bb. \u00abLa suspension des places de march\u00e9 en ligne ne devrait plus \u00eatre consid\u00e9r\u00e9e comme une mesure exceptionnelle prise en dernier recours\u00bb, plaident-ils.<\/p>\n<p>\u00abUn syst\u00e8me d\u00e9faillant\u00bb<\/p>\n<p>En outre, ils estiment que les faits reproch\u00e9s \u00e0 Shein \u00abt\u00e9moignent non pas de l\u2019existence d\u2019incidents isol\u00e9s, mais d\u2019un syst\u00e8me d\u00e9faillant auquel il n\u2019est pas possible de rem\u00e9dier par le simple retrait d\u2019un produit ou des excuses publiques\u00bb. Le groupe Shein est au c\u0153ur d\u2019un scandale en France et en Europe, depuis la d\u00e9couverte, fin octobre, de poup\u00e9es sexuelles d\u2019apparence enfantine et d\u2019armes de cat\u00e9gorie A sur son site.<\/p>\n<p>Le gouvernement fran\u00e7ais a multipli\u00e9 les proc\u00e9dures envers l\u2019entreprise pour obtenir la suspension de son site pour trois mois minimum, et a exhort\u00e9 l\u2019UE \u00e0 s\u00e9vir contre la plateforme. Mais une audience qui devait se tenir mercredi, \u00e0 ce sujet, devant le tribunal judiciaire de Paris, a \u00e9t\u00e9 renvoy\u00e9e au 5 d\u00e9cembre, sur demande de l\u2019avocat de l\u2019\u00c9tat, qui a regrett\u00e9 avoir re\u00e7u tardivement les arguments de d\u00e9fense de Shein.<\/p>\n<p>La France veut en outre enclencher \u00abdans les prochains jours\u00bb la m\u00eame proc\u00e9dure de suspension envers deux autres plateformes, AliExpress et Joom, \u00e9galement en raison de la vente de poup\u00e9es p\u00e9dopornographiques. Le gouvernement a \u00e9galement signal\u00e9 \u00e0 la justice les plateformes eBay, Temu et Wish, pour la vente de produits ill\u00e9gaux.<\/p>\n<p>Curieux de d\u00e9couvrir qui fait l&rsquo;actu \u00e0 L&rsquo;essentiel? Rejoins-nous sur le r\u00e9seau business n\u00b0 1 au Luxembourg!<\/p>\n<p>(afp\/rk)<\/p>\n","protected":false},"excerpt":{"rendered":"Publi\u00e926. novembre 2025, 15:22 Bruxelles: Apr\u00e8s la France, Shein dans le collimateur de l\u2019Union europ\u00e9enne Le scandale des&hellip;\n","protected":false},"author":2,"featured_media":560155,"comment_status":"","ping_status":"","sticky":false,"template":"","format":"standard","meta":{"footnotes":""},"categories":[1586],"tags":[11,1777,674,1779,1011,27,12,25,1778,364],"class_list":{"0":"post-560154","1":"post","2":"type-post","3":"status-publish","4":"format-standard","5":"has-post-thumbnail","7":"category-europe","8":"tag-actualites","9":"tag-eu","10":"tag-europe","11":"tag-european-union","12":"tag-fr","13":"tag-france","14":"tag-news","15":"tag-republique-francaise","16":"tag-ue","17":"tag-union-europeenne"},"share_on_mastodon":{"url":"https:\/\/pubeurope.com\/@fr\/115616511644984340","error":""},"_links":{"self":[{"href":"https:\/\/www.europesays.com\/fr\/wp-json\/wp\/v2\/posts\/560154","targetHints":{"allow":["GET"]}}],"collection":[{"href":"https:\/\/www.europesays.com\/fr\/wp-json\/wp\/v2\/posts"}],"about":[{"href":"https:\/\/www.europesays.com\/fr\/wp-json\/wp\/v2\/types\/post"}],"author":[{"embeddable":true,"href":"https:\/\/www.europesays.com\/fr\/wp-json\/wp\/v2\/users\/2"}],"replies":[{"embeddable":true,"href":"https:\/\/www.europesays.com\/fr\/wp-json\/wp\/v2\/comments?post=560154"}],"version-history":[{"count":0,"href":"https:\/\/www.europesays.com\/fr\/wp-json\/wp\/v2\/posts\/560154\/revisions"}],"wp:featuredmedia":[{"embeddable":true,"href":"https:\/\/www.europesays.com\/fr\/wp-json\/wp\/v2\/media\/560155"}],"wp:attachment":[{"href":"https:\/\/www.europesays.com\/fr\/wp-json\/wp\/v2\/media?parent=560154"}],"wp:term":[{"taxonomy":"category","embeddable":true,"href":"https:\/\/www.europesays.com\/fr\/wp-json\/wp\/v2\/categories?post=560154"},{"taxonomy":"post_tag","embeddable":true,"href":"https:\/\/www.europesays.com\/fr\/wp-json\/wp\/v2\/tags?post=560154"}],"curies":[{"name":"wp","href":"https:\/\/api.w.org\/{rel}","templated":true}]}}