{"id":560156,"date":"2025-11-26T14:38:19","date_gmt":"2025-11-26T14:38:19","guid":{"rendered":"https:\/\/www.europesays.com\/fr\/560156\/"},"modified":"2025-11-26T14:38:19","modified_gmt":"2025-11-26T14:38:19","slug":"nicolas-sarkozy-definitivement-condamne-dans-laffaire-bygmalion-liberation","status":"publish","type":"post","link":"https:\/\/www.europesays.com\/fr\/560156\/","title":{"rendered":"Nicolas Sarkozy d\u00e9finitivement condamn\u00e9 dans l\u2019affaire Bygmalion \u2013 Lib\u00e9ration"},"content":{"rendered":"<p class=\"sc-cPiKLX AiZTS text-element\">Peut-\u00eatre que Nicolas Sarkozy aurait d\u00fb attendre un petit peu avant de rendre le manuscrit de son <a href=\"https:\/\/www.liberation.fr\/politique\/le-journal-dun-prisonnier-nicolas-sarkozy-annonce-la-sortie-de-son-nouveau-livre-20251121_FJGDAXSLHBHJ7DUKRVDBMHN3MM\/\" target=\"_blank\" rel=\"noreferrer noopener\" title=\"https:\/\/www.liberation.fr\/politique\/le-journal-dun-prisonnier-nicolas-sarkozy-annonce-la-sortie-de-son-nouveau-livre-20251121_FJGDAXSLHBHJ7DUKRVDBMHN3MM\/\">Journal d\u2019un prisonnier<\/a>. Apr\u00e8s les vingt jours de prison qu\u2019il a purg\u00e9s dans l\u2019affaire libyenne, c\u2019est d\u00e9sormais <a href=\"https:\/\/www.liberation.fr\/societe\/police-justice\/affaire-bygmalion-vers-un-nouveau-bracelet-electronique-pour-nicolas-sarkozy-20251125_YMXKSGQNQJCNVJVWRSBKCYR3TQ\/?redirected=1\" target=\"_blank\" rel=\"noreferrer noopener\" title=\"https:\/\/www.liberation.fr\/societe\/police-justice\/affaire-bygmalion-vers-un-nouveau-bracelet-electronique-pour-nicolas-sarkozy-20251125_YMXKSGQNQJCNVJVWRSBKCYR3TQ\/?redirected=1\">le retour du bracelet \u00e9lectronique<\/a> : la Cour de cassation a confirm\u00e9 ce mercredi 26 novembre la condamnation de l\u2019ancien pr\u00e9sident de la R\u00e9publique dans l\u2019affaire Bygmalion. Dans la foul\u00e9e, il a indiqu\u00e9 \u00e0 l\u2019AFP prendre \u00abacte\u00bb du rejet de son recours. Ses avocats ont \u00e9galement fait part \u00e0 RTL de leur intention de \u00abr\u00e9fl\u00e9chir avec [leur] client sur l\u2019opportunit\u00e9 de porter le litige devant la Cour europ\u00e9enne des droits de l\u2019homme\u00bb.<\/p>\n<p class=\"sc-cPiKLX sc-crhfPb ka-DgwP kxwMat\">Le billet de Thomas Legrand<\/p>\n<p class=\"sc-cPiKLX AiZTS text-element\">Pass\u00e9e au second plan avec <a href=\"https:\/\/www.liberation.fr\/societe\/police-justice\/condamnation-de-sarkozy-face-aux-attaques-les-contre-verites-sur-son-jugement-demystifiees-20250926_BAMVPPLOENGU5CQSBMATKW3ICI\/\" target=\"_blank\" rel=\"noreferrer noopener\" title=\"https:\/\/www.liberation.fr\/societe\/police-justice\/condamnation-de-sarkozy-face-aux-attaques-les-contre-verites-sur-son-jugement-demystifiees-20250926_BAMVPPLOENGU5CQSBMATKW3ICI\/\">l\u2019incarc\u00e9ration de l\u2019ancien chef de l\u2019Etat<\/a> \u00e0 la prison parisienne de la Sant\u00e9, cette proc\u00e9dure en cassation, qui a suspendu la peine prononc\u00e9e \u00e0 son encontre, est l\u2019ultime recours en droit fran\u00e7ais dans ce dossier, dans lequel les investigations ont r\u00e9v\u00e9l\u00e9 que, pour masquer l\u2019explosion des d\u00e9penses de sa campagne \u2013 pr\u00e8s de 43 millions d\u2019euros pour un maximum autoris\u00e9 de 22,5 millions \u2013, un syst\u00e8me de double facturation avait \u00e9t\u00e9 mis en place imputant \u00e0 l\u2019UMP (devenue LR), sous couvert de conventions fictives, une grosse partie du co\u00fbt des meetings.<\/p>\n<p class=\"sc-cPiKLX AiZTS text-element\">Contrairement \u00e0 ses copr\u00e9venus, l\u2019ex-chef de l\u2019Etat n\u2019\u00e9tait pas mis en cause pour ce syst\u00e8me de fausses factures mais comme b\u00e9n\u00e9ficiaire, en tant que candidat, d\u2019un financement politique ill\u00e9gal. En premi\u00e8re instance comme en appel, Nicolas Sarkozy a contest\u00e9 \u00abvigoureusement toute responsabilit\u00e9 p\u00e9nale\u00bb, d\u00e9non\u00e7ant \u00abfables\u00bb et \u00abmensonges\u00bb.<\/p>\n<p class=\"sc-cPiKLX AiZTS text-element\">Sa peine en appel, dont la cour avait ordonn\u00e9 l\u2019am\u00e9nagement pour la partie ferme (bracelet \u00e9lectronique, semi-libert\u00e9\u2026), \u00e9tait l\u00e9g\u00e8rement inf\u00e9rieure \u00e0 celle <a href=\"https:\/\/www.liberation.fr\/societe\/police-justice\/sarkozy-declare-coupable-de-financement-illegal-de-sa-campagne-de-2012-dans-laffaire-bygmalion-20210930_TMWJSOIWPRC35MUCC6J7G27Y5I\/\" target=\"_blank\" rel=\"noreferrer noopener\" title=\"https:\/\/www.liberation.fr\/societe\/police-justice\/sarkozy-declare-coupable-de-financement-illegal-de-sa-campagne-de-2012-dans-laffaire-bygmalion-20210930_TMWJSOIWPRC35MUCC6J7G27Y5I\/\">d\u2019un an d\u2019emprisonnement ferme<\/a> prononc\u00e9e en premi\u00e8re instance en 2021. Trois <a href=\"https:\/\/www.liberation.fr\/societe\/police-justice\/qui-sont-les-autres-condamnes-dans-laffaire-bygmalion-20210930_ONMDR7FCKNG77HK5ESKXX23RVA\/\" target=\"_blank\" rel=\"noreferrer noopener\" title=\"https:\/\/www.liberation.fr\/societe\/police-justice\/qui-sont-les-autres-condamnes-dans-laffaire-bygmalion-20210930_ONMDR7FCKNG77HK5ESKXX23RVA\/\">des dix condamn\u00e9s<\/a> en appel du proc\u00e8s Bygmalion se sont joints au pourvoi : le directeur de campagne, Guillaume Lambert, et les ex-cadres de l\u2019UMP Eric Cesari et Pierre Chassat.<\/p>\n<p class=\"sc-cPiKLX AiZTS text-element\">Les bracelets \u00e9lectroniques, l\u2019ex-chef de l\u2019Etat conna\u00eet, pour en avoir d\u00e9j\u00e0 arbor\u00e9 un \u2013 discr\u00e8tement, \u00e0 la cheville \u2013 apr\u00e8s sa condamnation d\u00e9finitive dans l\u2019affaire dite Bismuth des <a href=\"https:\/\/www.liberation.fr\/societe\/police-justice\/affaires-bismuth-bygmalion-financement-libyen-la-batterie-de-casseroles-de-nicolas-sarkozy-20250924_4EH25DAW7JDOPJW4QZWP6GQIQU\/\" target=\"_blank\" rel=\"noopener\" title=\"https:\/\/www.liberation.fr\/societe\/police-justice\/affaires-bismuth-bygmalion-financement-libyen-la-batterie-de-casseroles-de-nicolas-sarkozy-20250924_4EH25DAW7JDOPJW4QZWP6GQIQU\/\">\u00e9coutes t\u00e9l\u00e9phoniques<\/a> en d\u00e9cembre 2024, apr\u00e8s le rejet d\u2019un premier pourvoi en cassation\u2026 C\u2019est ainsi affubl\u00e9 qu\u2019il avait \u00e9t\u00e9 jug\u00e9 au printemps 2025 lors du proc\u00e8s de <a href=\"https:\/\/www.liberation.fr\/societe\/police-justice\/proces-du-financement-libyen-lancien-president-de-la-republique-nicolas-sarkozy-reconnu-coupable-dassociation-de-malfaiteurs-20250925_XBFA2EH57BD2LPZ425EDRZG3OE\/\" target=\"_blank\" rel=\"noopener\" title=\"https:\/\/www.liberation.fr\/societe\/police-justice\/proces-du-financement-libyen-lancien-president-de-la-republique-nicolas-sarkozy-reconnu-coupable-dassociation-de-malfaiteurs-20250925_XBFA2EH57BD2LPZ425EDRZG3OE\/\">l\u2019affaire libyenne<\/a>, visant cette fois le financement de sa premi\u00e8re campagne pr\u00e9sidentielle en 2007. Il en arborera donc un autre <a href=\"https:\/\/www.liberation.fr\/societe\/police-justice\/affaire-du-financement-libyen-nicolas-sarkozy-juge-en-appel-du-16-mars-au-3-juin-20251113_X3VZDY7N3JEGBMFGBQVKTO7MQY\/\" target=\"_blank\" rel=\"noreferrer noopener\" title=\"https:\/\/www.liberation.fr\/societe\/police-justice\/affaire-du-financement-libyen-nicolas-sarkozy-juge-en-appel-du-16-mars-au-3-juin-20251113_X3VZDY7N3JEGBMFGBQVKTO7MQY\/\">pour le proc\u00e8s en appel<\/a>, qui d\u00e9butera en mars 2026, apr\u00e8s sa condamnation \u00e0 cinq ans de prison ferme en septembre.<\/p>\n<p class=\"sc-cPiKLX AiZTS text-element\">Les avocats de Nicolas Sarkozy, Patrice Spinosi et Emmanuel Piwnica, ont r\u00e9agi dans la foul\u00e9e, via un communiqu\u00e9. \u00abNicolas Sarkozy prend acte du rejet de son recours comme il l\u2019a toujours fait des d\u00e9cisions rendues \u00e0 son encontre. Alors qu\u2019il a \u00e9t\u00e9 constat\u00e9 par la cour d\u2019appel qu\u2019il n\u2019a jamais eu personnellement connaissance du d\u00e9passement des frais de sa campagne en 2012 du fait du d\u00e9tournement par la soci\u00e9t\u00e9 Bygmalion, la Cour de cassation consid\u00e8re n\u00e9anmoins que sa seule qualit\u00e9 de candidat suffit pour qu\u2019il en soit p\u00e9nalement responsable.\u00bb<\/p>\n<p class=\"sc-cPiKLX AiZTS text-element\">\u00abNous disposions pourtant d\u2019un pr\u00e9c\u00e9dent favorable sur le sujet de l\u2019Assembl\u00e9e pl\u00e9ni\u00e8re de la Cour de cassation qui est la formation la plus solennelle de cette juridiction. La solution retenue contre Nicolas Sarkozy est donc une nouvelle fois in\u00e9dite\u00bb, ont estim\u00e9 Mes Spinosi et Piwnica.<\/p>\n<p class=\"sc-cPiKLX AiZTS text-element\"><b>Mise \u00e0 jour<\/b> \u00e0 15 h 05 avec la r\u00e9action des avocats de Nicolas Sarkozy<\/p>\n","protected":false},"excerpt":{"rendered":"Peut-\u00eatre que Nicolas Sarkozy aurait d\u00fb attendre un petit peu avant de rendre le manuscrit de son Journal&hellip;\n","protected":false},"author":2,"featured_media":560157,"comment_status":"","ping_status":"","sticky":false,"template":"","format":"standard","meta":{"footnotes":""},"categories":[2],"tags":[11,1011,27,12,3091,25,5062],"class_list":{"0":"post-560156","1":"post","2":"type-post","3":"status-publish","4":"format-standard","5":"has-post-thumbnail","7":"category-actualites","8":"tag-actualites","9":"tag-fr","10":"tag-france","11":"tag-news","12":"tag-nicolas-sarkozy","13":"tag-republique-francaise","14":"tag-sarkozy-face-a-la-justice"},"share_on_mastodon":{"url":"https:\/\/pubeurope.com\/@fr\/115616514402206317","error":""},"_links":{"self":[{"href":"https:\/\/www.europesays.com\/fr\/wp-json\/wp\/v2\/posts\/560156","targetHints":{"allow":["GET"]}}],"collection":[{"href":"https:\/\/www.europesays.com\/fr\/wp-json\/wp\/v2\/posts"}],"about":[{"href":"https:\/\/www.europesays.com\/fr\/wp-json\/wp\/v2\/types\/post"}],"author":[{"embeddable":true,"href":"https:\/\/www.europesays.com\/fr\/wp-json\/wp\/v2\/users\/2"}],"replies":[{"embeddable":true,"href":"https:\/\/www.europesays.com\/fr\/wp-json\/wp\/v2\/comments?post=560156"}],"version-history":[{"count":0,"href":"https:\/\/www.europesays.com\/fr\/wp-json\/wp\/v2\/posts\/560156\/revisions"}],"wp:featuredmedia":[{"embeddable":true,"href":"https:\/\/www.europesays.com\/fr\/wp-json\/wp\/v2\/media\/560157"}],"wp:attachment":[{"href":"https:\/\/www.europesays.com\/fr\/wp-json\/wp\/v2\/media?parent=560156"}],"wp:term":[{"taxonomy":"category","embeddable":true,"href":"https:\/\/www.europesays.com\/fr\/wp-json\/wp\/v2\/categories?post=560156"},{"taxonomy":"post_tag","embeddable":true,"href":"https:\/\/www.europesays.com\/fr\/wp-json\/wp\/v2\/tags?post=560156"}],"curies":[{"name":"wp","href":"https:\/\/api.w.org\/{rel}","templated":true}]}}