{"id":560166,"date":"2025-11-26T14:48:14","date_gmt":"2025-11-26T14:48:14","guid":{"rendered":"https:\/\/www.europesays.com\/fr\/560166\/"},"modified":"2025-11-26T14:48:14","modified_gmt":"2025-11-26T14:48:14","slug":"paul-seixas-le-message-dalerte","status":"publish","type":"post","link":"https:\/\/www.europesays.com\/fr\/560166\/","title":{"rendered":"Paul Seixas, le message d&rsquo;alerte"},"content":{"rendered":"<p><strong>\u00c0 19 ans, Paul Seixas est d\u00e9j\u00e0<br \/>\npr\u00e9sent\u00e9 comme la future star du cyclisme tricolore. Un engouement<br \/>\ng\u00e9n\u00e9ral qui inqui\u00e8te Romain Bardet.<\/strong><\/p>\n<p>Paul Seixas et Romain Bardet ont quelques points communs. Le<br \/>\npremier est de s\u2019\u00eatre r\u00e9v\u00e9l\u00e9s au sein d\u2019une m\u00eame formation, en<br \/>\nl\u2019occurrence AG2R La Mondiale. Le deuxi\u00e8me est li\u00e9 \u00e0 l\u2019attente<br \/>\nplac\u00e9e en eux par le public. Malgr\u00e9 une riche carri\u00e8re, Romain<br \/>\nBardet n\u2019a cependant pas atteint les sommets que certains le<br \/>\nvoyaient atteindre. D\u00e9sormais retrait\u00e9 du peloton, celui qui est<br \/>\nd\u00e9sormais pass\u00e9 au gravel a \u00e9voqu\u00e9 le cas de son cadet. Avec une<br \/>\ncertaine inqui\u00e9tude.<\/p>\n<p>Le vainqueur du maillot \u00e0 pois du Tour de France 2019 a livr\u00e9<br \/>\nson point de vue ce mercredi dans les colonnes de <a href=\"https:\/\/www.ouest-france.fr\/sport\/cyclisme\/romain-bardet\/cyclisme-un-emballement-qui-minquiete-un-petit-peu-comment-romain-bardet-percoit-lemergence-de-paul-seixas-4c841c84-caae-11f0-a0e6-83b9718ad3c0\" target=\"_blank\" rel=\"nofollow noopener\">Ouest-France<\/a>.<br \/>\nEt il s\u2019est tout de suite focalis\u00e9 sur la motivation \u00e0 long terme<br \/>\nde <a href=\"https:\/\/www.sports.fr\/cyclisme\/tour-de-france\/paul-seixas-au-tour-de-france-son-equipe-ny-croit-pas-968555.html\" target=\"_blank\" rel=\"noopener\"><br \/>\nPaul Seixas<\/a>. \u00ab\u00a0Bien loin de moi l\u2019id\u00e9e de donner des<br \/>\nconseils \u00e0 qui que ce soit, mais il faut envisager des plans de<br \/>\ncarri\u00e8re. Le plus dur en v\u00e9lo, c\u2019est de conserver cette<br \/>\ninsouciance.\u00a0\u00bb Romain Bardet en a alors appel\u00e9 au cas<br \/>\nd\u2019un r\u00e9cent quadruple vainqueur de la Grande Boucle.<\/p>\n<blockquote class=\"twitter-tweet\"><p><a class=\"twitter-link\" rel=\"noindex, nofollow noopener\" href=\"https:\/\/twitter.com\/sports_fr\/status\/1993647360979730657\" target=\"_blank\"><\/p><\/blockquote>\n<p>\u00ab\u00a0On le voit avec <a href=\"https:\/\/www.sports.fr\/cyclisme\/tadej-pogacar-la-mise-au-point-definitive-969726.html\" target=\"_blank\" rel=\"noopener\"><br \/>\nPogacar<\/a> et la lassitude qui s\u2019installe peut-\u00eatre sur le Tour de<br \/>\nFrance. Au-del\u00e0 de la pure performance physique et de la capacit\u00e9 \u00e0<br \/>\nprogresser chaque ann\u00e9e, c\u2019est garder ce flow int\u00e9rieur pour<br \/>\nenvisager que Paul atteigne les sommets auxquels il est<br \/>\npr\u00e9destin\u00e9.\u00a0\u00bb Le natif de Brioude a ajout\u00e9 un peu plus<br \/>\ngravement : \u00ab\u00a0Il y a un emballement qui m\u2019inqui\u00e8te un<br \/>\npetit peu.\u00a0\u00bb<\/p>\n<p>Paul Seixas sur le Tour de France 2026 ?<\/p>\n<p>Pour Romain Bardet, la chose la plus importante pour Paul Seixas<br \/>\nest \u00ab\u00a0de garder cette fra\u00eecheur au fil des ann\u00e9es pour<br \/>\narriver \u00e0 activer le physique \u00e0 c\u00f4t\u00e9\u00a0\u00bb. Champion du monde<br \/>\net de France du contre-la-montre chez les juniors en 2024, Paul<br \/>\nSeixas n\u2019a pas rat\u00e9 son passage chez les professionnels en 2025,<br \/>\nconfirmant les espoirs plac\u00e9s en lui. Il a notamment glan\u00e9 la<br \/>\nm\u00e9daille d\u2019argent du championnat du monde du contre-la-montre par<br \/>\n\u00e9quipes en relais mixte, mais surtout le bronze en individuel aux<br \/>\nChampionnats d\u2019Europe sur route.<\/p>\n<p>En 2026, une inconnue demeure concernant le coureur<br \/>\nD\u00e9cathlon-AG2R La Mondiale. Participera-t-il au Tour de France ?<br \/>\nUne r\u00e9ponse d\u00e9finitive pourrait intervenir d\u2019ici la fin de l\u2019ann\u00e9e<br \/>\n2025.<\/p>\n<p><script async src=\"https:\/\/platform.twitter.com\/widgets.js\" charset=\"utf-8\"><\/script><\/p>\n","protected":false},"excerpt":{"rendered":"\u00c0 19 ans, Paul Seixas est d\u00e9j\u00e0 pr\u00e9sent\u00e9 comme la future star du cyclisme tricolore. Un engouement g\u00e9n\u00e9ral&hellip;\n","protected":false},"author":2,"featured_media":560167,"comment_status":"","ping_status":"","sticky":false,"template":"","format":"standard","meta":{"footnotes":""},"categories":[1411],"tags":[1154,207,1011,27,60],"class_list":{"0":"post-560166","1":"post","2":"type-post","3":"status-publish","4":"format-standard","5":"has-post-thumbnail","7":"category-cyclisme","8":"tag-cycling","9":"tag-cyclisme","10":"tag-fr","11":"tag-france","12":"tag-sports"},"share_on_mastodon":{"url":"https:\/\/pubeurope.com\/@fr\/115616553713788997","error":""},"_links":{"self":[{"href":"https:\/\/www.europesays.com\/fr\/wp-json\/wp\/v2\/posts\/560166","targetHints":{"allow":["GET"]}}],"collection":[{"href":"https:\/\/www.europesays.com\/fr\/wp-json\/wp\/v2\/posts"}],"about":[{"href":"https:\/\/www.europesays.com\/fr\/wp-json\/wp\/v2\/types\/post"}],"author":[{"embeddable":true,"href":"https:\/\/www.europesays.com\/fr\/wp-json\/wp\/v2\/users\/2"}],"replies":[{"embeddable":true,"href":"https:\/\/www.europesays.com\/fr\/wp-json\/wp\/v2\/comments?post=560166"}],"version-history":[{"count":0,"href":"https:\/\/www.europesays.com\/fr\/wp-json\/wp\/v2\/posts\/560166\/revisions"}],"wp:featuredmedia":[{"embeddable":true,"href":"https:\/\/www.europesays.com\/fr\/wp-json\/wp\/v2\/media\/560167"}],"wp:attachment":[{"href":"https:\/\/www.europesays.com\/fr\/wp-json\/wp\/v2\/media?parent=560166"}],"wp:term":[{"taxonomy":"category","embeddable":true,"href":"https:\/\/www.europesays.com\/fr\/wp-json\/wp\/v2\/categories?post=560166"},{"taxonomy":"post_tag","embeddable":true,"href":"https:\/\/www.europesays.com\/fr\/wp-json\/wp\/v2\/tags?post=560166"}],"curies":[{"name":"wp","href":"https:\/\/api.w.org\/{rel}","templated":true}]}}