{"id":560172,"date":"2025-11-26T14:51:12","date_gmt":"2025-11-26T14:51:12","guid":{"rendered":"https:\/\/www.europesays.com\/fr\/560172\/"},"modified":"2025-11-26T14:51:12","modified_gmt":"2025-11-26T14:51:12","slug":"lenfant-et-ses-jouets-un-chef-doeuvre-inconnu-de-renoir-a-ete-vendu-18-million-deuros-aux-encheres","status":"publish","type":"post","link":"https:\/\/www.europesays.com\/fr\/560172\/","title":{"rendered":"\u00ab\u00a0L\u2019Enfant et ses jouets\u00a0\u00bb, un chef-d\u2019\u0153uvre inconnu de Renoir, a \u00e9t\u00e9 vendu 1,8\u00a0million d\u2019euros aux ench\u00e8res"},"content":{"rendered":"<p>Il a chang\u00e9 de main\u00a0: le tableau L\u2019enfant et ses jouets d\u2019<a href=\"https:\/\/www.20minutes.fr\/culture\/4011037-20221121-intelligence-artificielle-authentifie-tableau-auguste-renoir\" class=\"c-link c-link--is-underlined\" target=\"_blank\" rel=\"noopener\">Auguste Renoir<\/a>, qui repr\u00e9sente son fils \u2013 <a href=\"https:\/\/www.20minutes.fr\/nantes\/1175527-20130618-revoir-tout-jean-renoir\" class=\"c-link c-link--is-underlined\" target=\"_blank\" rel=\"noopener\">le futur cin\u00e9aste Jean Renoir<\/a> \u2013 et sa nourrice, a \u00e9t\u00e9 vendu mardi 25\u00a0novembre 2025 1,8\u00a0millions d\u2019euros (frais compris) aux ench\u00e8res \u00e0 l\u2019<a href=\"https:\/\/www.20minutes.fr\/dossier\/drouot\" class=\"c-link c-link--is-underlined\" target=\"_blank\" rel=\"noopener\">H\u00f4tel Drouot<\/a> \u00e0 Paris, a indiqu\u00e9 la maison de ventes \u00e0 l\u2019AFP.<\/p>\n<\/p>\n<p>La toile, qui \u00e9tait estim\u00e9e entre 1 et 1,5\u00a0million d\u2019euros et n\u2019avait jamais \u00e9t\u00e9 expos\u00e9e ni vendue, a \u00e9t\u00e9 acquise par \u00ab\u00a0un acheteur international\u00a0\u00bb, a pr\u00e9cis\u00e9 Drouot. Peinte avant\u00a01910, elle \u00e9tait conserv\u00e9e depuis toujours par la famille de Jeanne Baudot, amie et unique \u00e9l\u00e8ve du ma\u00eetre fran\u00e7ais, \u00e0 qui il l\u2019avait offerte.<\/p>\n<p>\u00ab\u00a0Ce tableau repr\u00e9sente tout ce qu\u2019il est possible de vouloir pour un Renoir\u00a0\u00bb, a comment\u00e9 Pascal Perrin, historien d\u2019<a href=\"https:\/\/www.20minutes.fr\/dossier\/art\" class=\"c-link c-link--is-underlined\" target=\"_blank\" rel=\"noopener\">art<\/a> et sp\u00e9cialiste du peintre, en pr\u00e9sentant la toile.<\/p>\n<p>Petit mod\u00e8le deviendra grand cin\u00e9aste<\/p>\n<p>L\u2019enfant et ses jouets &#8211; Gabrielle et le fils de l\u2019artiste, Jean montre le tout jeune deuxi\u00e8me fils du peintre \u2013 qui a eu cinq enfants \u2013, futur r\u00e9alisateur de <a href=\"https:\/\/www.20minutes.fr\/toulouse\/855178-20120109-grande-illusion-fait-peau-neuve\" class=\"c-link c-link--is-underlined\" target=\"_blank\" rel=\"noopener\">La grande illusion<\/a> (1937) et de Partie de campagne (1936), assis sur les genoux de sa nourrice Gabrielle Renard, en train de jouer avec des figurines de personnage et d\u2019animaux.<\/p>\n<p>Pascal Perrin a soulign\u00e9 \u00ab\u00a0l\u2019\u00e9tat exceptionnel de l\u2019\u0153uvre, qui n\u2019a subi aucune restauration\u00a0\u00bb. La toile \u00ab\u00a0est un parfait exemple de la ma\u00eetrise du peintre en pleine maturit\u00e9\u00a0\u00bb, dans lequel \u00ab\u00a0nous retrouvons tout son amour pour les sc\u00e8nes intimes, la repr\u00e9sentation d\u2019un enfant, d\u2019un moment vol\u00e9 le temps d\u2019une apr\u00e8s-midi au c\u0153ur m\u00eame de sa famille\u00a0\u00bb.<\/p>\n<p>Deux autres versions existent<\/p>\n<p>C\u2019est \u00ab\u00a0un <a href=\"https:\/\/www.20minutes.fr\/dossier\/oeuvre_d_art\" class=\"c-link c-link--is-underlined\" target=\"_blank\" rel=\"noopener\">chef-d\u2019\u0153uvre<\/a> inconnu jusqu\u2019alors des sp\u00e9cialistes, du public et du march\u00e9 de l\u2019art\u00a0\u00bb, souligne dans le catalogue le commissaire-priseur charg\u00e9 de sa vente, Christophe Joron-Derem.<\/p>\n<p>Auguste Renoir (1841-1919) a r\u00e9alis\u00e9 trois versions de cette sc\u00e8ne. Les deux autres sont conserv\u00e9es \u00e0 la National Gallery of Art de <a href=\"https:\/\/www.20minutes.fr\/dossier\/washington\" class=\"c-link c-link--is-underlined\" target=\"_blank\" rel=\"noopener\">Washington<\/a> et au mus\u00e9e de l\u2019<a href=\"https:\/\/www.20minutes.fr\/arts-stars\/culture\/3009359-20210329-nom-valery-giscard-estaing-accole-musees-orsay-orangerie\" class=\"c-link c-link--is-underlined\" target=\"_blank\" rel=\"noopener\">Orangerie \u00e0 Paris<\/a>. Le tableau vendu mardi \u00e9tait, jusqu\u2019alors, rest\u00e9 dans la sph\u00e8re priv\u00e9e.<\/p>\n<p>Entre de bonnes mains<\/p>\n<p>Jeanne Baudot, la marraine de Jean Renoir, a conserv\u00e9 la toile jusqu\u2019\u00e0 sa mort en\u00a01957 puis l\u2019a l\u00e9gu\u00e9e \u00e0 Jean Griot, fils de sa gouvernante qu\u2019elle consid\u00e9rait comme le sien et <a href=\"https:\/\/www.20minutes.fr\/dossier\/resistance\" class=\"c-link c-link--is-underlined\" target=\"_blank\" rel=\"noopener\">r\u00e9sistant<\/a>, qui fit partie du cabinet du g\u00e9n\u00e9ral <a href=\"https:\/\/www.20minutes.fr\/dossier\/charles_de_gaulle\" class=\"c-link c-link--is-underlined\" target=\"_blank\" rel=\"noopener\">de Gaulle<\/a> pendant la <a href=\"https:\/\/www.20minutes.fr\/dossier\/seconde_guerre_mondiale\" class=\"c-link c-link--is-underlined\" target=\"_blank\" rel=\"noopener\">Seconde Guerre mondiale<\/a> et dirigea le Figaro dans les ann\u00e9es\u00a01970. Apr\u00e8s sa mort, en\u00a02011, la toile a \u00e9t\u00e9 conserv\u00e9e par ses h\u00e9ritiers.<\/p>\n<p><a href=\"https:\/\/www.20minutes.fr\/dossier\/tableaux\" class=\"c-link c-btn c-btn--primary\" target=\"_blank\" rel=\"noopener\">Notre dossier \u00ab Tableaux \u00bb<\/a><\/p>\n<p>Auguste Renoir a peint des dizaines de portraits de ses enfants. Gabrielle Renard, qui s\u2019est occup\u00e9e d\u2019eux pendant une vingtaine d\u2019ann\u00e9es, \u00e9tait aussi l\u2019un de ses mod\u00e8les privil\u00e9gi\u00e9s et appara\u00eet dans pr\u00e8s de 200 de ses \u0153uvres.<\/p>\n","protected":false},"excerpt":{"rendered":"Il a chang\u00e9 de main\u00a0: le tableau L\u2019enfant et ses jouets d\u2019Auguste Renoir, qui repr\u00e9sente son fils \u2013&hellip;\n","protected":false},"author":2,"featured_media":560173,"comment_status":"","ping_status":"","sticky":false,"template":"","format":"standard","meta":{"footnotes":""},"categories":[1358],"tags":[3734,1348,1384,1385,251,1386,58,53182,13677,59,1011,27,21832,1585,935,20898,133],"class_list":{"0":"post-560172","1":"post","2":"type-post","3":"status-publish","4":"format-standard","5":"has-post-thumbnail","7":"category-arts-et-design","8":"tag-art","9":"tag-arts","10":"tag-arts-and-design","11":"tag-arts-et-design","12":"tag-culture","13":"tag-design","14":"tag-divertissement","15":"tag-drouot","16":"tag-encheres","17":"tag-entertainment","18":"tag-fr","19":"tag-france","20":"tag-oeuvre-dart","21":"tag-peinture","22":"tag-seconde-guerre-mondiale","23":"tag-ventes-aux-encheres","24":"tag-video"},"share_on_mastodon":{"url":"https:\/\/pubeurope.com\/@fr\/115616565372883245","error":""},"_links":{"self":[{"href":"https:\/\/www.europesays.com\/fr\/wp-json\/wp\/v2\/posts\/560172","targetHints":{"allow":["GET"]}}],"collection":[{"href":"https:\/\/www.europesays.com\/fr\/wp-json\/wp\/v2\/posts"}],"about":[{"href":"https:\/\/www.europesays.com\/fr\/wp-json\/wp\/v2\/types\/post"}],"author":[{"embeddable":true,"href":"https:\/\/www.europesays.com\/fr\/wp-json\/wp\/v2\/users\/2"}],"replies":[{"embeddable":true,"href":"https:\/\/www.europesays.com\/fr\/wp-json\/wp\/v2\/comments?post=560172"}],"version-history":[{"count":0,"href":"https:\/\/www.europesays.com\/fr\/wp-json\/wp\/v2\/posts\/560172\/revisions"}],"wp:featuredmedia":[{"embeddable":true,"href":"https:\/\/www.europesays.com\/fr\/wp-json\/wp\/v2\/media\/560173"}],"wp:attachment":[{"href":"https:\/\/www.europesays.com\/fr\/wp-json\/wp\/v2\/media?parent=560172"}],"wp:term":[{"taxonomy":"category","embeddable":true,"href":"https:\/\/www.europesays.com\/fr\/wp-json\/wp\/v2\/categories?post=560172"},{"taxonomy":"post_tag","embeddable":true,"href":"https:\/\/www.europesays.com\/fr\/wp-json\/wp\/v2\/tags?post=560172"}],"curies":[{"name":"wp","href":"https:\/\/api.w.org\/{rel}","templated":true}]}}