{"id":560176,"date":"2025-11-26T14:54:12","date_gmt":"2025-11-26T14:54:12","guid":{"rendered":"https:\/\/www.europesays.com\/fr\/560176\/"},"modified":"2025-11-26T14:54:12","modified_gmt":"2025-11-26T14:54:12","slug":"alain-souchon-face-au-rn-une-nomenklatura-declinante-qui-regrette-le-monde-ancien","status":"publish","type":"post","link":"https:\/\/www.europesays.com\/fr\/560176\/","title":{"rendered":"\u00abAlain Souchon face au RN, une nomenklatura d\u00e9clinante qui regrette le monde ancien\u00bb"},"content":{"rendered":"<p>\n    <strong>LA MINUTE PHILO &#8211;<\/strong> Quand on fut longtemps l\u2019un des chantres de la doxa, on ne peut que d\u00e9plorer son h\u00e9g\u00e9monie finissante.<\/p>\n<p class=\"fig-paragraph\">Les paniques morales d\u2019une id\u00e9ologie dominante mise \u00e0 mal sont toujours divertissantes. Elles s\u2019expriment souvent par les bouches d\u2019une nomenklatura d\u00e9clinante, boulevers\u00e9e de voir et d\u2019ou\u00efr sa domination intellectuelle et morale remise en cause.<\/p>\n<p class=\"fig-paragraph\">C\u2019est ainsi que l\u2019on put r\u00e9cemment entendre sur\u00a0<a href=\"http:\/\/www.lefigaro.fr\/musique\/le-rn-au-pouvoir-en-2027-je-ne-crois-pas-les-francais-assez-cons-lance-alain-souchon-20251115\" data-fig-type=\"Article\" data-gtm-custom-categorie=\"navigation\" data-gtm-custom-action=\"crossclick\" data-gtm-custom-label=\"Contextuel\" data-gtm-event=\"customEventSPE\" data-fig-domain=\"LEFIGARO\" target=\"_blank\" rel=\"noopener\">RTL Alain Souchon<\/a>, rimailleur vieillissant, \u00e9mu par la possible accession\u00a0<a href=\"http:\/\/tvmag.lefigaro.fr\/programme-tv\/people\/des-neonazis-et-des-collabos-quand-samuel-etienne-raconte-les-origines-du-rn-sur-les-reseaux-20251117\" data-fig-type=\"Article\" data-gtm-custom-categorie=\"navigation\" data-gtm-custom-action=\"crossclick\" data-gtm-custom-label=\"Contextuel\" data-gtm-event=\"customEventSPE\" data-fig-domain=\"TVMAG\" target=\"_blank\" rel=\"noopener\">au pouvoir du RN<\/a>\u00a0: \u00ab\u00a0si jamais il y avait un pr\u00e9sident venant du Rassemblement national, il y aurait une r\u00e9volution\u00a0\u00bb\u2009;\u00ab\u00a0je ne crois pas que les Fran\u00e7ais soient assez cons pour \u00e9lire quelqu\u2019un du Front national\u00a0: (\u2026) si \u00e7a arrivait, on irait en Suisse\u00a0\u00bb. Une telle r\u00e9action se comprend ais\u00e9ment.<\/p>\n<blockquote class=\"fig-quote&#10;    \">\n<p class=\"fig-quote__text\">On savait d\u00e9j\u00e0 qu\u2019Alain Souchon n\u2019\u00e9tait pas Rimbaud. On sait d\u00e9sormais qu\u2019il n\u2019est pas Aristote<\/p>\n<p>            Paulin C\u00e9sari\n    <\/p><\/blockquote>\n<p class=\"fig-paragraph\">Quand on fut longtemps l\u2019un des chantres de la doxa, exprimant \u00e0 travers quelques bouts-rim\u00e9s un \u00e9loge sans bornes et sans risques d\u2019un progressisme pontifiant, on ne peut que d\u00e9plorer son h\u00e9g\u00e9monie finissante. Regretter le bon vieux temps\u2009; celui d\u2019une d\u00e9funte colonisation id\u00e9ologique. Temps b\u00e9ni de l\u2019ancien monde\u2026<\/p>\n<p class=\"fig-premium-paywall__infos\">\n        Cet article est r\u00e9serv\u00e9 aux abonn\u00e9s.        Il vous reste 42% \u00e0 d\u00e9couvrir.\n    <\/p>\n<p>                <img  data- alt=\"Le Figaro\" class=\"fig-img--complete fig-img\"\/><\/p>\n<p class=\"fig-premium-paywall__title\">Black Friday<\/p>\n<p class=\"fig-premium-paywall__subtitle\">-70% sur l&rsquo;abonnement num\u00e9rique<\/p>\n<p class=\"fig-premium-paywall__connect\">\n                D\u00e9j\u00e0 abonn\u00e9\u00a0?                <a class=\"fig-premium-paywall__connect-link\" href=\"https:\/\/connect.lefigaro.fr\/login?client=horizon_web&amp;type=main&amp;redirect_uri=https%3A%2F%2Fwww.lefigaro.fr%2Fvox%2Fpolitique%2Fpaulin-cesari-alain-souchon-face-au-rn-une-nomenklatura-declinante-qui-regrette-le-monde-ancien-20251126\" data-js-gtm=\"{&quot;customCategorie&quot;: &quot;conversion&quot;, &quot;customAction&quot;: &quot;before_Landing_Connexion_paywall_auto&quot;, &quot;customLabel&quot;: &quot;bGVmaWdhcm8uZnJfXzFmMGNhYWNiLTM5MWMtNmNhYy04NWZjLTJkYjEwMDVhNGQ1Yl9fQXJ0aWNsZQ==_Paulin C\u00e9sari\u00a0: \u00abAlain Souchon face au RN, une nomenklatura d\u00e9clinante qui regrette le monde ancien\u00bb_317&quot;, &quot;customIDSPE&quot;: &quot;bGVmaWdhcm8uZnJfXzFmMGNhYWNiLTM5MWMtNmNhYy04NWZjLTJkYjEwMDVhNGQ1Yl9fQXJ0aWNsZQ==&quot;, &quot;event&quot;: &quot;customEventSPE&quot;}\" target=\"_blank\" rel=\"noopener\"><br \/>\n                    Connectez-vous<br \/>\n                <\/a>\n            <\/p>\n","protected":false},"excerpt":{"rendered":"LA MINUTE PHILO &#8211; Quand on fut longtemps l\u2019un des chantres de la doxa, on ne peut que&hellip;\n","protected":false},"author":2,"featured_media":560177,"comment_status":"","ping_status":"","sticky":false,"template":"","format":"standard","meta":{"footnotes":""},"categories":[1355],"tags":[36362,58,59,1011,27,1361,873,2848],"class_list":{"0":"post-560176","1":"post","2":"type-post","3":"status-publish","4":"format-standard","5":"has-post-thumbnail","7":"category-musique","8":"tag-alain-souchon","9":"tag-divertissement","10":"tag-entertainment","11":"tag-fr","12":"tag-france","13":"tag-music","14":"tag-musique","15":"tag-rn"},"share_on_mastodon":{"url":"https:\/\/pubeurope.com\/@fr\/115616577378327265","error":""},"_links":{"self":[{"href":"https:\/\/www.europesays.com\/fr\/wp-json\/wp\/v2\/posts\/560176","targetHints":{"allow":["GET"]}}],"collection":[{"href":"https:\/\/www.europesays.com\/fr\/wp-json\/wp\/v2\/posts"}],"about":[{"href":"https:\/\/www.europesays.com\/fr\/wp-json\/wp\/v2\/types\/post"}],"author":[{"embeddable":true,"href":"https:\/\/www.europesays.com\/fr\/wp-json\/wp\/v2\/users\/2"}],"replies":[{"embeddable":true,"href":"https:\/\/www.europesays.com\/fr\/wp-json\/wp\/v2\/comments?post=560176"}],"version-history":[{"count":0,"href":"https:\/\/www.europesays.com\/fr\/wp-json\/wp\/v2\/posts\/560176\/revisions"}],"wp:featuredmedia":[{"embeddable":true,"href":"https:\/\/www.europesays.com\/fr\/wp-json\/wp\/v2\/media\/560177"}],"wp:attachment":[{"href":"https:\/\/www.europesays.com\/fr\/wp-json\/wp\/v2\/media?parent=560176"}],"wp:term":[{"taxonomy":"category","embeddable":true,"href":"https:\/\/www.europesays.com\/fr\/wp-json\/wp\/v2\/categories?post=560176"},{"taxonomy":"post_tag","embeddable":true,"href":"https:\/\/www.europesays.com\/fr\/wp-json\/wp\/v2\/tags?post=560176"}],"curies":[{"name":"wp","href":"https:\/\/api.w.org\/{rel}","templated":true}]}}