{"id":560180,"date":"2025-11-26T14:56:16","date_gmt":"2025-11-26T14:56:16","guid":{"rendered":"https:\/\/www.europesays.com\/fr\/560180\/"},"modified":"2025-11-26T14:56:16","modified_gmt":"2025-11-26T14:56:16","slug":"les-ondes-du-telephones-provoquent-elles-des-cancers","status":"publish","type":"post","link":"https:\/\/www.europesays.com\/fr\/560180\/","title":{"rendered":"Les ondes du t\u00e9l\u00e9phones provoquent-elles des cancers ?"},"content":{"rendered":"<p>             <a href=\"https:\/\/ma-sante.news\/wp-content\/uploads\/2025\/11\/Les-ondes-du-telephone-ne-provoquent-pas-de-cancer-Ma-Sante.jpg\" data-caption=\"Finalement, les ondes du t\u00e9l\u00e9phone ne nous rendent pas malades ! \u00a9 Freepik\" target=\"_blank\" rel=\"noopener\"><img loading=\"lazy\" decoding=\"async\" width=\"696\" height=\"465\" class=\"entry-thumb td-modal-image ewww_webp_lazy_load\" src=\"data:image\/svg+xml,%3Csvg%20xmlns=\" http:=\"\" data-lazy- data-lazy- alt=\"Un groupe de jeunes qui utilisent leur t\u00e9l\u00e9phone de fa\u00e7on intensive et se retrouvent donc r\u00e9guli\u00e8rement expos\u00e9s aux ondes qu\u2019il \u00e9met.\" title=\"Les ondes du te\u0301le\u0301phone ne provoquent pas de cancer\u00a0Ma Sante\u0301\" data-lazy-src=\"https:\/\/www.europesays.com\/fr\/wp-content\/uploads\/2025\/11\/Les-ondes-du-telephone-ne-provoquent-pas-de-cancer-Ma-Sante-696x465.jpg\" data-lazy-src-webp=\"https:\/\/www.europesays.com\/fr\/wp-content\/uploads\/2025\/11\/Les-ondes-du-telephone-ne-provoquent-pas-de-cancer-Ma-Sante-696x465.jpg.webp\" data-lazy-srcset-webp=\"https:\/\/www.europesays.com\/fr\/wp-content\/uploads\/2025\/11\/Les-ondes-du-telephone-ne-provoquent-pas-de-cancer-Ma-Sante-696x465.jpg.webp 696w, https:\/\/ma-sante.news\/wp-content\/uploads\/2025\/11\/Les-ondes-du-telephone-ne-provoquent-pas-de-cancer-Ma-Sante-300x200.jpg.webp 300w, https:\/\/ma-sante.news\/wp-content\/uploads\/2025\/11\/Les-ondes-du-telephone-ne-provoquent-pas-de-cancer-Ma-Sante-768x513.jpg.webp 768w, https:\/\/ma-sante.news\/wp-content\/uploads\/2025\/11\/Les-ondes-du-telephone-ne-provoquent-pas-de-cancer-Ma-Sante-629x420.jpg.webp 629w, https:\/\/ma-sante.news\/wp-content\/uploads\/2025\/11\/Les-ondes-du-telephone-ne-provoquent-pas-de-cancer-Ma-Sante.jpg.webp 800w\"\/><\/a>Finalement, les ondes du t\u00e9l\u00e9phone ne nous rendent pas malades ! \u00a9 Freepik                                    \t\t\t             <a class=\"gofollow\" data-track=\"MjgsMCw2MA==\" href=\"https:\/\/ma-sante.news\/inscrivez-vous-a-notre-newsletter\/\" target=\"_blank\" rel=\"noopener\"><img loading=\"lazy\" decoding=\"async\" width=\"1068\" height=\"131\" src=\"data:image\/svg+xml,%3Csvg%20xmlns=\" http:=\"\" data-lazy-src=\"https:\/\/www.europesays.com\/fr\/wp-content\/uploads\/2025\/03\/banniere-newsletter.png\"\/><\/a> <\/p>\n<p>Si le sujet revient r\u00e9guli\u00e8rement dans les conversations, c\u2019est bien parce qu\u2019il touche \u00e0 quelque chose de tr\u00e8s intime : notre quotidien connect\u00e9. On glisse <a href=\"https:\/\/ma-sante.news\/addiction-aux-ecrans-peut-on-limiter-lhyperconnexion-de-nos-enfants\/\" target=\"_blank\" rel=\"noopener\">le smartphone dans la poche, on le garde sous l\u2019oreiller, on l\u2019a presque greff\u00e9 \u00e0 la main<\/a>\u2026 Alors forc\u00e9ment, quand on parle d\u2019ondes, d\u2019antennes et de sant\u00e9, \u00e7a interpelle.<\/p>\n<p>L\u2019Anses, l\u2019agence sanitaire fran\u00e7aise, vient justement de passer dix ans \u00e0 examiner tout ce que la science a produit de s\u00e9rieux sur les ondes radio et le cancer. Pr\u00e8s de 1000 nouvelles \u00e9tudes depuis 2013, et une s\u00e9lection d\u2019environ 250 articles scientifiques jug\u00e9s robustes pour \u00e9tablir une synth\u00e8se solide.<\/p>\n<p>        T\u00e9l\u00e9phones, ondes et cancers : o\u00f9 en est vraiment la science ?    <\/p>\n<p>Les donn\u00e9es disponibles ne permettent pas d\u2019\u00e9tablir un lien de cause \u00e0 effet entre l\u2019exposition aux ondes des t\u00e9l\u00e9phones portables et la survenue de cancers chez l\u2019humain. Pas de hausse significative des tumeurs c\u00e9r\u00e9brales, pas d\u2019augmentation des neurinomes, pas de signal statistique inqui\u00e9tant dans les grandes cohortes europ\u00e9ennes comme COSMOS, qui suit plus de 250 000 utilisateurs.<\/p>\n<p>Les ondes de nos mobiles sont des radiofr\u00e9quences non-ionisantes, c\u2019est-\u00e0-dire des ondes incapables de casser l\u2019ADN. Rien \u00e0 voir avec les rayons X ou les rayondes gamma qui, eux, peuvent provoquer des cancers. Alors, \u00e0 ce jour, le smartphone n\u2019est pas d\u00e9sign\u00e9 comme coupable.<\/p>\n<p>        Ondes des smartphones : tout n\u2019est pas blanc ou noir\u2026    <strong>Des effets biologiques observ\u00e9s en laboratoire<\/strong>    <\/p>\n<p>Certaines \u00e9tudes exp\u00e9rimentales ont mis en \u00e9vidence des r\u00e9ponses biologiques chez des cellules ou chez des animaux expos\u00e9s \u00e0 des radiofr\u00e9quences : variations de stress oxydatif, modifications de l\u2019expression de certains g\u00e8nes, ou apparition de tumeurs chez les rongeurs dans des protocoles tr\u00e8s pr\u00e9cis.<\/p>\n<p>Mais ces effets sont observ\u00e9s dans des conditions d\u2019exposition tr\u00e8s \u00e9loign\u00e9es de l\u2019exposition humaine r\u00e9elle.<\/p>\n<ul class=\"wp-block-list\">\n<li>Intensit\u00e9 du signal extr\u00eamement \u00e9lev\u00e9e.<\/li>\n<li>Dur\u00e9es d\u2019exposition inhabituelles (parfois des heures par jour).<\/li>\n<li>Chauffe localis\u00e9e que ne produit pas un smartphone r\u00e9gul\u00e9.<\/li>\n<\/ul>\n<p>L\u2019Anses qualifie ces donn\u00e9es de \u201cpreuves limit\u00e9es\u201d. Limit\u00e9es, car les r\u00e9sultats ne sont pas syst\u00e9matiques ni reproductibles dans toutes les \u00e9tudes ; limit\u00e9es, car les protocoles ne refl\u00e8tent pas les conditions de vie r\u00e9elles.<\/p>\n<p>Ce n\u2019est donc pas suffisant pour conclure \u00e0 un risque pour l\u2019humain, mais c\u2019est assez pour justifier une poursuite active de la recherche.<\/p>\n<p>        <strong>Les enfants et ados : un public tout de m\u00eame plus fragile<\/strong>    <\/p>\n<p><a href=\"https:\/\/ma-sante.news\/dangers-des-ecrans-la-sante-des-jeunes-en-peril\/\" target=\"_blank\" rel=\"noopener\">Sur les plus jeunes, l\u2019Anses se montre particuli\u00e8rement vigilante<\/a>. Leur organisme est encore en d\u00e9veloppement, leur cr\u00e2ne plus fin, et ils utilisent aujourd\u2019hui le smartphone plus t\u00f4t, plus souvent et plus longtemps que la g\u00e9n\u00e9ration pr\u00e9c\u00e9dente.<\/p>\n<p>M\u00eame si les \u00e9tudes disponibles, comme le projet europ\u00e9en MOBI-Kids, n\u2019ont pas montr\u00e9 de <a href=\"https:\/\/ma-sante.news\/cancer-cerveau-jeunes-pourquoi-tumeurs-agressives-progressent-plus-vite\/\" target=\"_blank\" rel=\"noopener\">risque accru de tumeur c\u00e9r\u00e9brale<\/a>, nous manquons encore de recul sur une exposition qui commence d\u00e8s l\u2019enfance et se prolonge sur des d\u00e9cennies.<\/p>\n<p>Par pr\u00e9caution, l\u2019agence recommande donc de limiter les appels longs avec le t\u00e9l\u00e9phone contre l\u2019oreille chez les enfants et les adolescents.<\/p>\n<p>        <strong>Le monde change, nos expositions aussi<\/strong>    <\/p>\n<p>En dix ans, notre environnement \u00e9lectromagn\u00e9tique s\u2019est profond\u00e9ment transform\u00e9 :<\/p>\n<ul class=\"wp-block-list\">\n<li>d\u00e9ploiement de la 5G,\u00a0<\/li>\n<li>multiplication des objets connect\u00e9s,\u00a0<\/li>\n<li>antennes plus nombreuses et plus proches des zones de vie.\u00a0<\/li>\n<\/ul>\n<p>Rien d\u2019alarmant en soi. Les niveaux d\u2019exposition restent largement en dessous des valeurs limites fix\u00e9es par les autorit\u00e9s sanitaires, mais il est ind\u00e9niable que nous sommes expos\u00e9s plus souvent et de davantage de sources qu\u2019auparavant.<\/p>\n<p>Cette \u00e9volution rapide justifie une surveillance continue des niveaux d\u2019exposition r\u00e9els, des les usages, et poursuivre les \u00e9tudes \u00e0 long terme.\u00a0<\/p>\n<p>        Ondes des t\u00e9l\u00e9phones : et la 5G dans tout \u00e7a ?    <\/p>\n<p>La 5G est devenue malgr\u00e9 elle la grande accus\u00e9e d\u00e8s son arriv\u00e9e. L\u2019Anses rappelle pourtant que la 5G repose sur les m\u00eames types de radiofr\u00e9quences non ionisantes que la 3G ou la 4G. \u00c0 ce jour, aucune donn\u00e9e scientifique ne montre un risque sanitaire suppl\u00e9mentaire li\u00e9 \u00e0 cette nouvelle g\u00e9n\u00e9ration de r\u00e9seau.<\/p>\n<p>La nuance, en revanche, vient de son d\u00e9ploiement massif. Davantage d\u2019antennes, davantage d\u2019appareils connect\u00e9s, donc plus de sources d\u2019exposition dans notre quotidien. Rien d\u2019inqui\u00e9tant en l\u2019\u00e9tat, les niveaux restent bien en dessous des limites r\u00e9glementaires, mais suffisamment nouveau pour m\u00e9riter une surveillance continue.<\/p>\n<p>        Alors, que faire de nos t\u00e9l\u00e9phones maintenant ?     <\/p>\n<p>L\u2019Anses ne pr\u00f4ne ni l\u2019angoisse ni la d\u00e9connexion totale, mais une forme d\u2019hygi\u00e8ne num\u00e9rique plus saine. Quelques gestes permettent d\u00e9j\u00e0 de <a href=\"https:\/\/ma-sante.news\/parentalite-comment-proteger-son-enfant-des-ecrans\/\" target=\"_blank\" rel=\"noopener\">r\u00e9duire l\u2019exposition, sans changer radicalement nos habitudes<\/a> :<\/p>\n<ul class=\"wp-block-list\">\n<li>Privil\u00e9gier le kit mains libres ou le haut-parleur, ce qui \u00e9loigne naturellement le t\u00e9l\u00e9phone de la t\u00eate.<\/li>\n<li>\u00c9viter les appels en zone de mauvaise r\u00e9ception, moment o\u00f9 l\u2019appareil \u00e9met \u00e0 pleine puissance.<\/li>\n<li>Limiter les appels longs chez les enfants, dont l\u2019organisme est encore en d\u00e9veloppement.<\/li>\n<li>Et, de temps en temps, <a href=\"https:\/\/ma-sante.news\/digital-detox-pourquoi-devriez-vous-passer-plus-de-temps-loin-des-ecrans\/\" target=\"_blank\" rel=\"noopener\">poser son smartphone<\/a>, ne serait-ce que pour souffler un peu.<\/li>\n<\/ul>\n<p>Alors, oui, notre exposition change, nos usages \u00e9voluent, et les plus jeunes m\u00e9ritent une attention particuli\u00e8re pour assurer un avenir num\u00e9rique plus serein.<\/p>\n<blockquote class=\"wp-block-quote is-layout-flow wp-block-quote-is-layout-flow\">\n<p><strong>\u00c0 SAVOIR\u00a0<\/strong><\/p>\n<p>En 2011, le Centre international de recherche sur le cancer (CIRC), rattach\u00e9 \u00e0 l\u2019OMS, a class\u00e9 les radiofr\u00e9quences des t\u00e9l\u00e9phones portables comme \u201cpeut-\u00eatre canc\u00e9rog\u00e8nes pour l\u2019homme\u201d (groupe 2B). Cela ne signifie pas qu\u2019un risque est \u00e9tabli, mais que les donn\u00e9es scientifiques disponibles \u00e9taient alors jug\u00e9es limit\u00e9es, justifiant une surveillance r\u00e9guli\u00e8re.<\/p>\n<\/blockquote>\n<p>  <a class=\"gofollow\" data-track=\"MTIsMCw2MA==\" href=\"https:\/\/ma-sante.news\/annonceurs\/\" target=\"_blank\" rel=\"noopener\"><img loading=\"lazy\" decoding=\"async\" width=\"2560\" height=\"2133\" src=\"data:image\/svg+xml,%3Csvg%20xmlns=\" http:=\"\" data-lazy-src=\"https:\/\/www.europesays.com\/fr\/wp-content\/uploads\/2025\/03\/pub-annonceurs-4-scaled.jpg\"\/><\/a>    <img loading=\"lazy\" decoding=\"async\" width=\"755\" height=\"495\" src=\"data:image\/svg+xml,%3Csvg%20xmlns=\" http:=\"\" data-lazy-src=\"https:\/\/www.europesays.com\/fr\/wp-content\/uploads\/2025\/03\/Image1.jpg\" data-lazy-src-webp=\"https:\/\/www.europesays.com\/fr\/wp-content\/uploads\/2025\/03\/Image1.jpg.webp\" class=\"ewww_webp_lazy_load\"\/>Inscrivez-vous \u00e0 notre newsletter <br \/>Ma Sant\u00e9                      <\/p>\n","protected":false},"excerpt":{"rendered":"Finalement, les ondes du t\u00e9l\u00e9phone ne nous rendent pas malades ! \u00a9 Freepik Si le sujet revient r\u00e9guli\u00e8rement&hellip;\n","protected":false},"author":2,"featured_media":560181,"comment_status":"","ping_status":"","sticky":false,"template":"","format":"standard","meta":{"footnotes":""},"categories":[10],"tags":[1011,27,72,71,531],"class_list":{"0":"post-560180","1":"post","2":"type-post","3":"status-publish","4":"format-standard","5":"has-post-thumbnail","7":"category-sante","8":"tag-fr","9":"tag-france","10":"tag-health","11":"tag-sante","12":"tag-u00e9crans"},"share_on_mastodon":{"url":"https:\/\/pubeurope.com\/@fr\/115616585180431123","error":""},"_links":{"self":[{"href":"https:\/\/www.europesays.com\/fr\/wp-json\/wp\/v2\/posts\/560180","targetHints":{"allow":["GET"]}}],"collection":[{"href":"https:\/\/www.europesays.com\/fr\/wp-json\/wp\/v2\/posts"}],"about":[{"href":"https:\/\/www.europesays.com\/fr\/wp-json\/wp\/v2\/types\/post"}],"author":[{"embeddable":true,"href":"https:\/\/www.europesays.com\/fr\/wp-json\/wp\/v2\/users\/2"}],"replies":[{"embeddable":true,"href":"https:\/\/www.europesays.com\/fr\/wp-json\/wp\/v2\/comments?post=560180"}],"version-history":[{"count":0,"href":"https:\/\/www.europesays.com\/fr\/wp-json\/wp\/v2\/posts\/560180\/revisions"}],"wp:featuredmedia":[{"embeddable":true,"href":"https:\/\/www.europesays.com\/fr\/wp-json\/wp\/v2\/media\/560181"}],"wp:attachment":[{"href":"https:\/\/www.europesays.com\/fr\/wp-json\/wp\/v2\/media?parent=560180"}],"wp:term":[{"taxonomy":"category","embeddable":true,"href":"https:\/\/www.europesays.com\/fr\/wp-json\/wp\/v2\/categories?post=560180"},{"taxonomy":"post_tag","embeddable":true,"href":"https:\/\/www.europesays.com\/fr\/wp-json\/wp\/v2\/tags?post=560180"}],"curies":[{"name":"wp","href":"https:\/\/api.w.org\/{rel}","templated":true}]}}