{"id":560187,"date":"2025-11-26T15:00:21","date_gmt":"2025-11-26T15:00:21","guid":{"rendered":"https:\/\/www.europesays.com\/fr\/560187\/"},"modified":"2025-11-26T15:00:21","modified_gmt":"2025-11-26T15:00:21","slug":"ce-geant-du-discount-ouvre-son-premier-magasin-dans-lagglo-de-toulouse-ce-jeudi-veille-de-black-friday","status":"publish","type":"post","link":"https:\/\/www.europesays.com\/fr\/560187\/","title":{"rendered":"Ce g\u00e9ant du discount ouvre son premier magasin dans l&rsquo;agglo de Toulouse ce jeudi, veille de Black Friday"},"content":{"rendered":"<p>                    Par<br \/>\n        <strong><br \/>\n            <a href=\"https:\/\/actu.fr\/auteur\/david-saint-sernin\" title=\"Consulter tous les articles de David Saint-Sernin\" target=\"_blank\" rel=\"noopener\">David Saint-Sernin<\/a><br \/>\n                    <\/strong><\/p>\n<p>        Publi\u00e9 le<\/p>\n<p>            26 nov. 2025 \u00e0 12h49        <\/p>\n<p>Concurrent de Centrakor et d\u2019Action, <strong>TEDi, g\u00e9ant du discount allemand,<\/strong> va ouvrir son premier magasin dans l\u2019agglom\u00e9ration de<strong> Toulouse.<\/strong><\/p>\n<p class=\" wall-content\">L\u2019enseigne va ouvrir un magasin dans<a href=\"https:\/\/actu.fr\/occitanie\/fenouillet_31182\/au-nord-de-toulouse-ce-centre-commercial-a-fait-le-plein-de-nouvelles-enseignes_62587097.html\" target=\"_blank\" rel=\"noopener\"> la Galerie espace Fenouillet,<\/a> au nord de Toulouse, ce jeudi 27\u00a0novembre 2025, veille de Black Friday.<\/p>\n<p>Ouverture ce jeudi, veille de Black Friday<\/p>\n<p class=\" wall-content\">\u00ab\u2009Une nouvelle enseigne arrive dans votre galerie\u2009: TEDI ouvre ses portes le 27\u00a0novembre\u2009! \u200bBonne nouvelle pour tous les adeptes de bonnes affaires\u2009: l\u2019enseigne sp\u00e9cialis\u00e9e dans les articles du quotidien \u00e0 petits prix, s\u2019appr\u00eate \u00e0 ouvrir prochainement dans votre galerie\u2009\u00bb, a annonc\u00e9 le centre commercial.<\/p>\n<p>D\u00e9j\u00e0 des magasins \u00e0 Castres, \u00e0 Perpignan et Saint-Gaudens\u2026<\/p>\n<p class=\" wall-content\">L\u2019enseigne s\u2019installe \u00e0 l\u2019entr\u00e9e sud du centre commercial o\u00f9 elle proposera une large gamme de produits en mati\u00e8re de d\u00e9coration, de loisirs cr\u00e9atifs, d\u2019ustensiles de maison, de papeterie, et d\u2019accessoires pour enfants\u2026<\/p>\n<p class=\" wall-content\">TEDi n\u2019est pas une enseigne inconnue <a href=\"https:\/\/actu.fr\/occitanie\/castres_81065\/un-geant-du-discount-allemand-arrive-en-toute-discretion-en-occitanie-voici-ou-et-quand_60256387.html\" target=\"_blank\" rel=\"noopener\">en Occitanie.<\/a> L\u2019enseigne est d\u00e9j\u00e0 implant\u00e9e \u00e0 Castres (Tarn), \u00e0 Montauban, \u00e0 Saint-Gaudens, \u00e0 Graulhet et <a href=\"https:\/\/actu.fr\/occitanie\/pollestres_66144\/son-ouverture-avait-ete-retardee-ce-geant-du-discount-ouvre-son-deuxieme-magasin-pres-de-perpignan_62866077.html\" target=\"_blank\" rel=\"noopener\">\u00e0 Perpignan<\/a>.<\/p>\n<p class=\" wall-content\">Personnalisez votre actualit\u00e9 en ajoutant vos villes et m\u00e9dias en favori avec <a href=\"https:\/\/moncompte.actu.fr\" title=\"D\u00e9couvez Mon Actu\" rel=\"nofollow noopener\" data-trk=\"{&quot;cta&quot;:{&quot;action&quot;:&quot;https:\\\/\\\/moncompte.actu.fr&quot;,&quot;category&quot;:&quot;mon compte&quot;,&quot;from&quot;:&quot;article footer&quot;,&quot;name&quot;:&quot;Mon actu&quot;,&quot;type&quot;:&quot;cta&quot;}}\" target=\"_blank\">Mon Actu<\/a>.<\/p>\n","protected":false},"excerpt":{"rendered":"Par David Saint-Sernin Publi\u00e9 le 26 nov. 2025 \u00e0 12h49 Concurrent de Centrakor et d\u2019Action, TEDi, g\u00e9ant du&hellip;\n","protected":false},"author":2,"featured_media":560188,"comment_status":"","ping_status":"","sticky":false,"template":"","format":"standard","meta":{"footnotes":""},"categories":[6],"tags":[35,33,34,1011,27,2849],"class_list":{"0":"post-560187","1":"post","2":"type-post","3":"status-publish","4":"format-standard","5":"has-post-thumbnail","7":"category-economie","8":"tag-business","9":"tag-economie","10":"tag-economy","11":"tag-fr","12":"tag-france","13":"tag-nouveaux-commerces-a-toulouse"},"share_on_mastodon":{"url":"https:\/\/pubeurope.com\/@fr\/115616600879892620","error":""},"_links":{"self":[{"href":"https:\/\/www.europesays.com\/fr\/wp-json\/wp\/v2\/posts\/560187","targetHints":{"allow":["GET"]}}],"collection":[{"href":"https:\/\/www.europesays.com\/fr\/wp-json\/wp\/v2\/posts"}],"about":[{"href":"https:\/\/www.europesays.com\/fr\/wp-json\/wp\/v2\/types\/post"}],"author":[{"embeddable":true,"href":"https:\/\/www.europesays.com\/fr\/wp-json\/wp\/v2\/users\/2"}],"replies":[{"embeddable":true,"href":"https:\/\/www.europesays.com\/fr\/wp-json\/wp\/v2\/comments?post=560187"}],"version-history":[{"count":0,"href":"https:\/\/www.europesays.com\/fr\/wp-json\/wp\/v2\/posts\/560187\/revisions"}],"wp:featuredmedia":[{"embeddable":true,"href":"https:\/\/www.europesays.com\/fr\/wp-json\/wp\/v2\/media\/560188"}],"wp:attachment":[{"href":"https:\/\/www.europesays.com\/fr\/wp-json\/wp\/v2\/media?parent=560187"}],"wp:term":[{"taxonomy":"category","embeddable":true,"href":"https:\/\/www.europesays.com\/fr\/wp-json\/wp\/v2\/categories?post=560187"},{"taxonomy":"post_tag","embeddable":true,"href":"https:\/\/www.europesays.com\/fr\/wp-json\/wp\/v2\/tags?post=560187"}],"curies":[{"name":"wp","href":"https:\/\/api.w.org\/{rel}","templated":true}]}}