{"id":560192,"date":"2025-11-26T15:03:14","date_gmt":"2025-11-26T15:03:14","guid":{"rendered":"https:\/\/www.europesays.com\/fr\/560192\/"},"modified":"2025-11-26T15:03:14","modified_gmt":"2025-11-26T15:03:14","slug":"en-direct-guerre-en-ukraine-le-kremlin-estime-quil-est-encore-trop-tot-pour-parler-dun-accord-de-paix-liberation","status":"publish","type":"post","link":"https:\/\/www.europesays.com\/fr\/560192\/","title":{"rendered":"EN DIRECT &#8211; Guerre en Ukraine\u00a0: le Kremlin estime qu\u2019il est \u00abencore trop t\u00f4t\u00bb pour parler d\u2019un accord de paix \u2013 Lib\u00e9ration"},"content":{"rendered":"<p class=\"sc-cPiKLX AiZTS text-element\">L\u2019arm\u00e9e ukrainienne a mis en garde ce mercredi contre une situation \u00abdifficile\u00bb dans une partie cl\u00e9 du front sud, o\u00f9 les forces russes ont r\u00e9cemment progress\u00e9, mais a d\u00e9clar\u00e9 que les forces ukrainiennes avaient \u00e9tabli des voies d\u2019approvisionnement et n\u2019\u00e9taient pas encercl\u00e9es. \u00abDes combats acharn\u00e9s font rage pour chaque m\u00e8tre de notre terre natale\u00bb, a d\u00e9clar\u00e9 l\u2019\u00e9tat-major de l\u2019arm\u00e9e dans un message publi\u00e9 sur les r\u00e9seaux sociaux, faisant r\u00e9f\u00e9rence \u00e0 la ligne de front <a href=\"https:\/\/www.liberation.fr\/international\/europe\/dans-la-region-de-zaporijia-larmee-russe-tente-une-percee-20230122_GLVDK4BO55FE5B6IFSOL26YIMQ\/\" target=\"_blank\" rel=\"noreferrer noopener\" title=\"https:\/\/www.liberation.fr\/international\/europe\/dans-la-region-de-zaporijia-larmee-russe-tente-une-percee-20230122_GLVDK4BO55FE5B6IFSOL26YIMQ\/\">pr\u00e8s de la ville de Houlia\u00efpole<\/a>, sur laquelle les troupes de Moscou ont exerc\u00e9 une pression constante ces derni\u00e8res semaines. \u00abLa situation sur la ligne de front est vraiment difficile, mais il n\u2019y a pas d\u2019encerclement, la communication avec nos soldats est maintenue, la logistique est en place et l\u2019\u00e9vacuation des bless\u00e9s est en cours\u00bb, indique le message.<\/p>\n","protected":false},"excerpt":{"rendered":"L\u2019arm\u00e9e ukrainienne a mis en garde ce mercredi contre une situation \u00abdifficile\u00bb dans une partie cl\u00e9 du front&hellip;\n","protected":false},"author":2,"featured_media":560193,"comment_status":"","ping_status":"","sticky":false,"template":"","format":"standard","meta":{"footnotes":""},"categories":[2],"tags":[11,75,73,1011,27,12,132,220,297],"class_list":{"0":"post-560192","1":"post","2":"type-post","3":"status-publish","4":"format-standard","5":"has-post-thumbnail","7":"category-actualites","8":"tag-actualites","9":"tag-donald-trump","10":"tag-etats-unis","11":"tag-fr","12":"tag-france","13":"tag-news","14":"tag-russie","15":"tag-ukraine","16":"tag-ukraine-la-crise"},"share_on_mastodon":{"url":"https:\/\/pubeurope.com\/@fr\/115616612581361104","error":""},"_links":{"self":[{"href":"https:\/\/www.europesays.com\/fr\/wp-json\/wp\/v2\/posts\/560192","targetHints":{"allow":["GET"]}}],"collection":[{"href":"https:\/\/www.europesays.com\/fr\/wp-json\/wp\/v2\/posts"}],"about":[{"href":"https:\/\/www.europesays.com\/fr\/wp-json\/wp\/v2\/types\/post"}],"author":[{"embeddable":true,"href":"https:\/\/www.europesays.com\/fr\/wp-json\/wp\/v2\/users\/2"}],"replies":[{"embeddable":true,"href":"https:\/\/www.europesays.com\/fr\/wp-json\/wp\/v2\/comments?post=560192"}],"version-history":[{"count":0,"href":"https:\/\/www.europesays.com\/fr\/wp-json\/wp\/v2\/posts\/560192\/revisions"}],"wp:featuredmedia":[{"embeddable":true,"href":"https:\/\/www.europesays.com\/fr\/wp-json\/wp\/v2\/media\/560193"}],"wp:attachment":[{"href":"https:\/\/www.europesays.com\/fr\/wp-json\/wp\/v2\/media?parent=560192"}],"wp:term":[{"taxonomy":"category","embeddable":true,"href":"https:\/\/www.europesays.com\/fr\/wp-json\/wp\/v2\/categories?post=560192"},{"taxonomy":"post_tag","embeddable":true,"href":"https:\/\/www.europesays.com\/fr\/wp-json\/wp\/v2\/tags?post=560192"}],"curies":[{"name":"wp","href":"https:\/\/api.w.org\/{rel}","templated":true}]}}