{"id":560194,"date":"2025-11-26T15:04:11","date_gmt":"2025-11-26T15:04:11","guid":{"rendered":"https:\/\/www.europesays.com\/fr\/560194\/"},"modified":"2025-11-26T15:04:11","modified_gmt":"2025-11-26T15:04:11","slug":"roche-la-moliere-controlee-par-les-policiers-elle-tente-de-decliner-une-fausse-identite","status":"publish","type":"post","link":"https:\/\/www.europesays.com\/fr\/560194\/","title":{"rendered":"Roche-la-Moli\u00e8re. Contr\u00f4l\u00e9e par les policiers, elle tente de d\u00e9cliner une fausse identit\u00e9"},"content":{"rendered":"<p>Lundi 24\u00a0novembre, un peu avant 20 heures, un \u00e9quipage de police du Groupe de s\u00e9curit\u00e9 de proximit\u00e9 proc\u00e8de \u00e0 un contr\u00f4le routier sur la commune de Roche-la-Moli\u00e8re. Mais tout ne va pas se passer comme pr\u00e9vu, car la conductrice stopp\u00e9e par les forces de l\u2019ordre va montrer la photo d\u2019une autre personne, en l\u2019occurrence sa s\u0153ur, au moment des v\u00e9rifications d\u2019usage.<\/p>\n<p>  La prise de nom d\u2019un tiers pas l\u00e9gale<\/p>\n<p>Les policiers ne se sont pas laiss\u00e9s berner et ont rapidement d\u00e9couvert la supercherie que tentait de leur jouer la femme derri\u00e8re le volant. En fait, cette derni\u00e8re, \u00e2g\u00e9e de 30 ans et habitante de la plaine du Forez, n\u2019avait plus de permis de conduire, car il venait d\u2019\u00eatre annul\u00e9.<\/p>\n<p>La trentenaire a finalement \u00e9t\u00e9 interpell\u00e9e et plac\u00e9e en garde \u00e0 vue. \u00c0 l\u2019issue, elle s\u2019est vue notifier une convocation devant les services de la justice au cours des prochaines semaines. Elle devra notamment r\u00e9pondre de conduite sans permis mais devra aussi s\u2019expliquer sur la prise de nom d\u2019un tiers pouvant entra\u00eener une condamnation judiciaire.<\/p>\n","protected":false},"excerpt":{"rendered":"Lundi 24\u00a0novembre, un peu avant 20 heures, un \u00e9quipage de police du Groupe de s\u00e9curit\u00e9 de proximit\u00e9 proc\u00e8de&hellip;\n","protected":false},"author":2,"featured_media":560195,"comment_status":"","ping_status":"","sticky":false,"template":"","format":"standard","meta":{"footnotes":""},"categories":[9653],"tags":[1111,11,2430,271,272,7539,1777,674,274,1011,27,3367,12,25,12490,12491,4001],"class_list":{"0":"post-560194","1":"post","2":"type-post","3":"status-publish","4":"format-standard","5":"has-post-thumbnail","7":"category-saint-etienne","8":"tag-actu","9":"tag-actualites","10":"tag-auvergne-rhone-alpes","11":"tag-crime","12":"tag-delit-et-contravention","13":"tag-edition-loire-sud","14":"tag-eu","15":"tag-europe","16":"tag-faits-divers-justice","17":"tag-fr","18":"tag-france","19":"tag-loire","20":"tag-news","21":"tag-republique-francaise","22":"tag-roche-la-moliere","23":"tag-roche-la-moliere-bassin","24":"tag-saint-etienne"},"share_on_mastodon":{"url":"https:\/\/pubeurope.com\/@fr\/115616616611520678","error":""},"_links":{"self":[{"href":"https:\/\/www.europesays.com\/fr\/wp-json\/wp\/v2\/posts\/560194","targetHints":{"allow":["GET"]}}],"collection":[{"href":"https:\/\/www.europesays.com\/fr\/wp-json\/wp\/v2\/posts"}],"about":[{"href":"https:\/\/www.europesays.com\/fr\/wp-json\/wp\/v2\/types\/post"}],"author":[{"embeddable":true,"href":"https:\/\/www.europesays.com\/fr\/wp-json\/wp\/v2\/users\/2"}],"replies":[{"embeddable":true,"href":"https:\/\/www.europesays.com\/fr\/wp-json\/wp\/v2\/comments?post=560194"}],"version-history":[{"count":0,"href":"https:\/\/www.europesays.com\/fr\/wp-json\/wp\/v2\/posts\/560194\/revisions"}],"wp:featuredmedia":[{"embeddable":true,"href":"https:\/\/www.europesays.com\/fr\/wp-json\/wp\/v2\/media\/560195"}],"wp:attachment":[{"href":"https:\/\/www.europesays.com\/fr\/wp-json\/wp\/v2\/media?parent=560194"}],"wp:term":[{"taxonomy":"category","embeddable":true,"href":"https:\/\/www.europesays.com\/fr\/wp-json\/wp\/v2\/categories?post=560194"},{"taxonomy":"post_tag","embeddable":true,"href":"https:\/\/www.europesays.com\/fr\/wp-json\/wp\/v2\/tags?post=560194"}],"curies":[{"name":"wp","href":"https:\/\/api.w.org\/{rel}","templated":true}]}}