{"id":560198,"date":"2025-11-26T15:06:14","date_gmt":"2025-11-26T15:06:14","guid":{"rendered":"https:\/\/www.europesays.com\/fr\/560198\/"},"modified":"2025-11-26T15:06:14","modified_gmt":"2025-11-26T15:06:14","slug":"vandoeuvre-les-nancy-le-poisson-qui-vivait-dans-les-arbres","status":"publish","type":"post","link":"https:\/\/www.europesays.com\/fr\/560198\/","title":{"rendered":"Vandoeuvre-l\u00e8s-Nancy. Le poisson qui vivait dans les arbres"},"content":{"rendered":"<p>C\u2019est l\u2019histoire d\u2019une qu\u00eate. Celle de deux personnages qui partent \u00e0 la recherche d\u2019une cr\u00e9ature myst\u00e9rieuse\u00a0: un poisson qui vit dans les arbres. Un peu comme Alice au pays des merveilles, ils auront des \u00e9tapes \u00e0 franchir, des plans \u00e0 \u00e9chafauder, des missions \u00e0 accomplir. En chemin, ils vont traverser des mondes terrestres, aquatiques, a\u00e9riens et rencontrer des animaux, tout droit sortis des dessins d\u2019Herv\u00e9 Walbecq.<\/p>\n<p>\u00c0 partir de cet univers onirique et d\u00e9licat, le chor\u00e9graphe Sylvain Ri\u00e9jou a imagin\u00e9 un langage corporel bas\u00e9 sur l\u2019\u00e9coute, la patience et l\u2019observation\u2026 Et si la danse devenait notre mode de communication avec les animaux, un moyen pour les comprendre, se faire comprendre d\u2019eux et construire quelque chose ensemble\u00a0? Spectacle pour les enfants \u00e0 partir de 4 ans.<\/p>\n<p class=\"note\">Repr\u00e9sentations mercredi 10\u00a0d\u00e9cembre \u00e0 15\u00a0h et samedi 13\u00a0d\u00e9cembre \u00e0 16\u00a0h. Tarifs\u00a0: 4\u00a0\u20ac pour les enfants et de 4\u00a0\u20ac \u00e0 14\u00a0\u20ac pour les adultes. Dur\u00e9e\u00a0: 45\u00a0minutes. CCAM-Sc\u00e8ne Nationale de Vand\u0153uvre, esplanade Jack Ralite, rue de Parme \u00e0 Vand\u0153uvre-l\u00e8s-Nancy. T\u00e9l.\u00a003\u00a083\u00a056\u00a083\u00a056.<\/p>\n","protected":false},"excerpt":{"rendered":"C\u2019est l\u2019histoire d\u2019une qu\u00eate. Celle de deux personnages qui partent \u00e0 la recherche d\u2019une cr\u00e9ature myst\u00e9rieuse\u00a0: un poisson&hellip;\n","protected":false},"author":2,"featured_media":560199,"comment_status":"","ping_status":"","sticky":false,"template":"","format":"standard","meta":{"footnotes":""},"categories":[9635],"tags":[1111,11,1687,1704,1777,674,1011,27,775,6364,1702,12,25,3140,5711],"class_list":{"0":"post-560198","1":"post","2":"type-post","3":"status-publish","4":"format-standard","5":"has-post-thumbnail","7":"category-nancy","8":"tag-actu","9":"tag-actualites","10":"tag-culture-loisirs","11":"tag-edition-nancy-et-agglomeration","12":"tag-eu","13":"tag-europe","14":"tag-fr","15":"tag-france","16":"tag-grand-est","17":"tag-metropole-du-grand-nancy-54b1","18":"tag-nancy","19":"tag-news","20":"tag-republique-francaise","21":"tag-spectacle","22":"tag-vandoeuvre-les-nancy"},"share_on_mastodon":{"url":"https:\/\/pubeurope.com\/@fr\/115616624362203049","error":""},"_links":{"self":[{"href":"https:\/\/www.europesays.com\/fr\/wp-json\/wp\/v2\/posts\/560198","targetHints":{"allow":["GET"]}}],"collection":[{"href":"https:\/\/www.europesays.com\/fr\/wp-json\/wp\/v2\/posts"}],"about":[{"href":"https:\/\/www.europesays.com\/fr\/wp-json\/wp\/v2\/types\/post"}],"author":[{"embeddable":true,"href":"https:\/\/www.europesays.com\/fr\/wp-json\/wp\/v2\/users\/2"}],"replies":[{"embeddable":true,"href":"https:\/\/www.europesays.com\/fr\/wp-json\/wp\/v2\/comments?post=560198"}],"version-history":[{"count":0,"href":"https:\/\/www.europesays.com\/fr\/wp-json\/wp\/v2\/posts\/560198\/revisions"}],"wp:featuredmedia":[{"embeddable":true,"href":"https:\/\/www.europesays.com\/fr\/wp-json\/wp\/v2\/media\/560199"}],"wp:attachment":[{"href":"https:\/\/www.europesays.com\/fr\/wp-json\/wp\/v2\/media?parent=560198"}],"wp:term":[{"taxonomy":"category","embeddable":true,"href":"https:\/\/www.europesays.com\/fr\/wp-json\/wp\/v2\/categories?post=560198"},{"taxonomy":"post_tag","embeddable":true,"href":"https:\/\/www.europesays.com\/fr\/wp-json\/wp\/v2\/tags?post=560198"}],"curies":[{"name":"wp","href":"https:\/\/api.w.org\/{rel}","templated":true}]}}