{"id":560214,"date":"2025-11-26T15:17:13","date_gmt":"2025-11-26T15:17:13","guid":{"rendered":"https:\/\/www.europesays.com\/fr\/560214\/"},"modified":"2025-11-26T15:17:13","modified_gmt":"2025-11-26T15:17:13","slug":"jarrie-bientot-des-cultures-autour-du-chateau-de-bon-repos","status":"publish","type":"post","link":"https:\/\/www.europesays.com\/fr\/560214\/","title":{"rendered":"Jarrie. Bient\u00f4t des cultures autour du ch\u00e2teau de Bon repos\u00a0?"},"content":{"rendered":"<p>Le projet d\u2019exploitation des 25 hectares de terrains communaux entourant Bon repos (acquis par la Ville en 2009) ne date pas d\u2019hier, puisque des exp\u00e9riences ont d\u00e9j\u00e0 eu lieu au d\u00e9but des ann\u00e9es 2010 &#8211; \u00e9levage \u00e9quin, mara\u00eechages. Mais depuis fin 2016, plus rien ne se passait sur le secteur, hormis l\u2019entretien de prairies. Retour sur un dossier au long cours\u2026<\/p>\n<p>O\u00f9 se trouvent les terrains\u00a0?<\/p>\n<p>Les terrains que la Ville souhaite louer sont situ\u00e9s \u00e0 l\u2019ouest et au sud du ch\u00e2teau, et d\u00e9limit\u00e9s par la route du g\u00e9n\u00e9ral-de-Gaulle \u00e0 l\u2019ouest,&#8230;<\/p>\n","protected":false},"excerpt":{"rendered":"Le projet d\u2019exploitation des 25 hectares de terrains communaux entourant Bon repos (acquis par la Ville en 2009)&hellip;\n","protected":false},"author":2,"featured_media":560215,"comment_status":"","ping_status":"","sticky":false,"template":"","format":"standard","meta":{"footnotes":""},"categories":[9566],"tags":[1111,11,327,2430,33,113,1777,674,1011,27,2731,108,17480,12,25,17481],"class_list":{"0":"post-560214","1":"post","2":"type-post","3":"status-publish","4":"format-standard","5":"has-post-thumbnail","7":"category-grenoble","8":"tag-actu","9":"tag-actualites","10":"tag-agriculture","11":"tag-auvergne-rhone-alpes","12":"tag-economie","13":"tag-edition-gresivaudan-oisans","14":"tag-eu","15":"tag-europe","16":"tag-fr","17":"tag-france","18":"tag-grenoble","19":"tag-isere","20":"tag-jarrie","21":"tag-news","22":"tag-republique-francaise","23":"tag-romanche"},"share_on_mastodon":{"url":"https:\/\/pubeurope.com\/@fr\/115616667681990435","error":""},"_links":{"self":[{"href":"https:\/\/www.europesays.com\/fr\/wp-json\/wp\/v2\/posts\/560214","targetHints":{"allow":["GET"]}}],"collection":[{"href":"https:\/\/www.europesays.com\/fr\/wp-json\/wp\/v2\/posts"}],"about":[{"href":"https:\/\/www.europesays.com\/fr\/wp-json\/wp\/v2\/types\/post"}],"author":[{"embeddable":true,"href":"https:\/\/www.europesays.com\/fr\/wp-json\/wp\/v2\/users\/2"}],"replies":[{"embeddable":true,"href":"https:\/\/www.europesays.com\/fr\/wp-json\/wp\/v2\/comments?post=560214"}],"version-history":[{"count":0,"href":"https:\/\/www.europesays.com\/fr\/wp-json\/wp\/v2\/posts\/560214\/revisions"}],"wp:featuredmedia":[{"embeddable":true,"href":"https:\/\/www.europesays.com\/fr\/wp-json\/wp\/v2\/media\/560215"}],"wp:attachment":[{"href":"https:\/\/www.europesays.com\/fr\/wp-json\/wp\/v2\/media?parent=560214"}],"wp:term":[{"taxonomy":"category","embeddable":true,"href":"https:\/\/www.europesays.com\/fr\/wp-json\/wp\/v2\/categories?post=560214"},{"taxonomy":"post_tag","embeddable":true,"href":"https:\/\/www.europesays.com\/fr\/wp-json\/wp\/v2\/tags?post=560214"}],"curies":[{"name":"wp","href":"https:\/\/api.w.org\/{rel}","templated":true}]}}