{"id":560222,"date":"2025-11-26T15:21:30","date_gmt":"2025-11-26T15:21:30","guid":{"rendered":"https:\/\/www.europesays.com\/fr\/560222\/"},"modified":"2025-11-26T15:21:30","modified_gmt":"2025-11-26T15:21:30","slug":"cest-parti-pour-un-mois-de-festivites-les-chalets-sont-ouverts","status":"publish","type":"post","link":"https:\/\/www.europesays.com\/fr\/560222\/","title":{"rendered":"c&rsquo;est parti pour un mois de festivit\u00e9s, les chalets sont ouverts"},"content":{"rendered":"<p class=\"xsm-p\">Dong ! <a href=\"https:\/\/www.dna.fr\/culture-loisirs\/2025\/11\/25\/coup-d-envoi-de-strasbourg-capitale-de-noel-a-14-h\" target=\"_blank\" rel=\"noopener\">14 heures<\/a> viennent de sonner ce mercredi 26 novembre, heure d\u2019ouverture du march\u00e9 de No\u00ebl. Alors que les derniers chalets finissent leur mise en place, plus d\u2019une centaine de personnes sont amass\u00e9es au pied du grand sapin de la place Kl\u00e9ber. Ses bougies s\u2019allument progressivement. \u00ab C\u2019est tout ? \u00bb questionne une m\u00e8re de famille. \u00ab Le sapin ne s\u2019allumera vraiment que vers 19h ! \u00bb lance un commer\u00e7ant depuis son chalet.<\/p>\n<p class=\"xsm-p\">Soupir d\u00e9\u00e7u des passants qui ont entendu la nouvelle. \u00ab C\u2019est pas grave, \u00e0 la place je peux aller sur le man\u00e8ge ! \u00bb pointe du doigt une petite fille qui se console rapidement.<\/p>\n<p class=\"xsm-p\">Ne pas tra\u00eener, car\u00a0les all\u00e9es se remplissent vite. Une petite file se forme d&rsquo;ailleurs d\u00e9j\u00e0 devant les vendeurs de vin chaud. Marine, 34 ans, a pour sa part jet\u00e9 son d\u00e9volu sur un chalet de th\u00e9s. \u00ab Je viens d\u2019acheter une trentaine de sachets pour ma m\u00e8re qui vit en Bretagne mais qui est fan du th\u00e9 de No\u00ebl de Strasbourg ! On va en avoir au moins pour six mois \u00bb sourit-elle. \u00ab J\u2019aime venir au lancement car il y a moins de monde. C\u2019est plus agr\u00e9able et moins stressant \u00bb, ajoute la jeune femme.<\/p>\n<p>  &#13;<br \/>\n      <a href=\"https:\/\/cdn-s-www.dna.fr\/images\/87b21a6a-cb0b-4dcd-9143-b2932248cfe6\/NW_raw\/les-exposants-sont-au-rendez-vous-c-est-parti-pour-un-mois-de-marche-photo-jean-marc-loos-1764163383.jpg\" title=\"Les exposants sont au rendez-vous, c&#039;est parti pour un mois de march\u00e9. Photo Jean-Marc Loos\" class=\"chocolat-image GA-tracking\" data-ga_type=\"click\" data-ga_category=\"D\u00e9tail\" data-ga_action=\"zoomer\" data-ga_label=\"agrandir image\" target=\"_blank\" rel=\"noopener\">&#13;<br \/>\n          <img loading=\"lazy\" decoding=\"async\" src=\"https:\/\/www.europesays.com\/fr\/wp-content\/uploads\/2025\/11\/les-exposants-sont-au-rendez-vous-c-est-parti-pour-un-mois-de-marche-photo-jean-marc-loos-1764163383.jpeg\" data-mobile=\"NW_listC_M|1764163383\" data-base=\"NW_listC|1764163383\" alt=\"Les exposants sont au rendez-vous, c'est parti pour un mois de march\u00e9. Photo Jean-Marc Loos\"\/>&#13;<br \/>\n      <\/a>&#13;<\/p>\n<p>Les exposants sont au rendez-vous, c&rsquo;est parti pour un mois de march\u00e9. Photo Jean-Marc Loos<\/p>\n<p>&#13;<\/p>\n<p>  Des classiques et une nouveaut\u00e9<\/p>\n<p class=\"xsm-p\">Le lancement est, de fait, r\u00e9ussi. Pas de gros impair en tout cas, contrairement au top d\u00e9part des illuminations, donn\u00e9 vendredi 21 et marqu\u00e9 <a href=\"https:\/\/www.dna.fr\/culture-loisirs\/2025\/11\/26\/le-bug-du-buzzer-des-illuminations-de-noel-fait-le-buzz\" target=\"_blank\" rel=\"noopener\">par un bug de \u00ab buzzer \u00bb<\/a> qui a beaucoup fait rire dans la presse et sur le web.<\/p>\n<p class=\"xsm-p\">Les chalets (ouverts tous les jours de 11\u00a0h\u00a030 \u00e0 21\u00a0h) sont 300, dispos\u00e9s sur les principales places du centre-ville strasbourgeois. Cette ann\u00e9e, le Christkindelsm\u00e4rik reprend ses droits place Broglie, tandis que les abords de la cath\u00e9drale accueillent des chalets d\u00e9di\u00e9s \u00e0 l\u2019artisanat traditionnel. Place Kl\u00e9ber, ce sont les associations caritatives qui m\u00e8nent le bal, avec les chalets d\u00e9di\u00e9s \u00e0 la brasserie artisanale.<\/p>\n<p class=\"xsm-p\">Sur la terrasse du palais Rohan, place aux douceurs et gourmandises. Le march\u00e9 passe \u00e9galement par place du Temple Neuf, la Petite-France et le square Louise Weiss avec son village de l\u2019avent d\u00e9di\u00e9 aux enfants.\u00a0<\/p>\n<p>  Le grand sapin tr\u00e8s attendu<\/p>\n<p class=\"xsm-p\">A noter, le grand sapin de la place Kl\u00e9ber, o\u00f9 scintille <a href=\"https:\/\/www.dna.fr\/culture-loisirs\/2025\/11\/18\/une-boule-scintille-en-hommage-a-une-cycliste-decedee-en-1996\" target=\"_blank\" rel=\"noopener\">une boule en hommage \u00e0 une cycliste d\u00e9c\u00e9d\u00e9e en 1996<\/a>, s&rsquo;illumine tous les jours \u00e0 partir de 16h. Il est d\u00e9cor\u00e9 cette ann\u00e9e sur le th\u00e8me de la couronne (de l\u2019avent). Et c\u00f4t\u00e9 nouveaut\u00e9s, on portera son regard vers <a href=\"https:\/\/www.dna.fr\/culture-loisirs\/2025\/11\/18\/le-chalet-de-l-opera-version-pyramide-de-noel-culmine-a-17-metres-de-haut\" target=\"_blank\" rel=\"noopener\">l\u2019atypique chalet de l\u2019op\u00e9ra<\/a>, qui domine la place Broglie avec ses 17 m\u00e8tres de haut.<\/p>\n<p class=\"xsm-p note\">Plus d&rsquo;informations \u00e0 venir en cours de journ\u00e9e.<\/p>\n<p>\u00a0<\/p>\n<p>        &#13;<br \/>\n          <a href=\"https:\/\/cdn-s-www.dna.fr\/images\/67835482-02b2-4cce-a5c2-0b8246588825\/NW_raw\/le-succes-des-boules-de-meisenthal-perdure-photo-jean-marc-loos-1764165422.jpg\" title=\"Le succ\u00e8s des boules de Meisenthal perdure. Photo Jean-Marc Loos\" class=\"chocolat-image GA-tracking\" data-ga_type=\"click\" data-ga_category=\"D\u00e9tail\" data-ga_action=\"zoomer\" data-ga_label=\"agrandir image\" target=\"_blank\" rel=\"noopener\">&#13;<br \/>\n            <img loading=\"lazy\" decoding=\"async\" src=\"https:\/\/www.europesays.com\/fr\/wp-content\/uploads\/2025\/11\/le-succes-des-boules-de-meisenthal-perdure-photo-jean-marc-loos-1764165422.jpg\" alt=\"Le succ\u00e8s des boules de Meisenthal perdure. Photo Jean-Marc Loos\"\/>&#13;<br \/>\n          <\/a>&#13;<br \/>\n          &#13;<\/p>\n<p class=\"insetTitle\">Les boules de Meisenthal, toujours le rush<\/p>\n<p>Incontournable file devant le chalet des boules de Meisenthal. \u00ab Je suis venue \u00e0 11h30, mais il y avait d\u00e9j\u00e0 la queue. La premi\u00e8re personne a dit qu\u2019elle \u00e9tait l\u00e0 depuis 7h ! \u00bb relate Mathilde, 26 ans, toujours pas servie \u00e0 14h45.<\/p>\n<p>Cette attente dans le froid, elle l\u2019endure pour sa grand m\u00e8re. \u00ab Cela fait des d\u00e9cennies qu\u2019elle les collectionne. Elle en poss\u00e8de une quarantaine. C\u2019est devenu une de nos traditions de No\u00ebl\u00bb, sourit cette Schilikoise.<\/p>\n","protected":false},"excerpt":{"rendered":"Dong ! 14 heures viennent de sonner ce mercredi 26 novembre, heure d\u2019ouverture du march\u00e9 de No\u00ebl. Alors&hellip;\n","protected":false},"author":2,"featured_media":560223,"comment_status":"","ping_status":"","sticky":false,"template":"","format":"standard","meta":{"footnotes":""},"categories":[2820],"tags":[1111,11,2389,2649,2880,1777,674,107,1011,27,775,12,15830,25,640,2879],"class_list":{"0":"post-560222","1":"post","2":"type-post","3":"status-publish","4":"format-standard","5":"has-post-thumbnail","7":"category-strasbourg","8":"tag-actu","9":"tag-actualites","10":"tag-alsace","11":"tag-bas-rhin","12":"tag-edition-strasbourg","13":"tag-eu","14":"tag-europe","15":"tag-fil-info","16":"tag-fr","17":"tag-france","18":"tag-grand-est","19":"tag-news","20":"tag-noel","21":"tag-republique-francaise","22":"tag-strasbourg","23":"tag-strasbourg-ville"},"share_on_mastodon":{"url":"https:\/\/pubeurope.com\/@fr\/115616684765671574","error":""},"_links":{"self":[{"href":"https:\/\/www.europesays.com\/fr\/wp-json\/wp\/v2\/posts\/560222","targetHints":{"allow":["GET"]}}],"collection":[{"href":"https:\/\/www.europesays.com\/fr\/wp-json\/wp\/v2\/posts"}],"about":[{"href":"https:\/\/www.europesays.com\/fr\/wp-json\/wp\/v2\/types\/post"}],"author":[{"embeddable":true,"href":"https:\/\/www.europesays.com\/fr\/wp-json\/wp\/v2\/users\/2"}],"replies":[{"embeddable":true,"href":"https:\/\/www.europesays.com\/fr\/wp-json\/wp\/v2\/comments?post=560222"}],"version-history":[{"count":0,"href":"https:\/\/www.europesays.com\/fr\/wp-json\/wp\/v2\/posts\/560222\/revisions"}],"wp:featuredmedia":[{"embeddable":true,"href":"https:\/\/www.europesays.com\/fr\/wp-json\/wp\/v2\/media\/560223"}],"wp:attachment":[{"href":"https:\/\/www.europesays.com\/fr\/wp-json\/wp\/v2\/media?parent=560222"}],"wp:term":[{"taxonomy":"category","embeddable":true,"href":"https:\/\/www.europesays.com\/fr\/wp-json\/wp\/v2\/categories?post=560222"},{"taxonomy":"post_tag","embeddable":true,"href":"https:\/\/www.europesays.com\/fr\/wp-json\/wp\/v2\/tags?post=560222"}],"curies":[{"name":"wp","href":"https:\/\/api.w.org\/{rel}","templated":true}]}}