{"id":560224,"date":"2025-11-26T15:22:22","date_gmt":"2025-11-26T15:22:22","guid":{"rendered":"https:\/\/www.europesays.com\/fr\/560224\/"},"modified":"2025-11-26T15:22:22","modified_gmt":"2025-11-26T15:22:22","slug":"strasbourg-deux-femmes-jugees-pour-lassassinat-de-la-mere-de-lune-delles-qui-desapprouvait-leur-relation","status":"publish","type":"post","link":"https:\/\/www.europesays.com\/fr\/560224\/","title":{"rendered":"Strasbourg : deux femmes jug\u00e9es pour l&rsquo;assassinat de la m\u00e8re de l&rsquo;une d&rsquo;elles qui d\u00e9sapprouvait leur relation"},"content":{"rendered":"<ul class=\"jsx-862013697 ArticleChapo__List\">\n<li class=\"jsx-862013697 ArticleChapo__List_Item flex\">Un couple de femmes est jug\u00e9 de mercredi \u00e0 vendredi \u00e0 Strasbourg pour l&rsquo;assassinat de la m\u00e8re de l&rsquo;une d&rsquo;elles.<\/li>\n<li class=\"jsx-862013697 ArticleChapo__List_Item flex\">Les deux femmes, qui encourent la r\u00e9clusion criminelle \u00e0 perp\u00e9tuit\u00e9, s&rsquo;\u00e9taient rencontr\u00e9es dans un \u00e9tablissement public de sant\u00e9 mentale.<\/li>\n<li class=\"jsx-862013697 ArticleChapo__List_Item flex\">Une relation d\u00e9sapprouv\u00e9e par leurs m\u00e8res respectives, \u00e0 l&rsquo;origine du meurtre sur fond de probl\u00e8mes psychiatriques.<\/li>\n<\/ul>\n<p data-module=\"article-paragraph\" class=\"jsx-3046738180 Paragraph Paragraph__End\">Elles encourent la r\u00e9clusion criminelle \u00e0 perp\u00e9tuit\u00e9. Deux femmes en couple comparaissent de mercredi \u00e0 vendredi devant la cour d&rsquo;assises du Bas-Rhin pour l&rsquo;assassinat de la m\u00e8re de l&rsquo;une d&rsquo;elles, d&rsquo;une soixantaine de coups de couteau, en 2022.<\/p>\n<p data-module=\"article-paragraph\" class=\"jsx-3046738180 Paragraph Paragraph__End\">Toutes deux sans profession, \u00c9lodie B. (42 ans) et Sandy S. (35 ans) s&rsquo;\u00e9taient rencontr\u00e9es dans l&rsquo;\u00e9tablissement public de sant\u00e9 mentale de Brumath (Bas-Rhin). Leurs m\u00e8res respectives d\u00e9sapprouvaient leur relation, estimant que chacune avait une mauvaise influence sur l&rsquo;autre. La premi\u00e8re \u00e9tait sous curatelle renforc\u00e9e au moment des faits et la seconde est sous tutelle aujourd&rsquo;hui.\u00a0<\/p>\n<p>Une soixantaine de coups de couteau avant de fuir \u00e0 Bordeaux <\/p>\n<p data-module=\"article-paragraph\" class=\"jsx-3046738180 Paragraph\">Le 13 octobre 2022, \u00c9lodie B. avait contact\u00e9 sa grand-m\u00e8re pour lui dire que Sandy S. et elle-m\u00eame avaient tu\u00e9 la m\u00e8re de Sandy, Sonia D. La police et les pompiers ont d\u00e9couvert son corps sans vie \u00e0 son domicile, assis sur une chaise, la t\u00eate recouverte d&rsquo;un sac-poubelle noir et le dos lard\u00e9 de coups de couteau. La m\u00e9decin l\u00e9giste a relev\u00e9 une soixantaine de plaies, essentiellement dans le dos et la nuque.<\/p>\n<p data-module=\"article-paragraph\" class=\"jsx-3046738180 Paragraph Paragraph__End\">\u00c0 Bordeaux, o\u00f9 elles avaient fui en train gr\u00e2ce aux 500 euros subtilis\u00e9s \u00e0 la victime, \u00c9lodie et Sandy se sont rendues dans un h\u00f4pital, o\u00f9 elles ont avou\u00e9 le meurtre de Sonia D.\u00a0<\/p>\n<p>Manipulation et expertise psychiatrique<\/p>\n<p data-module=\"article-paragraph\" class=\"jsx-3046738180 Paragraph Paragraph__End\">En garde \u00e0 vue, \u00c9lodie a racont\u00e9 qu&rsquo;elle et sa compagne s&rsquo;\u00e9taient rendues chez la m\u00e8re de Sandy pour la tuer, en raison d&rsquo;un comportement jug\u00e9 odieux de la victime envers elles.\u00a0Sandy a livr\u00e9 une version similaire des faits aux enqu\u00eateurs, d\u00e9clarant que sa m\u00e8re n&rsquo;acceptait pas leur relation et se montrait \u00ab\u00a0m\u00e9chante\u00a0\u00bb avec elles.<\/p>\n<p><a href=\"https:\/\/www.tf1info.fr\/justice-faits-divers\/video-reportage-proces-dans-les-landes-d-une-mere-maylis-daubon-accusee-d-avoir-empoisonne-ses-filles-qu-est-ce-que-le-syndrome-de-muenchhausen-par-procuration-2408676.html\" rel=\"nofollow noopener\" class=\"jsx-3308031228 Link flex\" target=\"_blank\"><img decoding=\"async\" src=\"https:\/\/www.europesays.com\/fr\/wp-content\/uploads\/2025\/11\/cap-filll-ddc1a0-0@1x.jpeg\" alt=\"TF1\" loading=\"lazy\" importance=\"low\" fetchpriority=\"low\" class=\"\" aria-hidden=\"true\"\/><\/p>\n<p class=\"jsx-3657663356 ReadMoreArticle__Title\">Lire aussi<\/p>\n<p class=\"jsx-3657663356\">Maylis Daubon suspect\u00e9e d&rsquo;avoir empoisonn\u00e9 ses filles : qu&rsquo;est-ce que le syndrome de M\u00fcnchhausen par procuration ?<\/p>\n<p><\/a><\/p>\n<p data-module=\"article-paragraph\" class=\"jsx-3046738180 Paragraph Paragraph__End\">Au cours de l&rsquo;instruction, chacune des deux femmes a estim\u00e9 avoir \u00e9t\u00e9 manipul\u00e9e par l&rsquo;autre. Une expertise psychiatrique a indiqu\u00e9 que Sandy \u00e9tait atteinte d&rsquo;un trouble psychique ayant alt\u00e9r\u00e9 son discernement au moment des faits, tandis qu&rsquo;\u00c9lodie a \u00e9t\u00e9 consid\u00e9r\u00e9e comme \u00e9tant pleinement responsable de ses actes.<\/p>\n<p>Victor GAUTIER avec AFP<\/p>\n","protected":false},"excerpt":{"rendered":"Un couple de femmes est jug\u00e9 de mercredi \u00e0 vendredi \u00e0 Strasbourg pour l&rsquo;assassinat de la m\u00e8re de&hellip;\n","protected":false},"author":2,"featured_media":560225,"comment_status":"","ping_status":"","sticky":false,"template":"","format":"standard","meta":{"footnotes":""},"categories":[2820],"tags":[1111,11,1921,1777,674,1011,27,775,1922,303,2954,777,12,1072,4775,25,640,133,2953],"class_list":{"0":"post-560224","1":"post","2":"type-post","3":"status-publish","4":"format-standard","5":"has-post-thumbnail","7":"category-strasbourg","8":"tag-actu","9":"tag-actualites","10":"tag-article-video","11":"tag-eu","12":"tag-europe","13":"tag-fr","14":"tag-france","15":"tag-grand-est","16":"tag-info","17":"tag-justice","18":"tag-justice-et-faits-divers","19":"tag-meurtre","20":"tag-news","21":"tag-police","22":"tag-pompier","23":"tag-republique-francaise","24":"tag-strasbourg","25":"tag-video","26":"tag-video-police"},"share_on_mastodon":{"url":"https:\/\/pubeurope.com\/@fr\/115616688046458634","error":""},"_links":{"self":[{"href":"https:\/\/www.europesays.com\/fr\/wp-json\/wp\/v2\/posts\/560224","targetHints":{"allow":["GET"]}}],"collection":[{"href":"https:\/\/www.europesays.com\/fr\/wp-json\/wp\/v2\/posts"}],"about":[{"href":"https:\/\/www.europesays.com\/fr\/wp-json\/wp\/v2\/types\/post"}],"author":[{"embeddable":true,"href":"https:\/\/www.europesays.com\/fr\/wp-json\/wp\/v2\/users\/2"}],"replies":[{"embeddable":true,"href":"https:\/\/www.europesays.com\/fr\/wp-json\/wp\/v2\/comments?post=560224"}],"version-history":[{"count":0,"href":"https:\/\/www.europesays.com\/fr\/wp-json\/wp\/v2\/posts\/560224\/revisions"}],"wp:featuredmedia":[{"embeddable":true,"href":"https:\/\/www.europesays.com\/fr\/wp-json\/wp\/v2\/media\/560225"}],"wp:attachment":[{"href":"https:\/\/www.europesays.com\/fr\/wp-json\/wp\/v2\/media?parent=560224"}],"wp:term":[{"taxonomy":"category","embeddable":true,"href":"https:\/\/www.europesays.com\/fr\/wp-json\/wp\/v2\/categories?post=560224"},{"taxonomy":"post_tag","embeddable":true,"href":"https:\/\/www.europesays.com\/fr\/wp-json\/wp\/v2\/tags?post=560224"}],"curies":[{"name":"wp","href":"https:\/\/api.w.org\/{rel}","templated":true}]}}