{"id":560230,"date":"2025-11-26T15:25:21","date_gmt":"2025-11-26T15:25:21","guid":{"rendered":"https:\/\/www.europesays.com\/fr\/560230\/"},"modified":"2025-11-26T15:25:21","modified_gmt":"2025-11-26T15:25:21","slug":"huit-actifs-sur-dix-vont-travailler-en-voiture-en-pays-de-la-loire","status":"publish","type":"post","link":"https:\/\/www.europesays.com\/fr\/560230\/","title":{"rendered":"Huit actifs sur dix vont travailler en voiture, en Pays de la Loire"},"content":{"rendered":"<p>Chaque actif des Pays de la Loire \u00e9met en moyenne 726\u00a0kg de gaz \u00e0 effet de serres par an, pour aller travailler. Selon l\u2019Insee, qui publie cette enqu\u00eate, \u00a0cela repr\u00e9sente l\u2019\u00e9quivalent des \u00e9missions d\u2019un aller-retour entre Nantes et Marrakech en avion\u00a0. Mais comment faire autrement\u00a0? Dans la r\u00e9gion, huit actifs sur dix utilisent la voiture pour aller travailler, ce qui\u00a0repr\u00e9sente 98,5\u00a0% des \u00e9missions de CO2\u00a0li\u00e9es au trajet domicile travail.<\/p>\n<p>14\u00a0kg de CO2 par semaine en moyenne<\/p>\n<p>Sans surprise, les salari\u00e9s vivant dans des zones rurales \u00e9loign\u00e9es \u00e9mettent le plus (19,2\u00a0kg par semaine), ceux qui habitent les zones urbaines denses \u00e9mettent le moins (6,2\u00a0kg), car ils peuvent aller travailler \u00e0 pied, \u00e0 v\u00e9lo ou en transports en commun. La moyenne des actifs des Pays de la Loire, c\u2019est 14\u00a0kg de CO2\u00a0par semaine, un tout petit plus que celle des Fran\u00e7ais (13,6\u00a0kg).<\/p>\n<p>\u00a0<\/p>\n","protected":false},"excerpt":{"rendered":"Chaque actif des Pays de la Loire \u00e9met en moyenne 726\u00a0kg de gaz \u00e0 effet de serres par&hellip;\n","protected":false},"author":2,"featured_media":560231,"comment_status":"","ping_status":"","sticky":false,"template":"","format":"standard","meta":{"footnotes":""},"categories":[2818],"tags":[4961,1111,11,1777,674,1011,27,3367,766,12,5457,2636,25,16724,4752],"class_list":{"0":"post-560230","1":"post","2":"type-post","3":"status-publish","4":"format-standard","5":"has-post-thumbnail","7":"category-nantes","8":"tag-actifs","9":"tag-actu","10":"tag-actualites","11":"tag-eu","12":"tag-europe","13":"tag-fr","14":"tag-france","15":"tag-loire","16":"tag-nantes","17":"tag-news","18":"tag-pays","19":"tag-pays-de-la-loire","20":"tag-republique-francaise","21":"tag-travailler","22":"tag-voiture"},"share_on_mastodon":{"url":"https:\/\/pubeurope.com\/@fr\/115616699153817434","error":""},"_links":{"self":[{"href":"https:\/\/www.europesays.com\/fr\/wp-json\/wp\/v2\/posts\/560230","targetHints":{"allow":["GET"]}}],"collection":[{"href":"https:\/\/www.europesays.com\/fr\/wp-json\/wp\/v2\/posts"}],"about":[{"href":"https:\/\/www.europesays.com\/fr\/wp-json\/wp\/v2\/types\/post"}],"author":[{"embeddable":true,"href":"https:\/\/www.europesays.com\/fr\/wp-json\/wp\/v2\/users\/2"}],"replies":[{"embeddable":true,"href":"https:\/\/www.europesays.com\/fr\/wp-json\/wp\/v2\/comments?post=560230"}],"version-history":[{"count":0,"href":"https:\/\/www.europesays.com\/fr\/wp-json\/wp\/v2\/posts\/560230\/revisions"}],"wp:featuredmedia":[{"embeddable":true,"href":"https:\/\/www.europesays.com\/fr\/wp-json\/wp\/v2\/media\/560231"}],"wp:attachment":[{"href":"https:\/\/www.europesays.com\/fr\/wp-json\/wp\/v2\/media?parent=560230"}],"wp:term":[{"taxonomy":"category","embeddable":true,"href":"https:\/\/www.europesays.com\/fr\/wp-json\/wp\/v2\/categories?post=560230"},{"taxonomy":"post_tag","embeddable":true,"href":"https:\/\/www.europesays.com\/fr\/wp-json\/wp\/v2\/tags?post=560230"}],"curies":[{"name":"wp","href":"https:\/\/api.w.org\/{rel}","templated":true}]}}