{"id":560241,"date":"2025-11-26T15:32:17","date_gmt":"2025-11-26T15:32:17","guid":{"rendered":"https:\/\/www.europesays.com\/fr\/560241\/"},"modified":"2025-11-26T15:32:17","modified_gmt":"2025-11-26T15:32:17","slug":"lille-marche-spectacles-decouvrez-mairie-christmas-ce-samedi-a-lhotel-de-ville","status":"publish","type":"post","link":"https:\/\/www.europesays.com\/fr\/560241\/","title":{"rendered":"Lille. March\u00e9, spectacles\u2026 D\u00e9couvrez \u00ab Mairie Christmas \u00bb ce samedi \u00e0 l\u2019H\u00f4tel de ville\u00a0!"},"content":{"rendered":"<p>                    Par<br \/>\n        <strong><br \/>\n            <a href=\"https:\/\/actu.fr\/auteur\/nicolas-demollien\" title=\"Consulter tous les articles de Nicolas Demollien\" target=\"_blank\" rel=\"noopener\">Nicolas Demollien<\/a><br \/>\n                    <\/strong><\/p>\n<p>        Publi\u00e9 le<\/p>\n<p>            26 nov. 2025 \u00e0 15h56        <\/p>\n<p>\u00ab\u2009Un march\u00e9 de <a href=\"https:\/\/actu.fr\/tag\/noel\" target=\"_blank\" rel=\"noopener\">No\u00ebl<\/a> local, durable, solidaire et z\u00e9ro d\u00e9chet pour des <b>f\u00eates de fin d\u2019ann\u00e9e plus \u00e9coresponsables<\/b>\u2009\u00bb. Voil\u00e0 comment la Ville de <a href=\"https:\/\/actu.fr\/hauts-de-france\/lille_59350\" target=\"_blank\" rel=\"noopener\">Lille<\/a> (Nord) pr\u00e9sente son grand \u00e9v\u00e9nement <b>Mairie Christmas<\/b> qui se tiendra \u00e0 l\u2019h\u00f4tel de ville ce samedi 29\u00a0novembre 2025 de 13\u2009h \u00e0 19\u2009h. Et ce n\u2019est pas tout\u2009!<\/p>\n<p>Ce samedi 29\u00a0novembre \u00e0 l\u2019h\u00f4tel de ville de Lille, c\u2019est \u00ab\u2009Mairie Christmas\u2009\u00bb\u2009!<\/p>\n<p class=\" wall-content\">L\u2019\u00e9v\u00e9nement est mis en place dans le cadre de la Semaine europ\u00e9enne de r\u00e9duction des d\u00e9chets, du Festival des Solidarit\u00e9s Internationales et du Mois de l\u2019\u00c9conomie Sociale et Solidaire, en partenariat avec la <a href=\"https:\/\/actu.fr\/tag\/metropole-europeenne-de-lille\" target=\"_blank\" rel=\"noopener\">M\u00e9tropole europ\u00e9enne de Lille<\/a>.<\/p>\n<p data-end=\"1018\" class=\" wall-content\">Dans une ambiance annonc\u00e9e \u00ab\u2009musicale et festive\u2009\u00bb, cet apr\u00e8s-midi rassemblera <b>une trentaine d\u2019acteurs du r\u00e9emploi, de la production alimentaire locale ou encore de l\u2019artisanat d\u2019art<\/b>. \u00ab\u2009Tous proposeront des id\u00e9es de cadeaux de seconde main ou fabriqu\u00e9s localement\u2009\u00bb, annonce la Ville.<\/p>\n<p data-end=\"1134\" class=\" wall-content\">De nombreuses animations gratuites, sans r\u00e9servation et adapt\u00e9es aux petits et grands, seront \u00e9galement propos\u00e9es.<\/p>\n<p class=\" wall-content\">\u2013 14\u2009h\u2009: spectacle de contes (familles et enfants \u00e0 partir de 5\u00a0ans)<br data-end=\"1227\"\/>\u2013 16\u2009h et 18\u2009h\u2009: spectacle de No\u00ebl \u00ab\u2009Lucie et le gardien des lettres de No\u00ebl\u2009\u00bb par la compagnie du Tire-Laine (de 3 \u00e0 8\u00a0ans)<br data-end=\"1381\"\/>\u2013 17\u2009h\u2009: chorale par Les Voix Imp\u2019<\/p>\n<ul class=\" wall-content\">\n<li data-end=\"1849\"><b data-end=\"1466\">Ateliers et animations \u00e0 partir de 14\u2009h\u2009:<\/b><\/li>\n<\/ul>\n<p>Votre r\u00e9gion, votre actu !<\/p>\n<p>Recevez chaque jour les infos qui comptent pour vous.<\/p>\n<p>\t<a href=\"https:\/\/actu.fr\/newsletter\" class=\"ac-btn ac-btn--corner ac-btn--medium ac-btn--blue800\" target=\"_blank\" rel=\"noopener\">S&rsquo;incrire<\/a><\/p>\n<p class=\" wall-content\">\u2013 Atelier ludique et cr\u00e9atif de fabrication de d\u00e9corations de No\u00ebl<br data-end=\"1538\"\/>\u2013 Atelier d\u00e9gustation de bouch\u00e9es festives responsables<br data-end=\"1600\"\/>\u2013 Atelier cr\u00e9ation de bee wraps<br data-end=\"1638\"\/>\u2013 Atelier couture z\u00e9ro d\u00e9chet<br data-end=\"1674\"\/>\u2013 Atelier cr\u00e9ation de cosm\u00e9tiques naturels<br data-end=\"1723\"\/>\u2013 Atelier Furoshiki<br data-end=\"1749\"\/>\u2013 Animation cadeaux et f\u00eates z\u00e9ro d\u00e9chet<br data-end=\"1796\"\/>\u2013 Quiz mobilit\u00e9 avec la Maison des Mobilit\u00e9s Durables<\/p>\n<p data-end=\"1971\" class=\" wall-content\">La Ville de Lille donne \u00e9galement rendez-vous aux visiteurs sur son stand, \u00e0 l\u2019accueil, pour participer \u00e0 une chasse aux tr\u00e9sors\u2009!<\/p>\n<p data-end=\"2079\" class=\" wall-content\">Notons que l\u2019entr\u00e9e \u00e0 \u00ab\u2009Mairie Christmas\u2009\u00bb se fait depuis l\u2019ancienne entr\u00e9e de la mairie, situ\u00e9e c\u00f4t\u00e9 Porte de Paris.<\/p>\n<p data-end=\"2079\" class=\" wall-content\">Plus d\u2019infos sur le site de la Ville\u2009: <a href=\"https:\/\/www.lille.fr\/Actualites\/Mairie-Christmas-2025\" target=\"_blank\" rel=\"noopener\">lille.fr<\/a>.<\/p>\n<p class=\" wall-content\">Personnalisez votre actualit\u00e9 en ajoutant vos villes et m\u00e9dias en favori avec <a href=\"https:\/\/moncompte.actu.fr\" title=\"D\u00e9couvez Mon Actu\" rel=\"nofollow noopener\" data-trk=\"{&quot;cta&quot;:{&quot;action&quot;:&quot;https:\\\/\\\/moncompte.actu.fr&quot;,&quot;category&quot;:&quot;mon compte&quot;,&quot;from&quot;:&quot;article footer&quot;,&quot;name&quot;:&quot;Mon actu&quot;,&quot;type&quot;:&quot;cta&quot;}}\" target=\"_blank\">Mon Actu<\/a>.<\/p>\n","protected":false},"excerpt":{"rendered":"Par Nicolas Demollien Publi\u00e9 le 26 nov. 2025 \u00e0 15h56 \u00ab\u2009Un march\u00e9 de No\u00ebl local, durable, solidaire et&hellip;\n","protected":false},"author":2,"featured_media":560242,"comment_status":"","ping_status":"","sticky":false,"template":"","format":"standard","meta":{"footnotes":""},"categories":[2815],"tags":[1111,11,1777,674,1011,27,811,1307,1652,12,15830,25],"class_list":{"0":"post-560241","1":"post","2":"type-post","3":"status-publish","4":"format-standard","5":"has-post-thumbnail","7":"category-lille","8":"tag-actu","9":"tag-actualites","10":"tag-eu","11":"tag-europe","12":"tag-fr","13":"tag-france","14":"tag-hauts-de-france","15":"tag-lille","16":"tag-loisirs-culture","17":"tag-news","18":"tag-noel","19":"tag-republique-francaise"},"share_on_mastodon":{"url":"https:\/\/pubeurope.com\/@fr\/115616726802671850","error":""},"_links":{"self":[{"href":"https:\/\/www.europesays.com\/fr\/wp-json\/wp\/v2\/posts\/560241","targetHints":{"allow":["GET"]}}],"collection":[{"href":"https:\/\/www.europesays.com\/fr\/wp-json\/wp\/v2\/posts"}],"about":[{"href":"https:\/\/www.europesays.com\/fr\/wp-json\/wp\/v2\/types\/post"}],"author":[{"embeddable":true,"href":"https:\/\/www.europesays.com\/fr\/wp-json\/wp\/v2\/users\/2"}],"replies":[{"embeddable":true,"href":"https:\/\/www.europesays.com\/fr\/wp-json\/wp\/v2\/comments?post=560241"}],"version-history":[{"count":0,"href":"https:\/\/www.europesays.com\/fr\/wp-json\/wp\/v2\/posts\/560241\/revisions"}],"wp:featuredmedia":[{"embeddable":true,"href":"https:\/\/www.europesays.com\/fr\/wp-json\/wp\/v2\/media\/560242"}],"wp:attachment":[{"href":"https:\/\/www.europesays.com\/fr\/wp-json\/wp\/v2\/media?parent=560241"}],"wp:term":[{"taxonomy":"category","embeddable":true,"href":"https:\/\/www.europesays.com\/fr\/wp-json\/wp\/v2\/categories?post=560241"},{"taxonomy":"post_tag","embeddable":true,"href":"https:\/\/www.europesays.com\/fr\/wp-json\/wp\/v2\/tags?post=560241"}],"curies":[{"name":"wp","href":"https:\/\/api.w.org\/{rel}","templated":true}]}}