{"id":560251,"date":"2025-11-26T15:37:18","date_gmt":"2025-11-26T15:37:18","guid":{"rendered":"https:\/\/www.europesays.com\/fr\/560251\/"},"modified":"2025-11-26T15:37:18","modified_gmt":"2025-11-26T15:37:18","slug":"ligue-europa-ol-mata-reste-a-lyon-un-groupe-de-21-joueurs-en-serbie","status":"publish","type":"post","link":"https:\/\/www.europesays.com\/fr\/560251\/","title":{"rendered":"Ligue Europa. OL\u00a0: Mata reste \u00e0 Lyon, un groupe de 21 joueurs en Serbie"},"content":{"rendered":"<p>Apr\u00e8s une ultime s\u00e9ance d\u2019entra\u00eenement ce mercredi matin \u00e0 D\u00e9cines, les joueurs de Paulo Fonseca ont pris l\u2019avion pour rallier la Serbie et la petite ville de Backa Topola o\u00f9 ils disputeront jeudi soir la cinqui\u00e8me journ\u00e9e de Ligue Europa face au Maccabi Tel-Aviv (21h). Rappelons que <a href=\"https:\/\/www.leprogres.fr\/sport\/2025\/11\/25\/petit-stade-faible-affluence-contexte-comment-l-ol-prepare-son-match-face-au-maccabi-en-serbie\" target=\"_blank\" rel=\"noopener\">cette rencontre a \u00e9t\u00e9 d\u00e9localis\u00e9e<\/a> en raison du contexte g\u00e9opolitique.<\/p>\n<p>Paulo Fonseca a emmen\u00e9 avec lui un groupe de 21 joueurs dans lequel la seule absence, outre les bless\u00e9s de plus longue date (Fofana, Nuamah, Kluivert, Ghezzal), est Clinton Mata. Le d\u00e9fenseur \u00e9tait en effet sorti \u00e0 l\u2019heure de jeu \u00e0 Auxerre apr\u00e8s une douleur \u00e0 la cuisse et va donc sagement rester en soins.<\/p>\n<p>  Hamdani encore convoqu\u00e9<\/p>\n<p>\u00c0 noter que <a href=\"https:\/\/www.leprogres.fr\/sport\/2025\/11\/23\/ol-jorge-maciel-encense-adil-hamdani-apres-sa-premiere-apparition-a-16-ans-en-professionnel\" target=\"_blank\" rel=\"noopener\">le jeune Adil Hamdani,<\/a> 16 ans, honore une seconde convocation d\u2019affil\u00e9e apr\u00e8s Auxerre et que m\u00eame si R\u00e9my Descamps pourrait \u00eatre titularis\u00e9 jeudi soir, Dominik Greif fait bien partie du voyage, tout comme Tyler Morton et Nicolas Tagliafico qui \u00e9taient suspendus \u00e0 Auxerre.<\/p>\n<p><strong>Le groupe lyonnais<\/strong> : Greif, Descamps, Diarra &#8211; Abner, Niakhat\u00e9, Barisic, Maitland-Niles, Tagliafico &#8211; Tessmann, Tolisso, De Carvalho, Merah, Gon\u00e7alves, Morton &#8211; Karabec, Sulc, Moreira, Satriano, Molebe, Rodriguez, Hamdani.<\/p>\n","protected":false},"excerpt":{"rendered":"Apr\u00e8s une ultime s\u00e9ance d\u2019entra\u00eenement ce mercredi matin \u00e0 D\u00e9cines, les joueurs de Paulo Fonseca ont pris l\u2019avion&hellip;\n","protected":false},"author":2,"featured_media":560252,"comment_status":"","ping_status":"","sticky":false,"template":"","format":"standard","meta":{"footnotes":""},"categories":[1889],"tags":[1111,11,2430,2757,1777,674,63,1011,27,2428,2756,12,2755,25,2429,517],"class_list":{"0":"post-560251","1":"post","2":"type-post","3":"status-publish","4":"format-standard","5":"has-post-thumbnail","7":"category-lyon","8":"tag-actu","9":"tag-actualites","10":"tag-auvergne-rhone-alpes","11":"tag-edition-lyon-villeurbanne","12":"tag-eu","13":"tag-europe","14":"tag-football","15":"tag-fr","16":"tag-france","17":"tag-lyon","18":"tag-lyon-bassin","19":"tag-news","20":"tag-ol-olympique-lyonnais-football","21":"tag-republique-francaise","22":"tag-rhone","23":"tag-sport"},"share_on_mastodon":{"url":"https:\/\/pubeurope.com\/@fr\/115616746279381128","error":""},"_links":{"self":[{"href":"https:\/\/www.europesays.com\/fr\/wp-json\/wp\/v2\/posts\/560251","targetHints":{"allow":["GET"]}}],"collection":[{"href":"https:\/\/www.europesays.com\/fr\/wp-json\/wp\/v2\/posts"}],"about":[{"href":"https:\/\/www.europesays.com\/fr\/wp-json\/wp\/v2\/types\/post"}],"author":[{"embeddable":true,"href":"https:\/\/www.europesays.com\/fr\/wp-json\/wp\/v2\/users\/2"}],"replies":[{"embeddable":true,"href":"https:\/\/www.europesays.com\/fr\/wp-json\/wp\/v2\/comments?post=560251"}],"version-history":[{"count":0,"href":"https:\/\/www.europesays.com\/fr\/wp-json\/wp\/v2\/posts\/560251\/revisions"}],"wp:featuredmedia":[{"embeddable":true,"href":"https:\/\/www.europesays.com\/fr\/wp-json\/wp\/v2\/media\/560252"}],"wp:attachment":[{"href":"https:\/\/www.europesays.com\/fr\/wp-json\/wp\/v2\/media?parent=560251"}],"wp:term":[{"taxonomy":"category","embeddable":true,"href":"https:\/\/www.europesays.com\/fr\/wp-json\/wp\/v2\/categories?post=560251"},{"taxonomy":"post_tag","embeddable":true,"href":"https:\/\/www.europesays.com\/fr\/wp-json\/wp\/v2\/tags?post=560251"}],"curies":[{"name":"wp","href":"https:\/\/api.w.org\/{rel}","templated":true}]}}