{"id":560257,"date":"2025-11-26T15:41:12","date_gmt":"2025-11-26T15:41:12","guid":{"rendered":"https:\/\/www.europesays.com\/fr\/560257\/"},"modified":"2025-11-26T15:41:12","modified_gmt":"2025-11-26T15:41:12","slug":"violences-sexuelles-dans-le-periscolaire-a-paris-les-familles-de-victimes-demandent-une-commission-denquete","status":"publish","type":"post","link":"https:\/\/www.europesays.com\/fr\/560257\/","title":{"rendered":"Violences sexuelles dans le p\u00e9riscolaire \u00e0 Paris : les familles de victimes demandent une commission d\u2019enqu\u00eate"},"content":{"rendered":"<p class=\"mb-4 text-lg md:leading-8 break-words\">\u00ab\u00a0Le silence doit cesser\u00a0\u00bb\u00a0: des familles d\u2019enfants ayant port\u00e9 plainte pour des<a href=\"https:\/\/fr.news.yahoo.com\/parler-violences-milieu-p%C3%A9riscolaire-%C3%A0-050021013.html\" data-ylk=\"slk:agressions sexuelles dans le p\u00e9riscolaire;elm:context_link;itc:0;sec:content-canvas;outcm:mb_qualified_link;_E:mb_qualified_link;ct:story;\" class=\"link  yahoo-link\" target=\"_blank\" rel=\"noopener\"> agressions sexuelles dans le p\u00e9riscolaire <\/a>\u00e0 Paris appellent \u00e0 une mobilisation \u00ab\u00a0totale et transparente\u00a0\u00bb sur ces cas de violences et maltraitances.<\/p>\n<p class=\"mb-4 text-lg md:leading-8 break-words\">\u00ab\u00a0Nos enfants ont pay\u00e9 le prix de ces d\u00e9faillances. En revanche, il est encore temps et c\u2019est notre responsabilit\u00e9 collective, de <a href=\"https:\/\/fr.news.yahoo.com\/aurore-berg%C3%A9-pr%C3%B4ne-casier-judiciaire-191708243.html\" data-ylk=\"slk:prot\u00e9ger les enfants encore dans le p\u00e9riscolaire;elm:context_link;itc:0;sec:content-canvas;outcm:mb_qualified_link;_E:mb_qualified_link;ct:story;\" class=\"link  yahoo-link\" target=\"_blank\" rel=\"noopener\">prot\u00e9ger les enfants encore dans le p\u00e9riscolaire<\/a>\u00a0\u00bb, \u00e9crivent les parents dans un communiqu\u00e9 publi\u00e9 mardi 25\u00a0novembre au soir.<\/p>\n<p class=\"mb-4 text-lg md:leading-8 break-words\"><a href=\"https:\/\/fr.news.yahoo.com\/recrutement-animateurs-p%C3%A9riscolaires-point-crucial-174011633.html\" data-ylk=\"slk:Le recrutement des animateurs p\u00e9riscolaires, point crucial de la lutte contre les violences;elm:context_link;itc:0;sec:content-canvas;outcm:mb_qualified_link;_E:mb_qualified_link;ct:story;\" class=\"link  yahoo-link\" target=\"_blank\" rel=\"noopener\"> Le recrutement des animateurs p\u00e9riscolaires, point crucial de la lutte contre les violences <\/a><\/p>\n<p class=\"mb-4 text-lg md:leading-8 break-words\">\u00ab\u00a0Nous r\u00e9clamons \u00e9galement une r\u00e9union avec les services du parquet pour avoir un retour sur les enqu\u00eates en cours et les poursuites envisag\u00e9es. Le silence doit cesser\u00a0\u00bb, ajoutent les familles repr\u00e9sent\u00e9es par l\u2019avocat Ari\u00e9 Alimi.<\/p>\n<p>Des viols \u00ab\u00a0sur des enfants d\u2019\u00e0 peine trois ans\u00a0\u00bb<\/p>\n<p class=\"mb-4 text-lg md:leading-8 break-words\">\u00ab\u00a0Le minist\u00e8re public et les administrations municipales en g\u00e9n\u00e9ral ne semblent pas avoir pris la pleine mesure du probl\u00e8me\u00a0\u00bb, peut-on encore lire. \u00ab\u00a0Nous parlons de viols et d\u2019agressions sexuelles sur des enfants d\u2019\u00e0 peine trois ans. Nous parlons de traumatismes qui marquent \u00e0 vie. Nous parlons de familles plong\u00e9es dans l\u2019angoisse de savoir et comprendre ce qui a pu arriver \u00e0 leurs enfants.\u00a0\u00bb<\/p>\n<p class=\"mb-4 text-lg md:leading-8 break-words\">Re\u00e7ues mardi par le minist\u00e8re de la Justice, ces familles annoncent solliciter l\u2019organisation d\u2019une commission parlementaire \u00ab\u00a0avec un p\u00e9rim\u00e8tre d\u2019enqu\u00eate capable d\u2019embrasser la dimension syst\u00e9mique de ces violences sexuelles et des maltraitances.\u00a0\u00bb<\/p>\n<p class=\"mb-4 text-lg md:leading-8 break-words\">Le p\u00e9riscolaire parisien est \u00e9clabouss\u00e9 depuis plusieurs mois par une s\u00e9rie de signalements d\u2019agressions sexuelles dans des \u00e9coles maternelles. En 2025, trente animateurs ont \u00e9t\u00e9 suspendus, dont 16 pour des suspicions de faits \u00e0 caract\u00e8re sexuel, un chiffre stable par rapport aux deux ann\u00e9es pr\u00e9c\u00e9dentes, selon la mairie.<\/p>\n<p class=\"mb-4 text-lg md:leading-8 break-words\">Lundi, la procureure sp\u00e9cialis\u00e9e mineurs du parquet de Paris, Lisa-Lou Wipf, a fait savoir dans le quotidien Lib\u00e9ration que quinze enqu\u00eates avaient \u00e9t\u00e9 ouvertes en 2025 pour des agressions sexuelles dans des \u00e9coles maternelles parisiennes.<\/p>\n<p>Des mesures \u00ab\u00a0insuffisantes\u00a0\u00bb<\/p>\n<p class=\"mb-4 text-lg md:leading-8 break-words\">\u00c0 la suite des r\u00e9v\u00e9lations, la Ville de Paris a annonc\u00e9 mi-novembre un plan de lutte contre les violences sexistes et sexuelles faites aux enfants <a href=\"https:\/\/fr.news.yahoo.com\/semaine-4-jours-%C3%A0-l-102212250.html\" data-ylk=\"slk:dans les \u00e9coles;elm:context_link;itc:0;sec:content-canvas;outcm:mb_qualified_link;_E:mb_qualified_link;ct:story;\" class=\"link  yahoo-link\" target=\"_blank\" rel=\"noopener\">dans les \u00e9coles<\/a>, avec la cr\u00e9ation d\u2019un poste de d\u00e9fenseur des enfants et un renforcement de la formation des animateurs.<\/p>\n<p class=\"mb-4 text-lg md:leading-8 break-words\">Des mesures \u00ab\u00a0insuffisantes\u00a0\u00bb selon le collectif SOS P\u00e9riscolaire\u00a0fond\u00e9 en 2021 par deux m\u00e8res d\u2019enfants scolaris\u00e9s \u00e0 Paris, Anne et \u00c9lisabeth, qui \u00e9voquent des familles \u00ab\u00a0d\u00e9munies\u00a0\u00bb. \u00ab\u00a0Elles sont d\u00e9sabus\u00e9es, elles se sentent abandonn\u00e9es par la mairie et d\u00e9noncent un m\u00e9pris de la parole des enfants\u00a0\u00bb, indique Anne \u00e0 l\u2019AFP.<\/p>\n<p class=\"mb-4 text-lg md:leading-8 break-words\">En quatre ans, leur collectif a re\u00e7u 400 t\u00e9moignages sur des \u00ab\u00a0comportements verbaux et physiques inappropri\u00e9s\u00a0\u00bb de membres du p\u00e9riscolaire \u00e0 Paris et dans d\u2019autres villes du territoire.<\/p>\n<p>Des \u00ab\u00a0failles persistantes\u00a0\u00bb<\/p>\n<p class=\"mb-4 text-lg md:leading-8 break-words\">Au-del\u00e0 \u00ab\u00a0des cas les plus graves\u00a0\u00bb, il y a toute \u00ab\u00a0une zone grise parce que les parents ne portent pas plainte quand leur enfant se prend une tape derri\u00e8re la t\u00eate sauf qu\u2019un enfant qui se prend une tape derri\u00e8re la t\u00eate tous les jours \u00e7a le plombe et c\u2019est de la violence\u00a0\u00bb, insiste Anne, qui appelle \u00e0 am\u00e9liorer la cha\u00eene de signalements face \u00e0 des \u00ab\u00a0failles persistantes\u00a0\u00bb.<\/p>\n<p class=\"mb-4 text-lg md:leading-8 break-words\">Un constat partag\u00e9 par l\u2019antenne parisienne de la F\u00e9d\u00e9ration de parents d\u2019\u00e9l\u00e8ves FCPE qui \u00e9voque des \u00ab\u00a0signalements peu suivis d\u2019effet, manque de formation, protocoles flous ou proc\u00e9dures trop lentes.\u00a0\u00bb<\/p>\n<p class=\"mb-4 text-lg md:leading-8 break-words\">Elle a annonc\u00e9 le 18\u00a0novembre la cr\u00e9ation d\u2019une commission \u00ab\u00a0Agir contre les violences\u00a0\u00bb qui pr\u00e9voit notamment la mise en place d\u2019un \u00ab\u00a0espace\u00a0de\u00a0signalement\u00a0de\u00a0toutes\u00a0les formes de violences subies par les \u00e9l\u00e8ves\u00a0\u00bb. \u00ab\u00a0\u00c9tat, Ville, \u00c9ducation nationale et justice, chacun doit maintenant agir\u00a0\u00bb, a estim\u00e9 la FCPE Paris.<\/p>\n<p class=\"mb-4 text-lg md:leading-8 break-words\"><a href=\"https:\/\/fr.news.yahoo.com\/belle-id%C3%A9e-th%C3%A9orie-semaine-5-105058018.html\" data-ylk=\"slk:\u00ab\u00a0Une belle id\u00e9e, en th\u00e9orie\u00a0\u00bb\u00a0: la semaine de 5\u00a0jours \u00e0 l\u2019\u00e9cole ne fait pas l\u2019unanimit\u00e9 aupr\u00e8s de ces parents;elm:context_link;itc:0;sec:content-canvas;outcm:mb_qualified_link;_E:mb_qualified_link;ct:story;\" class=\"link  yahoo-link\" target=\"_blank\" rel=\"noopener\"> \u00ab\u00a0Une belle id\u00e9e, en th\u00e9orie\u00a0\u00bb\u00a0: la semaine de 5\u00a0jours \u00e0 l\u2019\u00e9cole ne fait pas l\u2019unanimit\u00e9 aupr\u00e8s de ces parents <\/a><\/p>\n<p class=\"mb-4 text-lg md:leading-8 break-words\"><a href=\"https:\/\/fr.news.yahoo.com\/emmanuel-gr%C3%A9goire-t%C3%A9moigne-avoir-%C3%A9t%C3%A9-074613387.html\" data-ylk=\"slk:Emmanuel Gr\u00e9goire, victime de violences sexuelles en CM1, d\u00e9cide de \u00ab\u00a0lever ce silence\u00a0\u00bb;elm:context_link;itc:0;sec:content-canvas;outcm:mb_qualified_link;_E:mb_qualified_link;ct:story;\" class=\"link  yahoo-link\" target=\"_blank\" rel=\"noopener\"> Emmanuel Gr\u00e9goire, victime de violences sexuelles en CM1, d\u00e9cide de \u00ab\u00a0lever ce silence\u00a0\u00bb <\/a><\/p>\n","protected":false},"excerpt":{"rendered":"\u00ab\u00a0Le silence doit cesser\u00a0\u00bb\u00a0: des familles d\u2019enfants ayant port\u00e9 plainte pour des agressions sexuelles dans le p\u00e9riscolaire \u00e0&hellip;\n","protected":false},"author":2,"featured_media":560258,"comment_status":"","ping_status":"","sticky":false,"template":"","format":"standard","meta":{"footnotes":""},"categories":[1888],"tags":[1111,1928,11,1927,1401,5137,1777,674,67711,1011,27,24081,12,1926,626,1925,25,799],"class_list":{"0":"post-560257","1":"post","2":"type-post","3":"status-publish","4":"format-standard","5":"has-post-thumbnail","7":"category-paris","8":"tag-actu","9":"tag-actu-paris","10":"tag-actualites","11":"tag-actualites-paris","12":"tag-agressions-sexuelles","13":"tag-commission-denquete","14":"tag-eu","15":"tag-europe","16":"tag-formation-des-animateurs","17":"tag-fr","18":"tag-france","19":"tag-la-ville-de-paris","20":"tag-news","21":"tag-news-paris","22":"tag-paris","23":"tag-paris-news","24":"tag-republique-francaise","25":"tag-violences-sexuelles"},"share_on_mastodon":{"url":"https:\/\/pubeurope.com\/@fr\/115616762226195778","error":""},"_links":{"self":[{"href":"https:\/\/www.europesays.com\/fr\/wp-json\/wp\/v2\/posts\/560257","targetHints":{"allow":["GET"]}}],"collection":[{"href":"https:\/\/www.europesays.com\/fr\/wp-json\/wp\/v2\/posts"}],"about":[{"href":"https:\/\/www.europesays.com\/fr\/wp-json\/wp\/v2\/types\/post"}],"author":[{"embeddable":true,"href":"https:\/\/www.europesays.com\/fr\/wp-json\/wp\/v2\/users\/2"}],"replies":[{"embeddable":true,"href":"https:\/\/www.europesays.com\/fr\/wp-json\/wp\/v2\/comments?post=560257"}],"version-history":[{"count":0,"href":"https:\/\/www.europesays.com\/fr\/wp-json\/wp\/v2\/posts\/560257\/revisions"}],"wp:featuredmedia":[{"embeddable":true,"href":"https:\/\/www.europesays.com\/fr\/wp-json\/wp\/v2\/media\/560258"}],"wp:attachment":[{"href":"https:\/\/www.europesays.com\/fr\/wp-json\/wp\/v2\/media?parent=560257"}],"wp:term":[{"taxonomy":"category","embeddable":true,"href":"https:\/\/www.europesays.com\/fr\/wp-json\/wp\/v2\/categories?post=560257"},{"taxonomy":"post_tag","embeddable":true,"href":"https:\/\/www.europesays.com\/fr\/wp-json\/wp\/v2\/tags?post=560257"}],"curies":[{"name":"wp","href":"https:\/\/api.w.org\/{rel}","templated":true}]}}