{"id":560267,"date":"2025-11-26T15:46:13","date_gmt":"2025-11-26T15:46:13","guid":{"rendered":"https:\/\/www.europesays.com\/fr\/560267\/"},"modified":"2025-11-26T15:46:13","modified_gmt":"2025-11-26T15:46:13","slug":"usa-hausse-surprise-des-stocks-hebdomadaires-de-petrole-2","status":"publish","type":"post","link":"https:\/\/www.europesays.com\/fr\/560267\/","title":{"rendered":"USA : hausse surprise des stocks hebdomadaires de p\u00e9trole"},"content":{"rendered":"<p>(AOF) &#8211; Aux Etats-Unis, la semaine derni\u00e8re, les stocks de p\u00e9trole brut ont augment\u00e9 de 2,774 millions de barils, apr\u00e8s une baisse de 3,426 millions de barils la semaine pr\u00e9c\u00e9dente. Les sp\u00e9cialistes anticipaient en moyenne une baisse de 1,3 million de barils. Les stocks d&rsquo;essence ont progress\u00e9 la semaine derni\u00e8re de 2,513 millions de barils, apr\u00e8s une hausse de 2,327 millions la semaine pr\u00e9c\u00e9dente. Enfin, les r\u00e9serves de produits distill\u00e9s ont connu une augmentation de 1,147 million de barils, contre +0,171 million la semaine pr\u00e9c\u00e9dente.<\/p>\n","protected":false},"excerpt":{"rendered":"(AOF) &#8211; Aux Etats-Unis, la semaine derni\u00e8re, les stocks de p\u00e9trole brut ont augment\u00e9 de 2,774 millions de&hellip;\n","protected":false},"author":2,"featured_media":16694,"comment_status":"","ping_status":"","sticky":false,"template":"","format":"standard","meta":{"footnotes":""},"categories":[1589],"tags":[11,73,1866,12,1864,1865,1863,308],"class_list":{"0":"post-560267","1":"post","2":"type-post","3":"status-publish","4":"format-standard","5":"has-post-thumbnail","7":"category-etats-unis","8":"tag-actualites","9":"tag-etats-unis","10":"tag-etats-unis-damerique","11":"tag-news","12":"tag-united-states","13":"tag-united-states-of-america","14":"tag-us","15":"tag-usa"},"share_on_mastodon":{"url":"","error":""},"_links":{"self":[{"href":"https:\/\/www.europesays.com\/fr\/wp-json\/wp\/v2\/posts\/560267","targetHints":{"allow":["GET"]}}],"collection":[{"href":"https:\/\/www.europesays.com\/fr\/wp-json\/wp\/v2\/posts"}],"about":[{"href":"https:\/\/www.europesays.com\/fr\/wp-json\/wp\/v2\/types\/post"}],"author":[{"embeddable":true,"href":"https:\/\/www.europesays.com\/fr\/wp-json\/wp\/v2\/users\/2"}],"replies":[{"embeddable":true,"href":"https:\/\/www.europesays.com\/fr\/wp-json\/wp\/v2\/comments?post=560267"}],"version-history":[{"count":0,"href":"https:\/\/www.europesays.com\/fr\/wp-json\/wp\/v2\/posts\/560267\/revisions"}],"wp:featuredmedia":[{"embeddable":true,"href":"https:\/\/www.europesays.com\/fr\/wp-json\/wp\/v2\/media\/16694"}],"wp:attachment":[{"href":"https:\/\/www.europesays.com\/fr\/wp-json\/wp\/v2\/media?parent=560267"}],"wp:term":[{"taxonomy":"category","embeddable":true,"href":"https:\/\/www.europesays.com\/fr\/wp-json\/wp\/v2\/categories?post=560267"},{"taxonomy":"post_tag","embeddable":true,"href":"https:\/\/www.europesays.com\/fr\/wp-json\/wp\/v2\/tags?post=560267"}],"curies":[{"name":"wp","href":"https:\/\/api.w.org\/{rel}","templated":true}]}}