{"id":560270,"date":"2025-11-26T15:48:23","date_gmt":"2025-11-26T15:48:23","guid":{"rendered":"https:\/\/www.europesays.com\/fr\/560270\/"},"modified":"2025-11-26T15:48:23","modified_gmt":"2025-11-26T15:48:23","slug":"la-reine-silvia-recompensee-en-allemagne-par-le-chancelier-friedrich-merz","status":"publish","type":"post","link":"https:\/\/www.europesays.com\/fr\/560270\/","title":{"rendered":"La reine Silvia r\u00e9compens\u00e9e en Allemagne par le chancelier Friedrich Merz"},"content":{"rendered":"<p>La reine Silvia de Su\u00e8de s\u2019est rendue en Allemagne, son pays natal, ce 25 novembre 2025. L\u2019\u00e9pouse du chef d\u2019\u00c9tat su\u00e9dois \u00e9tait attendue \u00e0 Berlin pour y recevoir un prix des mains du chancelier allemand Friedrich Merz. <\/p>\n<p><strong>Lire aussi : <a href=\"https:\/\/histoiresroyales.fr\/roi-philippe-recoit-president-allemand-frank-walter-steinmeier-chateau-de-laeken\/\" target=\"_blank\" rel=\"noopener\">Le roi Philippe re\u00e7oit le pr\u00e9sident allemand Frank-Walter Steinmeier au ch\u00e2teau de Laeken<\/a><\/strong><\/p>\n<p>La reine Silvia re\u00e7oit un prix dans son pays natal <\/p>\n<p>La reine Silvia de Su\u00e8de, 81 ans, rentre fr\u00e9quemment en Allemagne, son pays natal, o\u00f9 elle m\u00e8ne des activit\u00e9s caritatives, notamment pour le compte de sa fondation Childhood. Ce 25 novembre 2025, elle \u00e9tait mise \u00e0 l\u2019honneur \u00e0 Berlin, en recevant le \u00ab\u00a0Prix allemand des PME \u00bb des mains du chancelier Friedrich Merz. La c\u00e9r\u00e9monie s\u2019est d\u00e9roul\u00e9e \u00e0 l\u2019Allianz Forum pr\u00e8s de la porte de Brandebourg.<\/p>\n<p><img fetchpriority=\"high\" decoding=\"async\" width=\"1300\" height=\"862\" src=\"https:\/\/www.europesays.com\/fr\/wp-content\/uploads\/2025\/11\/reine-silvia-chancelier-allemand-friedrich-merz-recompense.jpg\" alt=\"\" class=\"wp-image-229805 lazyload\" data-  \/>La reine Silvia de Su\u00e8de \u00e0 c\u00f4t\u00e9 du chancelier Friedrich Merz lors de la c\u00e9r\u00e9monie de remise des Prix allemands des PME (Photo : Fabian Sommer\/DPA\/ABACAPRESS.COM)<\/p>\n<p><strong>Lire aussi : <a href=\"https:\/\/histoiresroyales.fr\/princesse-madeleine-diner-de-gala-fondation-childhood-stockholm\/\" target=\"_blank\" rel=\"noopener\">La princesse Madeleine au d\u00eener de gala de la fondation Childhood \u00e0 Stockholm<\/a><\/strong><\/p>\n<p>En 1999, la reine Silvia a cr\u00e9\u00e9 la fondation mondiale Childhood, qui se consacre \u00e0 la protection de l\u2019enfance. N\u00e9e en Allemagne et \u00e9duqu\u00e9e au Br\u00e9sil, la reine Silvia a d\u00e9velopp\u00e9 des branches ind\u00e9pendantes dans ces deux pays et aux \u00c9tats-Unis. La fondation Childhood Allemagne a ouvert dix maisons d\u2019accueil pour enfants victimes de violences sexuelles et d\u2019abus dans leur famille. <\/p>\n<blockquote class=\"instagram-media\" data-instgrm-permalink=\"https:\/\/www.instagram.com\/p\/DRhZsidjHgi\/?utm_source=ig_embed&amp;utm_campaign=loading\" data-instgrm-version=\"14\" style=\" background:#FFF; border:0; border-radius:3px; box-shadow:0 0 1px 0 rgba(0,0,0,0.5),0 1px 10px 0 rgba(0,0,0,0.15); margin: 1px; max-width:540px; min-width:326px; padding:0; width:99.375%; width:-webkit-calc(100% - 2px); width:calc(100% - 2px);\"\/>\n<p><strong>Lire aussi : <a href=\"https:\/\/histoiresroyales.fr\/roi-felipe-vi-reine-letizia-accueillent-president-allemand-honneurs-palais-royal-de-madrid\/\" target=\"_blank\" rel=\"noopener\">Le roi Felipe VI et la reine Letizia accueillent le pr\u00e9sident allemand avec les honneurs au palais royal de Madrid<\/a><\/strong><\/p>\n<p>Le chancelier allemand distingue la reine de Su\u00e8de pour son engagement aupr\u00e8s des enfants<\/p>\n<p><a href=\"https:\/\/www.spiegel.de\/panorama\/leute\/deutscher-mittelstandspreis-friedrich-merz-wuerdigt-koenigin-silvia-fuer-kampf-gegen-kindesmissbrauch-a-80883742-eafd-410a-8efe-15360cc72918\" target=\"_blank\" rel=\"noreferrer noopener nofollow\">Der Spiegel <\/a>rapporte les propos prononc\u00e9s par le chancelier allemand dans son \u00e9loge \u00e0 la Reine : \u00ab Quiconque s\u2019attaque \u00e0 ce probl\u00e8me se confronte \u00e0 l\u2019ab\u00eeme humain le plus profond et choisit de ne pas d\u00e9tourner le regard, mais au contraire d\u2019apaiser les souffrances \u00bb. Le chef du gouvernement f\u00e9d\u00e9ral allemand a d\u00e9clar\u00e9 : \u00ab Cet engagement m\u00e9rite notre plus grand respect. La violence envers les enfants est sans doute le crime le plus terrible, le plus odieux qui soit. \u00bb<\/p>\n<p><img loading=\"lazy\" decoding=\"async\" width=\"931\" height=\"1400\" src=\"https:\/\/www.europesays.com\/fr\/wp-content\/uploads\/2025\/11\/discours-remerciement-reine-silvia-de-suede-berlin-prix-mit-931x1400.jpg\" alt=\"\" class=\"wp-image-229806 lazyload\" data-  \/>La reine Silvia prononce un discours apr\u00e8s avoir re\u00e7u le prix sp\u00e9cial des PME, un prix d\u00e9cern\u00e9 par le Mittelstands- und Wirtschaftsunion (MIT) (Photo : Geisler\/Agentur Wehnert\/M. Granzdorfer\/DDP\/ABACAPRESS.COM)<\/p>\n<p><strong>Lire aussi : <a href=\"https:\/\/histoiresroyales.fr\/princesse-heritiere-victoria-rencontre-chancelier-merz-president-allemand-berlin\/\" target=\"_blank\" rel=\"noopener\">La princesse h\u00e9riti\u00e8re Victoria rencontre le pr\u00e9sident allemand et le chancelier Merz \u00e0 Berlin<\/a><\/strong><\/p>\n<p>Le prix des PME du MIT est remis chaque ann\u00e9e dans plusieurs cat\u00e9gories, \u00e0 des entrepreneurs et des personnalit\u00e9s. Le prix remis \u00e0 la reine Silvia est un prix sp\u00e9cial pour son engagement caritatif en Allemagne, \u00e0 travers les actions de sa fondation. \u00ab\u00a0Nous ne pouvons avancer qu\u2019ensemble. Unis par la conscience que le respect des droits humains passe n\u00e9cessairement par une responsabilit\u00e9 partag\u00e9e\u00a0\u00bb, a d\u00e9clar\u00e9 pour sa part la reine, en recevant son prix. Elle a particuli\u00e8rement insist\u00e9 sur la coop\u00e9ration entre la Su\u00e8de et l\u2019Allemagne, notamment sur des sujets sensibles comme la protection de l\u2019enfance.<\/p>\n<p>Silvia Sommerlath est n\u00e9e \u00e0 Heidelberg, dans le Bade-Wurtemberg, en 1943. Elle a grandi au Br\u00e9sil, pays d\u2019origine de sa m\u00e8re, et sa famille est rentr\u00e9e en Allemagne lorsqu\u2019elle avait 14 ans. Silvia travaillait au consulat d\u2019Argentine \u00e0 Munich, lorsqu\u2019elle a crois\u00e9 le futur roi Carl XVI Gustaf de Su\u00e8de dans le cadre des Jeux olympiques en 1972. Le couple s\u2019est mari\u00e9 en 1976, deux ans apr\u00e8s l\u2019accession au tr\u00f4ne de Carl XVI Gustaf. <\/p>\n<p>\t\t\t\t<img loading=\"lazy\" alt=\"Avatar photo\" src=\"https:\/\/www.europesays.com\/fr\/wp-content\/uploads\/2025\/04\/1516945716303-164x164.jpeg\"  class=\"avatar avatar-164 photo lazyload\" height=\"164\" width=\"164\" decoding=\"async\"\/><br \/>\n\t\t<a href=\"https:\/\/histoiresroyales.fr\/author\/royaliste123\/\" target=\"_blank\" rel=\"noopener\">Nicolas Fontaine<\/a><br \/>\n\t\t\t\t\tR\u00e9dacteur en chef<\/p>\n<p>Nicolas Fontaine a \u00e9t\u00e9 concepteur-r\u00e9dacteur et auteur pour de nombreuses marques et m\u00e9dias belges et fran\u00e7ais. Sp\u00e9cialiste de l&rsquo;actualit\u00e9 des familles royales, Nicolas a fond\u00e9 le site Histoires royales dont il est le r\u00e9dacteur en chef.&#13;<br \/>\n&#13;<br \/>\nnicolas@histoiresroyales.fr<\/p>\n<p>\t\t\t\t\t\t\t<a href=\"https:\/\/twitter.com\/ActusRoyales\" class=\"boxed-icon fill twitter\" target=\"_blank\" rel=\"noopener\"><\/a><br \/>\n\t\t\t\t\t\t\t\t\t<a href=\"https:\/\/www.instagram.com\/histoiresroyales.fr\/\" class=\"boxed-icon fill instagram\" target=\"_blank\" rel=\"noopener\"><\/a><\/p>\n<p>\t\t\t\t\t\t\t\t\t\t\t\t\t<script async src=\"https:\/\/platform.twitter.com\/widgets.js\" charset=\"utf-8\"><\/script><script async src=\"\/\/www.instagram.com\/embed.js\"><\/script><\/p>\n","protected":false},"excerpt":{"rendered":"La reine Silvia de Su\u00e8de s\u2019est rendue en Allemagne, son pays natal, ce 25 novembre 2025. L\u2019\u00e9pouse du&hellip;\n","protected":false},"author":2,"featured_media":560271,"comment_status":"","ping_status":"","sticky":false,"template":"","format":"standard","meta":{"footnotes":""},"categories":[1587],"tags":[11,672,1804,19487,1805,1803,1777,674,4710,1801,12,2141,48098,12335,1802],"class_list":{"0":"post-560270","1":"post","2":"type-post","3":"status-publish","4":"format-standard","5":"has-post-thumbnail","7":"category-allemagne","8":"tag-actualites","9":"tag-allemagne","10":"tag-bundesrepublik-deutschland","11":"tag-chancelier-allemand","12":"tag-de","13":"tag-deutschland","14":"tag-eu","15":"tag-europe","16":"tag-friedrich-merz","17":"tag-germany","18":"tag-news","19":"tag-prix","20":"tag-reine-silvia-de-suu00e8de","21":"tag-remise-de-prix","22":"tag-republique-federale-dallemagne"},"share_on_mastodon":{"url":"https:\/\/pubeurope.com\/@fr\/115616791772198119","error":""},"_links":{"self":[{"href":"https:\/\/www.europesays.com\/fr\/wp-json\/wp\/v2\/posts\/560270","targetHints":{"allow":["GET"]}}],"collection":[{"href":"https:\/\/www.europesays.com\/fr\/wp-json\/wp\/v2\/posts"}],"about":[{"href":"https:\/\/www.europesays.com\/fr\/wp-json\/wp\/v2\/types\/post"}],"author":[{"embeddable":true,"href":"https:\/\/www.europesays.com\/fr\/wp-json\/wp\/v2\/users\/2"}],"replies":[{"embeddable":true,"href":"https:\/\/www.europesays.com\/fr\/wp-json\/wp\/v2\/comments?post=560270"}],"version-history":[{"count":0,"href":"https:\/\/www.europesays.com\/fr\/wp-json\/wp\/v2\/posts\/560270\/revisions"}],"wp:featuredmedia":[{"embeddable":true,"href":"https:\/\/www.europesays.com\/fr\/wp-json\/wp\/v2\/media\/560271"}],"wp:attachment":[{"href":"https:\/\/www.europesays.com\/fr\/wp-json\/wp\/v2\/media?parent=560270"}],"wp:term":[{"taxonomy":"category","embeddable":true,"href":"https:\/\/www.europesays.com\/fr\/wp-json\/wp\/v2\/categories?post=560270"},{"taxonomy":"post_tag","embeddable":true,"href":"https:\/\/www.europesays.com\/fr\/wp-json\/wp\/v2\/tags?post=560270"}],"curies":[{"name":"wp","href":"https:\/\/api.w.org\/{rel}","templated":true}]}}