{"id":560288,"date":"2025-11-26T16:04:14","date_gmt":"2025-11-26T16:04:14","guid":{"rendered":"https:\/\/www.europesays.com\/fr\/560288\/"},"modified":"2025-11-26T16:04:14","modified_gmt":"2025-11-26T16:04:14","slug":"asse-horneland-attend-son-porte-bohneur","status":"publish","type":"post","link":"https:\/\/www.europesays.com\/fr\/560288\/","title":{"rendered":"ASSE : Horneland attend son porte-bohneur"},"content":{"rendered":"<p><b>Avec une victoire importante face \u00e0 l\u2019AS Nancy Lorraine,<br \/>\nl\u2019AS Saint-Etienne encha\u00eene une deuxi\u00e8me victoire cons\u00e9cutive importante dans<br \/>\nla course \u00e0 la mont\u00e9e. Mais les Verts sont toujours priv\u00e9s de leur porte-bonheur. <\/b><\/p>\n<p>Deux mois que l\u2019AS Saint-Etienne n\u2019avait pas encha\u00een\u00e9 deux<br \/>\nvictoires cons\u00e9cutives en championnat. Les Verts ont glan\u00e9 un succ\u00e8s pr\u00e9cieux<br \/>\ndu c\u00f4t\u00e9 de Nancy le week-end dernier (2-1). Dans une spirale n\u00e9gative avant la<br \/>\ntr\u00eave internationale, les Verts veulent d\u00e9sormais laisser la mauvaise passe<br \/>\nderri\u00e8re eux et tenter de revenir sur le leader Troyes. Deuxi\u00e8me du championnat<br \/>\n\u00e0 trois points des Aubois, l\u2019<a href=\"https:\/\/www.foot01.com\/st-etienne\" target=\"_self\" rel=\"noopener\">ASSE <\/a>aura besoin de son porte-bonheur sur la suite<br \/>\nde la saison, son nom, Chico Lamba.Chico Lamba porte-bonheurLe d\u00e9fenseur central est arriv\u00e9 cet \u00e9t\u00e9 en provenance<br \/>\nd\u2019Arouca au Portugal contre six millions d\u2019euros. Recrue la plus ch\u00e8re du<br \/>\nmercato st\u00e9phanois, le jeune international espoirs portugais n\u2019a connu qu\u2019une<br \/>\nseule d\u00e9faite avec l\u2019AS Saint-Etienne (face \u00e0 Guingamp 3-2). Bless\u00e9 aux<br \/>\nadducteurs depuis la mi-temps du match \u00e0 Montpellier, Chico Lamba n\u2019a plus<br \/>\nfoul\u00e9 les pelouses de <a href=\"https:\/\/www.foot01.com\/ligue2\" title=\"Ligue 2\" target=\"_blank\" rel=\"noopener\">Ligue 2<\/a> depuis deux mois. Sans lui, les Verts ont connu<br \/>\nla d\u00e9faite \u00e0 trois reprises en six journ\u00e9es. Ce mercredi, le m\u00e9dia <a href=\"https:\/\/peuple-vert.fr\/asse-actualite\/ratio-victoire-joueurs-asse\/\" target=\"_blank\" rel=\"noopener\">Peuple Vert<br \/>\n<\/a>a dress\u00e9 un tableau des joueurs de l\u2019effectif d\u2019Eirik Horneland qui glane le<br \/>\nplus de points avec l\u2019ASSE.<\/p>\n<p>Le constat est implacable, Chico Lamba est en t\u00eate.<br \/>\nLe d\u00e9fenseur poss\u00e8de un ratio de points de gagn\u00e9s de 74,07% cette saison, une<br \/>\npetite longueur devant Augustine Boakye. Le Portugais est un moteur pour la<br \/>\nformation d\u2019Eirik Horneland. L&rsquo;entra\u00eeneur Norv\u00e9gien doit avoir h\u00e2te de<br \/>\nretrouver son roc d\u00e9fensif afin d\u2019assurer de la stabilit\u00e9 \u00e0 une d\u00e9fense qui a<br \/>\nconnu des difficult\u00e9s. L\u2019ASSE ne compte qu\u2019un clean sheet depuis son<br \/>\nabsence. La date de son retour n&rsquo;est pas encore connue. De son c\u00f4t\u00e9, l&rsquo;ASSE disputera un tour de Coupe de France ce week-end.<\/p>\n","protected":false},"excerpt":{"rendered":"Avec une victoire importante face \u00e0 l\u2019AS Nancy Lorraine, l\u2019AS Saint-Etienne encha\u00eene une deuxi\u00e8me victoire cons\u00e9cutive importante dans&hellip;\n","protected":false},"author":2,"featured_media":560289,"comment_status":"","ping_status":"","sticky":false,"template":"","format":"standard","meta":{"footnotes":""},"categories":[1410],"tags":[461,63,1011,27,446,60],"class_list":{"0":"post-560288","1":"post","2":"type-post","3":"status-publish","4":"format-standard","5":"has-post-thumbnail","7":"category-football","8":"tag-asse","9":"tag-football","10":"tag-fr","11":"tag-france","12":"tag-ligue-2","13":"tag-sports"},"share_on_mastodon":{"url":"https:\/\/pubeurope.com\/@fr\/115616852527966985","error":""},"_links":{"self":[{"href":"https:\/\/www.europesays.com\/fr\/wp-json\/wp\/v2\/posts\/560288","targetHints":{"allow":["GET"]}}],"collection":[{"href":"https:\/\/www.europesays.com\/fr\/wp-json\/wp\/v2\/posts"}],"about":[{"href":"https:\/\/www.europesays.com\/fr\/wp-json\/wp\/v2\/types\/post"}],"author":[{"embeddable":true,"href":"https:\/\/www.europesays.com\/fr\/wp-json\/wp\/v2\/users\/2"}],"replies":[{"embeddable":true,"href":"https:\/\/www.europesays.com\/fr\/wp-json\/wp\/v2\/comments?post=560288"}],"version-history":[{"count":0,"href":"https:\/\/www.europesays.com\/fr\/wp-json\/wp\/v2\/posts\/560288\/revisions"}],"wp:featuredmedia":[{"embeddable":true,"href":"https:\/\/www.europesays.com\/fr\/wp-json\/wp\/v2\/media\/560289"}],"wp:attachment":[{"href":"https:\/\/www.europesays.com\/fr\/wp-json\/wp\/v2\/media?parent=560288"}],"wp:term":[{"taxonomy":"category","embeddable":true,"href":"https:\/\/www.europesays.com\/fr\/wp-json\/wp\/v2\/categories?post=560288"},{"taxonomy":"post_tag","embeddable":true,"href":"https:\/\/www.europesays.com\/fr\/wp-json\/wp\/v2\/tags?post=560288"}],"curies":[{"name":"wp","href":"https:\/\/api.w.org\/{rel}","templated":true}]}}