{"id":560292,"date":"2025-11-26T16:06:28","date_gmt":"2025-11-26T16:06:28","guid":{"rendered":"https:\/\/www.europesays.com\/fr\/560292\/"},"modified":"2025-11-26T16:06:28","modified_gmt":"2025-11-26T16:06:28","slug":"la-2e-edition-du-symposium-de-sculpture-investit-lhabitation-zevallos","status":"publish","type":"post","link":"https:\/\/www.europesays.com\/fr\/560292\/","title":{"rendered":"la 2\u00e8 \u00e9dition du Symposium de sculpture investit l&rsquo;habitation Z\u00e9vallos"},"content":{"rendered":"<p class=\"svelte-qfpp5o first-paragraph\">Depuis samedi, sculpteurs confirm\u00e9s et jeunes mains curieuses partagent le m\u00eame espace au c\u0153ur de la nature guadeloup\u00e9enne. Organis\u00e9 par l&rsquo;association ARTKWI, le Symposium de sculpture offre au public une exp\u00e9rience artistique immersive. Dans le parc de l&rsquo;habitation Z\u00e9vallos et au site arch\u00e9ologique Ouatibi-tibi, les visiteurs peuvent assister en direct \u00e0 la cr\u00e9ation d&rsquo;\u0153uvres monumentales sur bois et sur pierre.<\/p>\n<p>La sculpture, une transmission vivante<\/p>\n<p class=\"svelte-qfpp5o\">Parmi les moments forts du symposium, les ateliers de sculpture pour enfants attirent l&rsquo;attention. Thomas Petit, sculpteur plasticien collaborant avec l&rsquo;association Love Generation, initie les plus jeunes \u00e0 la mani\u00e8re de tenir le maillet, \u00e0 doser leur force, et \u00e0 ressentir la mati\u00e8re sous leurs mains.<\/p>\n<p class=\"svelte-qfpp5o\">\u00ab\u00a0C&rsquo;est un peu dur, mais \u00e7a, c&rsquo;est bien\u00a0\u00bb, lance l&rsquo;un d&rsquo;eux, concentr\u00e9 sur son premier coup de ciseau. Thomas appr\u00e9cie leur spontan\u00e9it\u00e9 et leur sens de l&rsquo;\u00e9coute : \u00ab\u00a0Parfois, c&rsquo;est plus simple qu&rsquo;avec des adultes\u00a0\u00bb, sourit-il.<\/p>\n<p>Des r\u00e9sidences d&rsquo;artistes ouvertes au public<\/p>\n<p class=\"svelte-qfpp5o\">Un peu plus loin, les artistes en r\u00e9sidence s&rsquo;attaquent \u00e0 des blocs imposants. C\u00e9drick Boucard, artiste plasticien, s&rsquo;essaie pour la premi\u00e8re fois \u00e0 la sculpture sur pierre. Il souligne l&rsquo;exigence physique du travail : \u00ab\u00a0Il faut retirer de la masse, c&rsquo;est l\u00e0 toute la difficult\u00e9.\u00a0\u00bb Non loin, Kaf\u00e9 B\u00e9tian sculpte le bois \u00e0 la tron\u00e7onneuse : son ambition, cr\u00e9er \u00ab\u00a0une porte vers le futur\u00a0\u00bb.<\/p>\n<p>Un th\u00e8me commun, des expressions uniques<\/p>\n<p class=\"svelte-qfpp5o\">Le th\u00e8me de cette 2\u00e8 \u00e9dition, <b>\u00ab\u00a0les jardins du divers\u00a0\u00bb,<\/b> guide les r\u00e9flexions et les formes. Pour Fran\u00e7ois Piquet, artiste et organisateur, l&rsquo;enjeu est aussi de permettre aux cr\u00e9ateurs de sortir de leur zone de confort : \u00ab\u00a0Le symposium offre la possibilit\u00e9 de travailler sur des formats ou des mat\u00e9riaux inaccessibles habituellement.\u00a0\u00bb<\/p>\n<p class=\"svelte-qfpp5o\">Visible jusqu&rsquo;au 21 d\u00e9cembre, le Symposium de sculpture invite le public \u00e0 d\u00e9couvrir la cr\u00e9ation en temps r\u00e9el et \u00e0 d\u00e9ambuler entre les \u0153uvres qui, demain, enrichiront le patrimoine artistique du Moule.<\/p>\n","protected":false},"excerpt":{"rendered":"Depuis samedi, sculpteurs confirm\u00e9s et jeunes mains curieuses partagent le m\u00eame espace au c\u0153ur de la nature guadeloup\u00e9enne.&hellip;\n","protected":false},"author":2,"featured_media":560293,"comment_status":"","ping_status":"","sticky":false,"template":"","format":"standard","meta":{"footnotes":""},"categories":[1358],"tags":[1348,1384,1385,1386,58,59,1011,27],"class_list":{"0":"post-560292","1":"post","2":"type-post","3":"status-publish","4":"format-standard","5":"has-post-thumbnail","7":"category-arts-et-design","8":"tag-arts","9":"tag-arts-and-design","10":"tag-arts-et-design","11":"tag-design","12":"tag-divertissement","13":"tag-entertainment","14":"tag-fr","15":"tag-france"},"share_on_mastodon":{"url":"https:\/\/pubeurope.com\/@fr\/115616860307733594","error":""},"_links":{"self":[{"href":"https:\/\/www.europesays.com\/fr\/wp-json\/wp\/v2\/posts\/560292","targetHints":{"allow":["GET"]}}],"collection":[{"href":"https:\/\/www.europesays.com\/fr\/wp-json\/wp\/v2\/posts"}],"about":[{"href":"https:\/\/www.europesays.com\/fr\/wp-json\/wp\/v2\/types\/post"}],"author":[{"embeddable":true,"href":"https:\/\/www.europesays.com\/fr\/wp-json\/wp\/v2\/users\/2"}],"replies":[{"embeddable":true,"href":"https:\/\/www.europesays.com\/fr\/wp-json\/wp\/v2\/comments?post=560292"}],"version-history":[{"count":0,"href":"https:\/\/www.europesays.com\/fr\/wp-json\/wp\/v2\/posts\/560292\/revisions"}],"wp:featuredmedia":[{"embeddable":true,"href":"https:\/\/www.europesays.com\/fr\/wp-json\/wp\/v2\/media\/560293"}],"wp:attachment":[{"href":"https:\/\/www.europesays.com\/fr\/wp-json\/wp\/v2\/media?parent=560292"}],"wp:term":[{"taxonomy":"category","embeddable":true,"href":"https:\/\/www.europesays.com\/fr\/wp-json\/wp\/v2\/categories?post=560292"},{"taxonomy":"post_tag","embeddable":true,"href":"https:\/\/www.europesays.com\/fr\/wp-json\/wp\/v2\/tags?post=560292"}],"curies":[{"name":"wp","href":"https:\/\/api.w.org\/{rel}","templated":true}]}}