{"id":560298,"date":"2025-11-26T16:10:12","date_gmt":"2025-11-26T16:10:12","guid":{"rendered":"https:\/\/www.europesays.com\/fr\/560298\/"},"modified":"2025-11-26T16:10:12","modified_gmt":"2025-11-26T16:10:12","slug":"avec-larizona-la-reine-des-neiges-risque-de-ne-jamais-en-voir-dhnet","status":"publish","type":"post","link":"https:\/\/www.europesays.com\/fr\/560298\/","title":{"rendered":"Avec l&#039;Arizona, la Reine des Neiges risque de ne jamais en voir &#8211; DHnet"},"content":{"rendered":"<ol>\n<li><a href=\"https:\/\/news.google.com\/rss\/articles\/CBMizAFBVV95cUxQa2VLTG1tNVpZOHhZaDUwSl84a1VDUlZZN1l2WFdGYXVQblFqcUNpV1R5a08xbmlIZE54a0NHMUJKdjRNUHJEOUdINTN2c0l5aHBqZjQ3UnpsakFia3FFdUpLaXhMcEFJRFp1akFkUGZRRS02UDgtTGpMc2NNR3Y1MXNRS0ZmQU9GRThEbmxlM01zRXFYaWoycHN3UGdxUjhMR0FXMHFELTd3Tzd5OGZFTVM4NDlJQ3Y3aXlJdVdPbUVsU1pBcEF2NDUwcEs?oc=5\" target=\"_blank\" rel=\"noopener\">Avec l&rsquo;Arizona, la Reine des Neiges risque de ne jamais en voir<\/a>&nbsp;&nbsp;DHnet<\/li>\n<li><a href=\"https:\/\/news.google.com\/rss\/articles\/CBMi6gFBVV95cUxNTm9UX1ozY2RjcmZGdHBRQk8xaFlyUFlSV051am9YMjRtVXk1cDVURF8xOVFpaDU0NmZVc1BITnJrOUF1OU1Wc2lrYjB2bmwzNDVFeTd0UU9CUVJaMUJUSWttNk9LNEt0U1BCUy1KV2k5TXNRSmVKZTRNeGlqazV1cVdQY25xVWtSdXotMGJsYk1wbk9temdwYmoyWDI1b0lPdFVsWG5RWE5lblRrNUR5bm9yeUhFODRadF9vM0piVWJFWUlqM3cyRWNmazZqZW5XWW8zOTMyOHhtTUhnLUJUOXhUc1hFY2ktR3c?oc=5\" target=\"_blank\" rel=\"noopener\">A Disneyland Paris, une vaste extension ouvrira, fin mars, autour de \u00ab La Reine des neiges \u00bb<\/a>&nbsp;&nbsp;Le Monde.fr<\/li>\n<li><a href=\"https:\/\/news.google.com\/rss\/articles\/CBMizwFBVV95cUxQeVZKUTIwRWxJUG5hNVBwcmxKel91MUFUQnRVTXBUdmpKeGhORkZ2anlaWmZBbnJLb3hPczhYc0tHX215dlNQOEZGVHJaRkhWVkx4b3NFc0xVdFVScF8tOXlaX0lLejlVd2pNSFh0WDNINGo4WkNOUlJYQVg5UTFGeHZwVy1BVjVSaVZiSDFYRkZQa29IVnZJUDRvckJtdTlFNTBGanNuZDJXcUFTZ01WU01qQXFUVUZ4X3NERHVwQlBvNWhtenQzNTRoM1prUlU?oc=5\" target=\"_blank\" rel=\"noopener\">\u00abBluffant\u00bb, \u00abbijou de technologie\u00bb&#8230; \u00e0 Disneyland Paris, Olaf sera la star du monde de la \u00ab Reine des neiges \u00bb<\/a>&nbsp;&nbsp;La Voix du Nord<\/li>\n<li><a href=\"https:\/\/news.google.com\/rss\/articles\/CBMiugFBVV95cUxNRWtuYnZBTGdVU1dtQmJRbjgzeG1aQk85a3hreTVLMTNsR2pYREp6QmNQNXR3NW5NTzR4NWJSeXBycU9HODNKb1Y0aXlmajZON0VJNml0NzBaS3c1WkZQQW95cENQTDFDTnVCcUFjcGdsRTh1dWNMS1oyY3FUVVBUdGIwMXo2VFYzd0dLSHh2UWlFOVZmcWF2c1BTNjdCRW9pM1lWeUQyeFhHb3QwWUJJMnZxWjg0dnYyb0E?oc=5\" target=\"_blank\" rel=\"noopener\">On a visit\u00e9 Disney Adventure World en avant-premi\u00e8re (reportage vid\u00e9o)<\/a>&nbsp;&nbsp;Numerama<\/li>\n<li><a href=\"https:\/\/news.google.com\/rss\/articles\/CBMihgFBVV95cUxNZTdyaE9FQXNnRFlJbzZWZVRRNkFNbTBGWVZkdEdrZERMNmYtSlltUnc0MFR2ZXAwWHRrbm42bXhXZFBEZmlqZzdSUHd4LVdxQVJzeDgwcS1jU3dEOTNHWkdYUFZyQWJ2OHpvdU5JYkZjeDlfdUVPUlpOaWVUTnhTcUlBSUotUQ?oc=5\" target=\"_blank\" rel=\"noopener\">D\u00e9couvrez les images du World of Frozen qui ouvrira ses portes \u00e0 Disneyland Paris en mars 2026<\/a>&nbsp;&nbsp;Yahoo Life France<\/li>\n<\/ol>\n","protected":false},"excerpt":{"rendered":"Avec l&rsquo;Arizona, la Reine des Neiges risque de ne jamais en voir&nbsp;&nbsp;DHnet A Disneyland Paris, une vaste extension&hellip;\n","protected":false},"author":2,"featured_media":560299,"comment_status":"","ping_status":"","sticky":false,"template":"","format":"standard","meta":{"footnotes":""},"categories":[1354],"tags":[1350,20212,1208,10002,46011,34026,10006,67715,58,59,1346,1011,27,42703,16717,1360,2742,67716,29077,10019,153,67717,67718,10026,602,10030,10031,29398],"class_list":{"0":"post-560298","1":"post","2":"type-post","3":"status-publish","4":"format-standard","5":"has-post-thumbnail","7":"category-films","8":"tag-architecture","9":"tag-attraction","10":"tag-building","11":"tag-building-exterior","12":"tag-built-structure","13":"tag-celebration","14":"tag-city","15":"tag-complexe-touristique","16":"tag-divertissement","17":"tag-entertainment","18":"tag-films","19":"tag-fr","20":"tag-france","21":"tag-illuminated","22":"tag-light","23":"tag-movies","24":"tag-nature","25":"tag-nautical-vessel","26":"tag-night","27":"tag-no-people","28":"tag-parc","29":"tag-reflection","30":"tag-river","31":"tag-sky","32":"tag-tourisme","33":"tag-travel","34":"tag-travel-destinations","35":"tag-water"},"share_on_mastodon":{"url":"https:\/\/pubeurope.com\/@fr\/115616876354616813","error":""},"_links":{"self":[{"href":"https:\/\/www.europesays.com\/fr\/wp-json\/wp\/v2\/posts\/560298","targetHints":{"allow":["GET"]}}],"collection":[{"href":"https:\/\/www.europesays.com\/fr\/wp-json\/wp\/v2\/posts"}],"about":[{"href":"https:\/\/www.europesays.com\/fr\/wp-json\/wp\/v2\/types\/post"}],"author":[{"embeddable":true,"href":"https:\/\/www.europesays.com\/fr\/wp-json\/wp\/v2\/users\/2"}],"replies":[{"embeddable":true,"href":"https:\/\/www.europesays.com\/fr\/wp-json\/wp\/v2\/comments?post=560298"}],"version-history":[{"count":0,"href":"https:\/\/www.europesays.com\/fr\/wp-json\/wp\/v2\/posts\/560298\/revisions"}],"wp:featuredmedia":[{"embeddable":true,"href":"https:\/\/www.europesays.com\/fr\/wp-json\/wp\/v2\/media\/560299"}],"wp:attachment":[{"href":"https:\/\/www.europesays.com\/fr\/wp-json\/wp\/v2\/media?parent=560298"}],"wp:term":[{"taxonomy":"category","embeddable":true,"href":"https:\/\/www.europesays.com\/fr\/wp-json\/wp\/v2\/categories?post=560298"},{"taxonomy":"post_tag","embeddable":true,"href":"https:\/\/www.europesays.com\/fr\/wp-json\/wp\/v2\/tags?post=560298"}],"curies":[{"name":"wp","href":"https:\/\/api.w.org\/{rel}","templated":true}]}}