{"id":560300,"date":"2025-11-26T16:11:17","date_gmt":"2025-11-26T16:11:17","guid":{"rendered":"https:\/\/www.europesays.com\/fr\/560300\/"},"modified":"2025-11-26T16:11:17","modified_gmt":"2025-11-26T16:11:17","slug":"sante-mentale-des-ados-faut-il-arreter-le-prozac","status":"publish","type":"post","link":"https:\/\/www.europesays.com\/fr\/560300\/","title":{"rendered":"Sant\u00e9 mentale des ados : faut-il arr\u00eater le Prozac ?"},"content":{"rendered":"<p>             <a href=\"https:\/\/ma-sante.news\/wp-content\/uploads\/2025\/11\/Prozac-fluoxetine-lantidepresseur-des-ados-remis-en-question-pire-que-placebo-Ma-Sante.jpg\" data-caption=\"8 % des adolescents vivent un \u00e9pisode d\u00e9pressif av\u00e9r\u00e9 et l&#039;incidence est deux fois plus \u00e9lev\u00e9e pour les filles. \u00a9 DepositPhotos\" target=\"_blank\" rel=\"noopener\"><img loading=\"lazy\" decoding=\"async\" width=\"696\" height=\"464\" class=\"entry-thumb td-modal-image ewww_webp_lazy_load\" src=\"data:image\/svg+xml,%3Csvg%20xmlns=\" http:=\"\" data-lazy- data-lazy- alt=\"Une adolescente souffrant de d\u00e9pression et trait\u00e9e par Prozac.\" title=\"Prozac fluoxe\u0301tine l\u2019antide\u0301presseur des ados remis en question pire que placebo Ma Sante\u0301\" data-lazy-src=\"https:\/\/www.europesays.com\/fr\/wp-content\/uploads\/2025\/11\/Prozac-fluoxetine-lantidepresseur-des-ados-remis-en-question-pire-que-placebo-Ma-Sante-696x464.jpg\" data-lazy-src-webp=\"https:\/\/www.europesays.com\/fr\/wp-content\/uploads\/2025\/11\/Prozac-fluoxetine-lantidepresseur-des-ados-remis-en-question-pire-que-placebo-Ma-Sante-696x464.jpg.webp\" data-lazy-srcset-webp=\"https:\/\/www.europesays.com\/fr\/wp-content\/uploads\/2025\/11\/Prozac-fluoxetine-lantidepresseur-des-ados-remis-en-question-pire-que-placebo-Ma-Sante-696x464.jpg.webp 696w, https:\/\/ma-sante.news\/wp-content\/uploads\/2025\/11\/Prozac-fluoxetine-lantidepresseur-des-ados-remis-en-question-pire-que-placebo-Ma-Sante-300x200.jpg.webp 300w, https:\/\/ma-sante.news\/wp-content\/uploads\/2025\/11\/Prozac-fluoxetine-lantidepresseur-des-ados-remis-en-question-pire-que-placebo-Ma-Sante-768x512.jpg.webp 768w, https:\/\/ma-sante.news\/wp-content\/uploads\/2025\/11\/Prozac-fluoxetine-lantidepresseur-des-ados-remis-en-question-pire-que-placebo-Ma-Sante-630x420.jpg.webp 630w, https:\/\/ma-sante.news\/wp-content\/uploads\/2025\/11\/Prozac-fluoxetine-lantidepresseur-des-ados-remis-en-question-pire-que-placebo-Ma-Sante.jpg.webp 800w\"\/><\/a>8 % des adolescents vivent un \u00e9pisode d\u00e9pressif av\u00e9r\u00e9 et l&rsquo;incidence est deux fois plus \u00e9lev\u00e9e pour les filles. \u00a9 DepositPhotos                                    \t\t\t             <a class=\"gofollow\" data-track=\"MjgsMCw2MA==\" href=\"https:\/\/ma-sante.news\/inscrivez-vous-a-notre-newsletter\/\" target=\"_blank\" rel=\"noopener\"><img loading=\"lazy\" decoding=\"async\" width=\"1068\" height=\"131\" src=\"data:image\/svg+xml,%3Csvg%20xmlns=\" http:=\"\" data-lazy-src=\"https:\/\/www.europesays.com\/fr\/wp-content\/uploads\/2025\/03\/banniere-newsletter.png\"\/><\/a> <\/p>\n<p>Pendant longtemps, le Prozac, fluox\u00e9tine de son vrai nom, \u00e9tait consid\u00e9r\u00e9 comme l\u2019antid\u00e9presseur de r\u00e9f\u00e9rence pour les jeunes. Notamment parce que les \u00e9tudes montraient un petit b\u00e9n\u00e9fice <a href=\"https:\/\/ma-sante.news\/leffet-placebo-comment-ca-marche\/\" target=\"_blank\" rel=\"noopener\">par rapport au placebo<\/a>. Mais<a href=\"https:\/\/www.jclinepi.com\/article\/S0895-4356%2825%2900349-X\/fulltext\" target=\"_blank\" rel=\"noreferrer noopener\"> une nouvelle analyse<\/a> a r\u00e9examin\u00e9 12 essais cliniques r\u00e9alis\u00e9s entre 1997 et 2024. Et, le Prozac, chez les adolescents \u00ab n\u2019apporte pas d\u2019am\u00e9lioration cliniquement significative des sympt\u00f4mes \u00bb par rapport \u00e0 un placebo.<\/p>\n<p>En d\u2019autres termes, le m\u00e9dicament peut aider certains jeunes, oui, mais l\u2019am\u00e9lioration n\u2019est pas clairement meilleure que celle observ\u00e9e avec une pilule sans substance active.<\/p>\n<p>Cela ne veut pas dire que le Prozac \u201cne fait rien\u201d. Mais que son b\u00e9n\u00e9fice est trop faible pour \u00eatre consid\u00e9r\u00e9 fiable pour tous les adolescents.<\/p>\n<p>            Prozac : l\u2019efficacit\u00e9 du m\u00e9dicament est-elle totalement remise en question ?    <\/p>\n<p>Non. Mais chez les adolescents, la fronti\u00e8re entre l\u2019effet d\u2019un m\u00e9dicament et l\u2019effet du simple accompagnement est particuli\u00e8rement mince. Les sp\u00e9cialistes le savent, les jeunes r\u00e9agissent tr\u00e8s fortement au contexte du soin, bien plus que les adultes.<\/p>\n<p>Le taux de r\u00e9ponse au placebo est exceptionnellement \u00e9lev\u00e9. Autrement dit, m\u00eame lorsqu\u2019on donne une pilule qui ne contient aucune substance active, une grande partie des adolescents voient leurs sympt\u00f4mes diminuer.\u00a0<\/p>\n<p>Cela peut \u00eatre parce qu\u2019ils se sentent pris en charge, parce qu\u2019ils reprennent espoir, parce qu\u2019ils sont r\u00e9guli\u00e8rement suivis\u2026 ou simplement parce qu\u2019ils pensent recevoir un traitement efficace. Certaines \u00e9tudes montrent ainsi que entre 40 et 50 % des jeunes sous placebo vont mieux apr\u00e8s quelques semaines.<\/p>\n<p>Et c\u2019est pr\u00e9cis\u00e9ment ce qui complique tout. Si le placebo fait d\u00e9j\u00e0 beaucoup, il faut que le m\u00e9dicament fasse nettement plus pour prouver qu\u2019il apporte un vrai b\u00e9n\u00e9fice. Or, avec le Prozac, cet \u00e9cart devient faible dans les \u00e9tudes les plus r\u00e9centes. Pas forc\u00e9ment parce que le m\u00e9dicament est \u201cinefficace\u201d, mais plut\u00f4t parce que l\u2019effet placebo est si puissant qu\u2019il masque presque toute diff\u00e9rence.<\/p>\n<p>        Alors, peut-on encore utiliser le Prozac chez les ados ?\u00a0    <strong>Le Prozac pr\u00e9sente-t-il des risques pour les ados ?<\/strong>    <\/p>\n<p>Oui. <a href=\"https:\/\/ma-sante.news\/antidepresseurs-pourquoi-les-effets-secondaires-varient-ils-selon-patient\/\" target=\"_blank\" rel=\"noopener\">Comme tous les antid\u00e9presseurs<\/a>, le Prozac n\u2019est pas un traitement anodin. Chez les adolescents, son utilisation n\u00e9cessite une vigilance particuli\u00e8re. D\u2019abord, il existe des effets secondaires courants, que beaucoup de jeunes ressentent au d\u00e9but du traitement :\u00a0<\/p>\n<p>Aussi, les antid\u00e9presseurs de la famille des ISRS (dont fait partie le Prozac) peuvent, chez certains jeunes, provoquer paradoxalement une <a href=\"https:\/\/ma-sante.news\/suicide-rapport-alarmant-de-sante-publique-france-detresse-psychique-jeunes\/\" target=\"_blank\" rel=\"noopener\">augmentation transitoire des id\u00e9es suicidaires<\/a>, en particulier dans les premi\u00e8res semaines.<\/p>\n<p>        <strong>Dans quels cas le Prozac peut-il \u00eatre utile ?<\/strong>    <\/p>\n<p>En pratique, la fluox\u00e9tine peut entrer en jeu lorsque la d\u00e9pression de l\u2019adolescent est suffisamment profonde pour alt\u00e9rer sa vie quotidienne :\u00a0<\/p>\n<p>Dans ces formes mod\u00e9r\u00e9es \u00e0 s\u00e9v\u00e8res, un traitement m\u00e9dicamenteux peut offrir un levier suppl\u00e9mentaire, surtout si la souffrance \u00e9motionnelle est trop intense pour que la th\u00e9rapie avance seule.<\/p>\n<p>Le Prozac peut \u00e9galement \u00eatre envisag\u00e9 lorsqu\u2019<a href=\"https:\/\/ma-sante.news\/psychotherapie-contre-insomnie\/\" target=\"_blank\" rel=\"noopener\">une psychoth\u00e9rapie bien men\u00e9e<\/a> n\u2019a pas permis d\u2019obtenir d\u2019am\u00e9lioration notable. Les p\u00e9dopsychiatres ne le prescrivent jamais en premi\u00e8re intention, mais parfois, malgr\u00e9 plusieurs semaines, voire plusieurs mois, d\u2019accompagnement psychologique,<a href=\"https:\/\/ma-sante.news\/sante-mentale-un-jeune-sur-quatre-est-en-depression\/\" target=\"_blank\" rel=\"noopener\"> l\u2019adolescent reste \u201cbloqu\u00e9\u201d dans un \u00e9tat d\u00e9pressif profond<\/a>. Le m\u00e9dicament devient alors un outil compl\u00e9mentaire, jamais un remplacement du suivi psychologique.<\/p>\n<p>        <strong>D\u00e9pression : quelles alternatives au Prozac pour aider un adolescent ?<\/strong>    <\/p>\n<p><a href=\"https:\/\/ma-sante.news\/lyon-utiles-dangereux-le-vrai-du-faux-sur-les-antidepresseurs\/\" target=\"_blank\" rel=\"noopener\">Avant d\u2019envisager un antid\u00e9presseur,<\/a> les recommandations fran\u00e7aises privil\u00e9gient la psychoth\u00e9rapie. C\u2019est le traitement de premi\u00e8re intention, celui qui a les meilleures preuves d\u2019efficacit\u00e9 chez les jeunes, surtout lorsque la d\u00e9pression est l\u00e9g\u00e8re ou mod\u00e9r\u00e9e.<\/p>\n<p>Plusieurs approches existent, et chacune apporte des outils diff\u00e9rents :<\/p>\n<ul class=\"wp-block-list\">\n<li><a href=\"https:\/\/ma-sante.news\/therapies-comportementales-cognitives-solution-anxiete-depression-phobies\/\" target=\"_blank\" rel=\"noopener\">La th\u00e9rapie cognitive et comportementale (TCC) <\/a>: c\u2019est l\u2019une des m\u00e9thodes les mieux \u00e9tudi\u00e9es. Elle aide l\u2019adolescent \u00e0 rep\u00e9rer ses pens\u00e9es n\u00e9gatives, \u00e0 comprendre leurs m\u00e9canismes et \u00e0 d\u00e9velopper des fa\u00e7ons plus adapt\u00e9es de r\u00e9agir. C\u2019est une approche tr\u00e8s concr\u00e8te, souvent rassurante pour les jeunes.<\/li>\n<li>La th\u00e9rapie interpersonnelle : elle se concentre sur les relations du quotidien avec les parents, les amis, les enseignants. Comme les conflits, l\u2019isolement ou les tensions sociales peuvent <a href=\"https:\/\/ma-sante.news\/comment-reconnaitre-depression-369157-2\/\" target=\"_blank\" rel=\"noopener\">aggraver une d\u00e9pression<\/a>, travailler ces aspects peut \u00eatre un v\u00e9ritable levier d\u2019am\u00e9lioration.<\/li>\n<li>Le suivi psychologique r\u00e9gulier : ce n\u2019est pas une \u201ctechnique\u201d en soi, mais c\u2019est essentiel. \u00catre vu chaque semaine, dans un cadre stable et s\u00e9curisant, permet au jeune d\u2019exprimer ses \u00e9motions, de se sentir soutenu et d\u2019\u00eatre surveill\u00e9 de pr\u00e8s en cas d\u2019aggravation.<\/li>\n<li>L\u2019accompagnement familial :<a href=\"https:\/\/ma-sante.news\/suicide-adolescent-conseils-psychologue-8817\/\" target=\"_blank\" rel=\"noopener\"> la d\u00e9pression d\u2019un ado ne se traite jamais seul<\/a>. Expliquer ce qu\u2019il traverse, adapter le climat \u00e0 la maison, apprendre \u00e0 rep\u00e9rer les signes d\u2019alerte\u2026 tout cela fait partie du soin. Une famille bien inform\u00e9e est souvent un facteur de protection majeur.<\/li>\n<\/ul>\n<p>Pour les d\u00e9pressions l\u00e9g\u00e8res \u00e0 mod\u00e9r\u00e9es, ces approches seules suffisent la plupart du temps. Elles permettent non seulement de r\u00e9duire les sympt\u00f4mes, mais aussi d\u2019aider le jeune \u00e0 comprendre ce qu\u2019il traverse et \u00e0 reconstruire des rep\u00e8res solides pour la suite.<\/p>\n<p>        Sant\u00e9 mentale : doit-on arr\u00eater de prescrire du Prozac aux ados ?    <\/p>\n<p>La question n\u2019est pas d\u2019interdire le Prozac, mais plut\u00f4t de mieux comprendre dans quelles situations il peut vraiment avoir une utilit\u00e9 et dans lesquelles il risque d\u2019apporter plus de confusion que de b\u00e9n\u00e9fices.<\/p>\n<p>Aujourd\u2019hui, l\u2019enjeu n\u2019est pas de diaboliser la fluox\u00e9tine, mais de l\u2019utiliser avec m\u00e9thode et discernement. Cela implique :<\/p>\n<ul class=\"wp-block-list\">\n<li>de s\u00e9lectionner avec soin les cas o\u00f9 un m\u00e9dicament est r\u00e9ellement n\u00e9cessaire, notamment dans<a href=\"https:\/\/ma-sante.news\/depression-severe-resistante-nouveau-traitement-ultrasons-efficacite\/\" target=\"_blank\" rel=\"noopener\"> les d\u00e9pressions s\u00e9v\u00e8res <\/a>ou lorsqu\u2019un jeune n\u2019avance plus malgr\u00e9 une th\u00e9rapie bien men\u00e9e ;<\/li>\n<li>d\u2019\u00eatre totalement transparent sur les limites du Prozac, pour que les familles sachent \u00e0 quoi s\u2019attendre ;<\/li>\n<li>de surveiller \u00e9troitement l\u2019adolescent d\u00e8s le d\u00e9but du traitement, car les premi\u00e8res semaines peuvent \u00eatre sensibles, tant sur le plan \u00e9motionnel que comportemental ;<\/li>\n<li>de rappeler que la psychoth\u00e9rapie reste la pierre angulaire du traitement, accompagn\u00e9e d\u2019un vrai soutien familial, scolaire et social.<\/li>\n<\/ul>\n<p>Le Prozac n\u2019est ni un \u201cmauvais\u201d m\u00e9dicament, ni un rem\u00e8de miracle. C\u2019est un outil th\u00e9rapeutique qui peut rendre service, \u00e0 condition d\u2019\u00eatre utilis\u00e9 dans le bon contexte, avec un suivi s\u00e9rieux, et jamais comme seule r\u00e9ponse \u00e0 la souffrance d\u2019un jeune.<\/p>\n<blockquote class=\"wp-block-quote is-layout-flow wp-block-quote-is-layout-flow\">\n<p><strong>\u00c0 SAVOIR\u00a0<\/strong><\/p>\n<p>Le mal-\u00eatre des jeunes n\u2019a jamais \u00e9t\u00e9 aussi \u00e9lev\u00e9 en France. Un quart des 15-29 ans se disent en d\u00e9pression, et plus d\u2019un tiers d\u00e9clarent des \u00e9pisodes d\u2019anxi\u00e9t\u00e9 importants. Les pens\u00e9es suicidaires, elles, concernent pr\u00e8s d\u2019un jeune sur trois.<\/p>\n<\/blockquote>\n<p>  <a class=\"gofollow\" data-track=\"MTIsMCw2MA==\" href=\"https:\/\/ma-sante.news\/annonceurs\/\" target=\"_blank\" rel=\"noopener\"><img loading=\"lazy\" decoding=\"async\" width=\"2560\" height=\"2133\" src=\"data:image\/svg+xml,%3Csvg%20xmlns=\" http:=\"\" data-lazy-src=\"https:\/\/www.europesays.com\/fr\/wp-content\/uploads\/2025\/03\/pub-annonceurs-4-scaled.jpg\"\/><\/a>    <img loading=\"lazy\" decoding=\"async\" width=\"755\" height=\"495\" src=\"data:image\/svg+xml,%3Csvg%20xmlns=\" http:=\"\" data-lazy-src=\"https:\/\/www.europesays.com\/fr\/wp-content\/uploads\/2025\/03\/Image1.jpg\" data-lazy-src-webp=\"https:\/\/www.europesays.com\/fr\/wp-content\/uploads\/2025\/03\/Image1.jpg.webp\" class=\"ewww_webp_lazy_load\"\/>Inscrivez-vous \u00e0 notre newsletter <br \/>Ma Sant\u00e9                      <\/p>\n","protected":false},"excerpt":{"rendered":"8 % des adolescents vivent un \u00e9pisode d\u00e9pressif av\u00e9r\u00e9 et l&rsquo;incidence est deux fois plus \u00e9lev\u00e9e pour les&hellip;\n","protected":false},"author":2,"featured_media":560301,"comment_status":"","ping_status":"","sticky":false,"template":"","format":"standard","meta":{"footnotes":""},"categories":[10],"tags":[42335,1011,27,72,71,14041],"class_list":{"0":"post-560300","1":"post","2":"type-post","3":"status-publish","4":"format-standard","5":"has-post-thumbnail","7":"category-sante","8":"tag-antidu00e9presseur","9":"tag-fr","10":"tag-france","11":"tag-health","12":"tag-sante","13":"tag-santu00e9-mentale"},"share_on_mastodon":{"url":"https:\/\/pubeurope.com\/@fr\/115616880019695193","error":""},"_links":{"self":[{"href":"https:\/\/www.europesays.com\/fr\/wp-json\/wp\/v2\/posts\/560300","targetHints":{"allow":["GET"]}}],"collection":[{"href":"https:\/\/www.europesays.com\/fr\/wp-json\/wp\/v2\/posts"}],"about":[{"href":"https:\/\/www.europesays.com\/fr\/wp-json\/wp\/v2\/types\/post"}],"author":[{"embeddable":true,"href":"https:\/\/www.europesays.com\/fr\/wp-json\/wp\/v2\/users\/2"}],"replies":[{"embeddable":true,"href":"https:\/\/www.europesays.com\/fr\/wp-json\/wp\/v2\/comments?post=560300"}],"version-history":[{"count":0,"href":"https:\/\/www.europesays.com\/fr\/wp-json\/wp\/v2\/posts\/560300\/revisions"}],"wp:featuredmedia":[{"embeddable":true,"href":"https:\/\/www.europesays.com\/fr\/wp-json\/wp\/v2\/media\/560301"}],"wp:attachment":[{"href":"https:\/\/www.europesays.com\/fr\/wp-json\/wp\/v2\/media?parent=560300"}],"wp:term":[{"taxonomy":"category","embeddable":true,"href":"https:\/\/www.europesays.com\/fr\/wp-json\/wp\/v2\/categories?post=560300"},{"taxonomy":"post_tag","embeddable":true,"href":"https:\/\/www.europesays.com\/fr\/wp-json\/wp\/v2\/tags?post=560300"}],"curies":[{"name":"wp","href":"https:\/\/api.w.org\/{rel}","templated":true}]}}