{"id":560310,"date":"2025-11-26T16:16:12","date_gmt":"2025-11-26T16:16:12","guid":{"rendered":"https:\/\/www.europesays.com\/fr\/560310\/"},"modified":"2025-11-26T16:16:12","modified_gmt":"2025-11-26T16:16:12","slug":"guerre-en-ukraine-kiev-detruit-le-laboratoire-volant-de-larmee-russe-a-100ll-qui-jouait-un-role-crucial-pour-moscou","status":"publish","type":"post","link":"https:\/\/www.europesays.com\/fr\/560310\/","title":{"rendered":"Guerre en Ukraine\u00a0: Kiev d\u00e9truit le \u00ab\u00a0laboratoire volant\u00a0\u00bb de l\u2019arm\u00e9e russe A-100LL, qui jouait \u00ab\u00a0un r\u00f4le crucial\u00a0\u00bb pour Moscou"},"content":{"rendered":"<p class=\"paragraph text_align_left lp-f-body-02\">Il ne s\u2019agissait pas d\u2019<a href=\"https:\/\/www.leparisien.fr\/international\/ukraine\/guerre-en-ukraine-7-400-kg-de-munitions-a-bord-cest-quoi-le-chasseur-russe-su-75-dont-les-essais-en-vol-sont-tout-proches-26-11-2025-HG4DTHROC5AAVDRGXASFRKCR74.php\" target=\"_self\" rel=\"noopener\">un avion de combat<\/a> au sens strict mais il \u00e9tait d\u00e9terminant pour l\u2019avenir de l\u2019arm\u00e9e russe. Moscou a perdu ce mardi <a href=\"https:\/\/www.leparisien.fr\/international\/un-avion-de-ligne-airbus-a320-avec-un-nez-de-chasseur-eurofighter-cest-quoi-cette-bizarrerie-apercue-a-laeroport-de-toulouse-30-09-2025-LQTOEL526VC6RHF4AQHYPRWO5M.php\" target=\"_self\" rel=\"noopener\">son \u00ab laboratoire volant \u00bb<\/a> A-100LL dans <a href=\"https:\/\/www.leparisien.fr\/international\/ukraine\/guerre-en-ukraine-pour-la-premiere-fois-kiev-abat-un-helicoptere-mi-8-russe-a-190-km-du-front-avec-un-drone-longue-portee-25-11-2025-RCAWH3ZAOZBMTICN27KQOGMZ5Q.php\" target=\"_self\" rel=\"noopener\">une attaque de drone<\/a>s de l\u2019arm\u00e9e ukrainienne sur la base a\u00e9rienne de Taganrog, dans la r\u00e9gion de Rostov.<\/p>\n<p class=\"paragraph text_align_left lp-f-body-02\">Confirm\u00e9e par l\u2019\u00e9tat-major ukrainien et le minist\u00e8re de la D\u00e9fense de l\u2019<a href=\"https:\/\/www.leparisien.fr\/international\/ukraine\/\" target=\"_self\" rel=\"noopener\">Ukraine<\/a>, l\u2019op\u00e9ration a n\u00e9cessit\u00e9 des drones unidirectionnels \u00e0 longue port\u00e9e Bars, et des <a href=\"https:\/\/www.leparisien.fr\/international\/guerre-en-ukraine-une-nouvelle-arme-tres-precise-cest-quoi-le-missile-long-neptune-utilise-depuis-un-mois-par-kiev-29-04-2025-RAHGJWDDDZB2JNCNVXB3A73BTQ.php\" target=\"_self\" rel=\"noopener\">missiles de croisi\u00e8re Neptune<\/a>, pour toucher le site militaire situ\u00e9 \u00e0 un peu plus de 100 km du front.<\/p>\n<p>Un deuxi\u00e8me avion de test endommag\u00e9<\/p>\n<p class=\"paragraph text_align_left lp-f-body-02\">Des images satellite des cons\u00e9quences de la frappe, partag\u00e9es sur les cha\u00eenes ukrainiennes de <a href=\"https:\/\/www.leparisien.fr\/high-tech\/guerre-en-ukraine-comment-lapplication-telegram-est-devenue-incontournable-20-03-2022-S4JRNMDTKRGHTGOOS7XB2W7LMY.php\" target=\"_self\" rel=\"noopener\">la plate-forme Telegram<\/a>, ont d\u00e9voil\u00e9 l\u2019\u00e9tendue des d\u00e9g\u00e2ts. On peut voir deux \u00e9paves d\u2019avion parties en fum\u00e9e \u00e0 c\u00f4t\u00e9 de hangars militaires.<\/p>\n<p class=\"paragraph text_align_left lp-f-body-02\">Parmi les deux, la destruction de <a href=\"https:\/\/www.leparisien.fr\/international\/guerre-en-ukraine-un-modele-tres-rare-cest-quoi-lavion-espion-a-50-a-300-millions-deuros-touche-par-kiev-en-russie-05-06-2025-I2NX2MOVJJGBRFTERRITWYQWYA.php\" target=\"_self\" rel=\"noopener\">l\u2019avion d\u2019essai A-100LL<\/a> a \u00e9t\u00e9 confirm\u00e9e. Il \u00e9tait utilis\u00e9 pour tester les technologies du futur avion de guet a\u00e9rien avanc\u00e9 et de commandement A-100. Il remplissait \u00ab un r\u00f4le crucial \u00bb pour la Russie, selon l\u2019agence de presse ukrainienne RBC Ukraine.<\/p>\n<p class=\"paragraph text_align_left lp-f-body-02\">Utilis\u00e9 exclusivement pour le d\u00e9veloppement technologique, le A-100LL, dont le premier vol a eu lieu le 26 octobre 2016, \u00e9tait la plateforme d\u2019essai pour le projet russe A-100, destin\u00e9 \u00e0 remplacer <a href=\"https:\/\/www.leparisien.fr\/international\/guerre-en-ukraine-un-modele-tres-rare-cest-quoi-lavion-espion-a-50-a-300-millions-deuros-touche-par-kiev-en-russie-05-06-2025-I2NX2MOVJJGBRFTERRITWYQWYA.php\" target=\"_self\" rel=\"noopener\">l\u2019avion AWACS A-50<\/a> de l\u2019\u00e8re sovi\u00e9tique.<\/p>\n<p class=\"paragraph text_align_left lp-f-body-02\">Pens\u00e9e par la soci\u00e9t\u00e9 a\u00e9ronautique Beriev, sp\u00e9cialis\u00e9 dans les avions de surveillance et de contr\u00f4le a\u00e9rien, l\u2019A-100LL \u00e9tait r\u00e9guli\u00e8rement stationn\u00e9 sur la base a\u00e9rienne de Taganrog, principal site utilis\u00e9 par l\u2019entreprise de d\u00e9fense. De quoi en faire une cible de choix pour l\u2019Ukraine. Dans cette attaque, Kiev a \u00e9galement cause des d\u00e9g\u00e2ts \u00e0 un autre avion exp\u00e9rimental moins c\u00f4t\u00e9, le A-60.<\/p>\n","protected":false},"excerpt":{"rendered":"Il ne s\u2019agissait pas d\u2019un avion de combat au sens strict mais il \u00e9tait d\u00e9terminant pour l\u2019avenir de&hellip;\n","protected":false},"author":2,"featured_media":560311,"comment_status":"","ping_status":"","sticky":false,"template":"","format":"standard","meta":{"footnotes":""},"categories":[5],"tags":[11,1011,27,14,12,220,28],"class_list":{"0":"post-560310","1":"post","2":"type-post","3":"status-publish","4":"format-standard","5":"has-post-thumbnail","7":"category-international","8":"tag-actualites","9":"tag-fr","10":"tag-france","11":"tag-international","12":"tag-news","13":"tag-ukraine","14":"tag-world"},"share_on_mastodon":{"url":"https:\/\/pubeurope.com\/@fr\/115616899680689668","error":""},"_links":{"self":[{"href":"https:\/\/www.europesays.com\/fr\/wp-json\/wp\/v2\/posts\/560310","targetHints":{"allow":["GET"]}}],"collection":[{"href":"https:\/\/www.europesays.com\/fr\/wp-json\/wp\/v2\/posts"}],"about":[{"href":"https:\/\/www.europesays.com\/fr\/wp-json\/wp\/v2\/types\/post"}],"author":[{"embeddable":true,"href":"https:\/\/www.europesays.com\/fr\/wp-json\/wp\/v2\/users\/2"}],"replies":[{"embeddable":true,"href":"https:\/\/www.europesays.com\/fr\/wp-json\/wp\/v2\/comments?post=560310"}],"version-history":[{"count":0,"href":"https:\/\/www.europesays.com\/fr\/wp-json\/wp\/v2\/posts\/560310\/revisions"}],"wp:featuredmedia":[{"embeddable":true,"href":"https:\/\/www.europesays.com\/fr\/wp-json\/wp\/v2\/media\/560311"}],"wp:attachment":[{"href":"https:\/\/www.europesays.com\/fr\/wp-json\/wp\/v2\/media?parent=560310"}],"wp:term":[{"taxonomy":"category","embeddable":true,"href":"https:\/\/www.europesays.com\/fr\/wp-json\/wp\/v2\/categories?post=560310"},{"taxonomy":"post_tag","embeddable":true,"href":"https:\/\/www.europesays.com\/fr\/wp-json\/wp\/v2\/tags?post=560310"}],"curies":[{"name":"wp","href":"https:\/\/api.w.org\/{rel}","templated":true}]}}