{"id":560312,"date":"2025-11-26T16:17:16","date_gmt":"2025-11-26T16:17:16","guid":{"rendered":"https:\/\/www.europesays.com\/fr\/560312\/"},"modified":"2025-11-26T16:17:16","modified_gmt":"2025-11-26T16:17:16","slug":"sebastien-lecornu-annonce-la-suspension-de-la-hausse-prevue-jusquau-printemps-pour-revoir-le-calcul-au-niveau-departemental","status":"publish","type":"post","link":"https:\/\/www.europesays.com\/fr\/560312\/","title":{"rendered":"S\u00e9bastien Lecornu annonce la suspension de la hausse pr\u00e9vue jusqu&rsquo;au printemps, pour revoir le calcul au niveau d\u00e9partemental"},"content":{"rendered":"<p class=\"article-p mdl\">Le gouvernement fait un geste face au toll\u00e9 suscit\u00e9 par l&rsquo;annonce de l&rsquo;augmentation surprise de la taxe fonci\u00e8re. Le premier ministre S\u00e9bastien Lecornu a annonc\u00e9, ce mercredi 26 novembre, suspendre la hausse envisag\u00e9e de la taxe fonci\u00e8re, d&rsquo;ici au printemps prochain.\u00a0<\/p>\n<p class=\"article-p mdl\">Lors des questions au gouvernement au S\u00e9nat, le Premier ministre a indiqu\u00e9 qu&rsquo;il souhaitait d\u00e9finir une \u00ab\u00a0nouvelle m\u00e9thode\u00a0\u00bb de calcul plus locale et donc revoir l\u2019actualisation de la base de calcul de\u00a0<a class=\"link\" href=\"https:\/\/www.rtl.fr\/actu\/economie-consommation\/impots-vous-etes-proprietaire-pourquoi-votre-taxe-fonciere-va-sans-doute-augmenter-en-2026-7900568308\" title=\"Imp\u00f4ts : vous \u00eates propri\u00e9taire ? Pourquoi votre taxe fonci\u00e8re va sans doute augmenter en 2026\" target=\"_blank\" rel=\"noopener\">la taxe fonci\u00e8re, qui devait concerner potentiellement 7,4 millions de logements<\/a>.\u00a0\u00ab\u00a0Il faut changer de m\u00e9thode \u00e0 court terme et il faut changer de m\u00e9thode d\u00e9sormais \u00e0 long terme (&#8230;) <strong>Toute approche nationale est morte n\u00e9e<\/strong>\u00ab\u00a0, a-t-il r\u00e9pondu \u00e0 la question du s\u00e9nateur de l&rsquo;Ard\u00e8che et pr\u00e9sident du groupe Les R\u00e9publicains Mathieu Darnaud.\u00a0<\/p>\n<p class=\"article-p mdl\">\u00ab\u00a0il va falloir revenir \u00e0 une approche d\u00e9partementale, voire m\u00eame \u00e0 une approche infrad\u00e9partementale, voire m\u00eame commune par commune puisque lorsqu\u2019on regarde la cartographie de cette affaire, on le voit bien qu\u2019on est en train de traiter nationalement un sujet qui parfois n\u2019a strictement rien \u00e0 voir d\u2019un d\u00e9partement \u00e0 l\u2019autre\u00a0\u00bb, a d\u00e9clar\u00e9 S\u00e9bastien Lecornu. Le minist\u00e8re de l&rsquo;\u00c9conomie avait pr\u00e9vu d&rsquo;augmenter cette taxe en actualisant sa base de calcul.\u00a0<\/p>\n<p class=\"article-p mdl\">Face aux nombreuses critiques suscit\u00e9es par cette hausse, le gouvernement a indiqu\u00e9, le 20 novembre, lancer une consultation avec les parlementaires et les collectivit\u00e9s sur la taxe fonci\u00e8re. Cette \u00ab\u00a0consultation flash\u00a0\u00bb avait pour but \u00ab\u00a0d&rsquo;examiner les \u00e9volutions n\u00e9cessaires\u00a0\u00bb de la taxe fonci\u00e8re \u00ab\u00a0pour la rendre plus transparente, plus claire et plus \u00e9quitable, dans une logique de simplification\u00a0\u00bb, expliquaient les minist\u00e8res de l&rsquo;Action et des Comptes publics et de l&rsquo;Am\u00e9nagement du territoire et de la D\u00e9centralisation.\u00a0\u00a0<\/p>\n<p>            \u00c9lectricit\u00e9, toilettes et lavabos&#8230;<\/p>\n<p class=\"article-p mdl\">Pour le calcul des montants de taxe fonci\u00e8re 2026, ce sont\u00a0<a class=\"link\" href=\"https:\/\/www.rtl.fr\/actu\/debats-societe\/taxe-fonciere-eau-courante-baignoire-toilettes-c-est-quoi-ces-elements-de-confort-qui-pourraient-faire-gonfler-la-facture-7900568576\" title=\"Taxe fonci\u00e8re : eau courante, baignoire, toilettes\u2026 C&#039;est quoi ces &quot;\u00e9l\u00e9ments de confort&quot; qui feront gonfler votre imp\u00f4t ?\" target=\"_blank\" rel=\"noopener\">les \u00e9l\u00e9ments dits \u00ab\u00a0de confort\u00a0\u00bb, tels que la pr\u00e9sence d&rsquo;eau courante, d&rsquo;\u00e9lectricit\u00e9, de WC ou de lavabos<\/a>\u00a0dans le logement, qui doivent \u00eatre mis \u00e0 jour et inclus dans les \u00ab\u00a0bases fonci\u00e8res\u00a0\u00bb de Bercy.\u00a0 La pr\u00e9sence de chacun de ces \u00e9l\u00e9ments augmente artificiellement le nombre de m\u00e8tres carr\u00e9s pris en compte, et m\u00e9caniquement le montant de la taxe fonci\u00e8re.\u00a0\u00a0<\/p>\n<p class=\"article-p mdl\">Cette mise \u00e0 jour n&rsquo;a fait l&rsquo;objet d'\u00a0\u00bbaucune demande de la part des collectivit\u00e9s\u00a0\u00bb, rel\u00e8ve aupr\u00e8s de l&rsquo;AFP Andr\u00e9 Laignel, premier vice-pr\u00e9sident d\u00e9l\u00e9gu\u00e9 de l&rsquo;Association des maires de France, qui estime que \u00ab\u00a0le moment ne parait pas forc\u00e9ment le plus propice \u00e0 \u00e9tudier au fond un sujet de cette nature\u00a0\u00bb. L&rsquo;Union nationale des propri\u00e9taires immobiliers (UNPI) avait, elle, d\u00e9nonc\u00e9 dans cette hausse \u00ab\u00a0une d\u00e9marche arbitraire et honteuse\u00a0\u00bb, \u00ab\u00a0d\u00e9cid\u00e9e sans transparence ni concertation\u00a0\u00bb.\u00a0\u00a0<\/p>\n<p>    La r\u00e9daction vous recommande<\/p>\n<p class=\"s-newsletter__title\">\n                L\u2019actualit\u00e9 par la r\u00e9daction de RTL dans votre bo\u00eete mail.\n            <\/p>\n<p class=\"s-newsletter__subtitle\">\n                Gr\u00e2ce \u00e0 votre compte RTL abonnez-vous \u00e0 la newsletter RTL info pour suivre toute l&rsquo;actualit\u00e9 au quotidien\n            <\/p>\n<p>\n                                    Lire la suite\n                                <\/p>\n","protected":false},"excerpt":{"rendered":"Le gouvernement fait un geste face au toll\u00e9 suscit\u00e9 par l&rsquo;annonce de l&rsquo;augmentation surprise de la taxe fonci\u00e8re.&hellip;\n","protected":false},"author":2,"featured_media":560313,"comment_status":"","ping_status":"","sticky":false,"template":"","format":"standard","meta":{"footnotes":""},"categories":[4],"tags":[11,898,107,1011,27,418,1116,342,49272,12,25,11067],"class_list":{"0":"post-560312","1":"post","2":"type-post","3":"status-publish","4":"format-standard","5":"has-post-thumbnail","7":"category-france","8":"tag-actualites","9":"tag-alerte","10":"tag-fil-info","11":"tag-fr","12":"tag-france","13":"tag-gouvernement","14":"tag-immobilier","15":"tag-impots","16":"tag-matignon","17":"tag-news","18":"tag-republique-francaise","19":"tag-sebastien-lecornu"},"share_on_mastodon":{"url":"https:\/\/pubeurope.com\/@fr\/115616903661684127","error":""},"_links":{"self":[{"href":"https:\/\/www.europesays.com\/fr\/wp-json\/wp\/v2\/posts\/560312","targetHints":{"allow":["GET"]}}],"collection":[{"href":"https:\/\/www.europesays.com\/fr\/wp-json\/wp\/v2\/posts"}],"about":[{"href":"https:\/\/www.europesays.com\/fr\/wp-json\/wp\/v2\/types\/post"}],"author":[{"embeddable":true,"href":"https:\/\/www.europesays.com\/fr\/wp-json\/wp\/v2\/users\/2"}],"replies":[{"embeddable":true,"href":"https:\/\/www.europesays.com\/fr\/wp-json\/wp\/v2\/comments?post=560312"}],"version-history":[{"count":0,"href":"https:\/\/www.europesays.com\/fr\/wp-json\/wp\/v2\/posts\/560312\/revisions"}],"wp:featuredmedia":[{"embeddable":true,"href":"https:\/\/www.europesays.com\/fr\/wp-json\/wp\/v2\/media\/560313"}],"wp:attachment":[{"href":"https:\/\/www.europesays.com\/fr\/wp-json\/wp\/v2\/media?parent=560312"}],"wp:term":[{"taxonomy":"category","embeddable":true,"href":"https:\/\/www.europesays.com\/fr\/wp-json\/wp\/v2\/categories?post=560312"},{"taxonomy":"post_tag","embeddable":true,"href":"https:\/\/www.europesays.com\/fr\/wp-json\/wp\/v2\/tags?post=560312"}],"curies":[{"name":"wp","href":"https:\/\/api.w.org\/{rel}","templated":true}]}}