{"id":560335,"date":"2025-11-26T16:29:19","date_gmt":"2025-11-26T16:29:19","guid":{"rendered":"https:\/\/www.europesays.com\/fr\/560335\/"},"modified":"2025-11-26T16:29:19","modified_gmt":"2025-11-26T16:29:19","slug":"leglise-saint-luc-a-ferme-au-grand-regret-des-fideles","status":"publish","type":"post","link":"https:\/\/www.europesays.com\/fr\/560335\/","title":{"rendered":"l&rsquo;\u00e9glise Saint-Luc a ferm\u00e9 au grand regret des fid\u00e8les"},"content":{"rendered":"<p>\t\t\t\t\tEN BREF \u2013 L\u2019\u00e9glise Saint-Luc de Grenoble a d\u00e9fi\u00adni\u00adti\u00adve\u00adment ferm\u00e9 ses portes apr\u00e8s une der\u00adni\u00e8re messe, le dimanche 23 novembre 2025. Malgr\u00e9 la mobi\u00adli\u00adsa\u00adtion d\u2019ha\u00adbi\u00adtants et de fid\u00e8les, le dio\u00adc\u00e8se de Grenoble-Vienne n\u2019est en effet pas revenu sur sa d\u00e9ci\u00adsion de vendre le b\u00e2ti\u00adment, cette vente \u00e9tant des\u00adti\u00adn\u00e9e \u00e0 rem\u00adbour\u00adser les pr\u00eats contrac\u00adt\u00e9s pour construire sa mai\u00adson paroissiale.<\/p>\n<p>C\u2019\u00e9tait la der\u00adni\u00e8re s\u00e9ance\u2026 ou la der\u00adni\u00e8re messe. Dimanche 23 novembre 2025, l\u2019\u00e9\u00adglise Saint-Luc de Grenoble, situ\u00e9e place Docteur-Girard au sein du quar\u00adtier Ile-Verte, a ferm\u00e9 ses portes apr\u00e8s avoir c\u00e9l\u00e9\u00adbr\u00e9 une ultime c\u00e9r\u00e9\u00admo\u00adnie. Le dio\u00adc\u00e8se de Grenoble-Vienne avait annonc\u00e9 <a href=\"https:\/\/www.placegrenet.fr\/2019\/11\/10\/diocese-grenoble-vente-trois-eglises\/531488\" target=\"_blank\" rel=\"noopener\">mettre l\u2019\u00e9\u00addi\u00adfice en vente<\/a>\u00a0en novembre 2019, quelques mois apr\u00e8s des annonces concer\u00adnant une autre \u00e9glise gre\u00adno\u00adbloise (Saint-Paul, quar\u00adtier Alli\u00e9s-Alpins), ainsi que la fon\u00adtai\u00adnoise Saint-Fran\u00e7ois-d\u2019Assise.<\/p>\n<p>Des fid\u00e8les et des habi\u00adtants du quar\u00adtier Ile-Verte se sont pour\u00adtant mobi\u00adli\u00ads\u00e9s pour s\u2019op\u00adpo\u00adser \u00e0 la fer\u00adme\u00adture de l\u2019\u00e9\u00adglise du quar\u00adtier. Durant plu\u00adsieurs semaines, une ban\u00adde\u00adrole a \u00e9t\u00e9 d\u00e9ploy\u00e9e sur le fron\u00adton du b\u00e2ti\u00adment, pro\u00adcla\u00admant\u00a0: \u00ab\u00a0L\u2019esp\u00e9rance ne d\u00e9\u00e7oit pas, nous vou\u00adlons tous gar\u00adder notre \u00e9glise Saint-Luc. Non \u00e0 la fer\u00adme\u00adture\u00a0\u00bb. Une cita\u00adtion du pape Fran\u00e7ois, tra\u00adduite du latin et extraite de sa der\u00adni\u00e8re bulle papale. Ce qui n\u2019a visi\u00adble\u00adment pas suffi \u00e0 convaincre le dio\u00adc\u00e8se de reve\u00adnir sur sa d\u00e9cision.<\/p>\n<p><a href=\"https:\/\/www.europesays.com\/fr\/wp-content\/uploads\/2025\/11\/eglise-saint-luc-fm.jpg\" target=\"_blank\" rel=\"noopener\"><img fetchpriority=\"high\" decoding=\"async\" aria-describedby=\"caption-attachment-665734\" class=\"wp-image-665734 size-full\" src=\"data:image\/svg+xml,%3Csvg%20xmlns=\" http:=\"\" alt=\"La mobilisation pour emp\u00eacher la fermeture de l'\u00e9glise Saint-Luc quartier Ile-Verte \u00e0 Grenoble n'a pas suffi pour faire revenir le dioc\u00e8se sur sa d\u00e9cision. \u00a9 Florent Mathieu - Place Gre'net\" width=\"2048\" height=\"1532\" data-lazy- data-lazy- data-lazy-src=\"https:\/\/www.europesays.com\/fr\/wp-content\/uploads\/2025\/11\/eglise-saint-luc-fm.jpg\"\/><\/a><\/p>\n<p id=\"caption-attachment-665734\" class=\"wp-caption-text\">La mobi\u00adli\u00adsa\u00adtion pour emp\u00ea\u00adcher la fer\u00adme\u00adture de l\u2019\u00e9\u00adglise Saint-Luc, quar\u00adtier Ile-Verte \u00e0 Grenobl,e n\u2019a pas suffi pour faire reve\u00adnir le dio\u00adc\u00e8se sur sa d\u00e9ci\u00adsion. \u00a9 Florent Mathieu \u2013 Place Gre\u2019net<\/p>\n<p>Pourquoi cette vente\u00a0? Contact\u00e9 par Place Gre\u2019net, le dio\u00adc\u00e8se de Grenoble, par la voix de son vicaire g\u00e9n\u00e9\u00adral Emmanuel Decaux, rap\u00adpelle que celle-ci a pour objec\u00adtif de finan\u00adcer la construc\u00adtion de la mai\u00adson parois\u00adsiale \u00e0 c\u00f4t\u00e9 de l\u2019\u00e9\u00adglise Saint-Louis, laquelle a co\u00fbt\u00e9 1,4\u00a0mil\u00adlion d\u2019eu\u00adros. \u00ab\u00a0Pour le moment, nous avons emprunt\u00e9 les fonds n\u00e9ces\u00adsaires aux autres paroisses du dio\u00adc\u00e8se, [et] nous devons leur rendre ce qui leur appar\u00adtient\u00a0\u00bb, explique l\u2019eccl\u00e9siastique.<\/p>\n<p>Toutefois, le dio\u00adc\u00e8se conc\u00e8de que, pour l\u2019heure, \u00ab\u00a0aucun ache\u00adteur n\u2019a \u00e9t\u00e9 iden\u00adti\u00adfi\u00e9\u00a0\u00bb, quand bien m\u00eame il pr\u00e9\u00adcise avoir re\u00e7u \u00ab\u00a0plu\u00adsieurs pro\u00adpo\u00adsi\u00adtions spon\u00adta\u00adn\u00e9es de struc\u00adtures int\u00e9\u00adres\u00ads\u00e9es\u00a0\u00bb. Et si les auto\u00adri\u00adt\u00e9s reli\u00adgieuses indiquent ne pas pr\u00e9\u00advoir de condi\u00adtion par\u00adti\u00adcu\u00adli\u00e8re pour la vente, notam\u00adment en ce qui concerne le deve\u00adnir du site, elles font savoir leur sou\u00adhait moral \u00ab\u00a0de vendre pour une acti\u00advit\u00e9 qui reste au ser\u00advice de la vie des habi\u00adtants du quar\u00adtier\u00a0\u00bb.<\/p>\n<p>\u00ab\u00a0Une construc\u00adtion tout \u00e0 fait originale\u00a0\u00bb<\/p>\n<p>Inaugur\u00e9e en 1967, l\u2019\u00e9\u00adglise Saint-Luc pr\u00e9\u00adsente la par\u00adti\u00adcu\u00adla\u00adrit\u00e9 d\u2019\u00eatre int\u00e9\u00adgr\u00e9e dans un immeuble d\u2019ha\u00adbi\u00adta\u00adtions. Le r\u00e9sul\u00adtat du com\u00adpro\u00admis avec une entre\u00adprise, alors que les fonds man\u00adquaient pour construire une \u00e9glise sur ce ter\u00adrain \u00ab\u00a0offert par de g\u00e9n\u00e9\u00adreux parois\u00adsiens\u00a0\u00bb dans les ann\u00e9es 1950, comme l\u2019ex\u00adplique le dio\u00adc\u00e8se <a href=\"https:\/\/www.diocese-grenoble-vienne.fr\/nde_stluc.html\" target=\"_blank\" rel=\"noopener\">sur son site Internet<\/a>. Loin de la ron\u00addeur de l\u2019\u00e9\u00adglise <a href=\"https:\/\/www.placegrenet.fr\/2023\/10\/25\/le-diocese-de-grenoble-vienne-lance-une-souscription-pour-restaurer-le-toit-de-leglise-saint-jean\/616492\" target=\"_blank\" rel=\"noopener\">Saint-Jean<\/a>, Saint-Luc s\u2019af\u00adfiche en forme de tri\u00adangle, soit \u00ab\u00a0une construc\u00adtion tout \u00e0 fait ori\u00adgi\u00adnale\u00a0\u00bb, sou\u00adligne-t-il encore.<\/p>\n<p>La pr\u00e9\u00adsence d\u2019ha\u00adbi\u00adta\u00adtions au-des\u00adsus de l\u2019\u00e9\u00adglise n\u2019est pas \u00e9tran\u00adg\u00e8re \u00e0 la mobi\u00adli\u00adsa\u00adtion pour sa pr\u00e9\u00adser\u00adva\u00adtion. Lors d\u2019une r\u00e9union publique orga\u00adni\u00ads\u00e9e en mai 2024 par l\u2019u\u00adnion de quar\u00adtier Ile-Verte, des habi\u00adtants avaient en effet exprim\u00e9 leur crainte de voir le lieu de culte \u00eatre rem\u00adplac\u00e9 par une acti\u00advit\u00e9 autre\u00adment plus bruyante. Pour l\u2019heure, le sus\u00adpense reste entier quant au deve\u00adnir d\u2019un b\u00e2ti\u00adment, dont la confi\u00adgu\u00adra\u00adtion limite n\u00e9ces\u00adsai\u00adre\u00adment les poten\u00adtiels usages, mal\u00adgr\u00e9 un empla\u00adce\u00adment avantageux.<\/p>\n","protected":false},"excerpt":{"rendered":"EN BREF \u2013 L\u2019\u00e9glise Saint-Luc de Grenoble a d\u00e9fi\u00adni\u00adti\u00adve\u00adment ferm\u00e9 ses portes apr\u00e8s une der\u00adni\u00e8re messe, le dimanche&hellip;\n","protected":false},"author":2,"featured_media":560336,"comment_status":"","ping_status":"","sticky":false,"template":"","format":"standard","meta":{"footnotes":""},"categories":[9566],"tags":[1111,11,2430,1777,674,1011,27,2731,12,25],"class_list":{"0":"post-560335","1":"post","2":"type-post","3":"status-publish","4":"format-standard","5":"has-post-thumbnail","7":"category-grenoble","8":"tag-actu","9":"tag-actualites","10":"tag-auvergne-rhone-alpes","11":"tag-eu","12":"tag-europe","13":"tag-fr","14":"tag-france","15":"tag-grenoble","16":"tag-news","17":"tag-republique-francaise"},"share_on_mastodon":{"url":"https:\/\/pubeurope.com\/@fr\/115616951059384467","error":""},"_links":{"self":[{"href":"https:\/\/www.europesays.com\/fr\/wp-json\/wp\/v2\/posts\/560335","targetHints":{"allow":["GET"]}}],"collection":[{"href":"https:\/\/www.europesays.com\/fr\/wp-json\/wp\/v2\/posts"}],"about":[{"href":"https:\/\/www.europesays.com\/fr\/wp-json\/wp\/v2\/types\/post"}],"author":[{"embeddable":true,"href":"https:\/\/www.europesays.com\/fr\/wp-json\/wp\/v2\/users\/2"}],"replies":[{"embeddable":true,"href":"https:\/\/www.europesays.com\/fr\/wp-json\/wp\/v2\/comments?post=560335"}],"version-history":[{"count":0,"href":"https:\/\/www.europesays.com\/fr\/wp-json\/wp\/v2\/posts\/560335\/revisions"}],"wp:featuredmedia":[{"embeddable":true,"href":"https:\/\/www.europesays.com\/fr\/wp-json\/wp\/v2\/media\/560336"}],"wp:attachment":[{"href":"https:\/\/www.europesays.com\/fr\/wp-json\/wp\/v2\/media?parent=560335"}],"wp:term":[{"taxonomy":"category","embeddable":true,"href":"https:\/\/www.europesays.com\/fr\/wp-json\/wp\/v2\/categories?post=560335"},{"taxonomy":"post_tag","embeddable":true,"href":"https:\/\/www.europesays.com\/fr\/wp-json\/wp\/v2\/tags?post=560335"}],"curies":[{"name":"wp","href":"https:\/\/api.w.org\/{rel}","templated":true}]}}