{"id":560337,"date":"2025-11-26T16:30:33","date_gmt":"2025-11-26T16:30:33","guid":{"rendered":"https:\/\/www.europesays.com\/fr\/560337\/"},"modified":"2025-11-26T16:30:33","modified_gmt":"2025-11-26T16:30:33","slug":"societe-ces-classements-2025-ou-grenoble-tutoie-les-sommets","status":"publish","type":"post","link":"https:\/\/www.europesays.com\/fr\/560337\/","title":{"rendered":"Soci\u00e9t\u00e9. Ces classements 2025 o\u00f9 Grenoble tutoie les sommets"},"content":{"rendered":"<p>C\u2019est la fin d\u2019ann\u00e9e et c\u2019est le moment o\u00f9 sont publi\u00e9s tout un tas de classements des villes o\u00f9 il fait bon vivre (ou pas), travailler, innover, avoir des loisirs,\u00a0etc. Certains flattent Grenoble, d\u2019autres pas du tout. Mais cette semaine, trois barom\u00e8tres nationaux et internationaux se sont succ\u00e9d\u00e9, tous \u00e0 l\u2019avantage de la capitale des Alpes. Et d\u2019abord pour sa ma\u00eetrise de\u00a0la langue de Shakespeare.<\/p>\n<p>Il suffit d\u2019ailleurs de se promener un week-end \u00e0 la Bastille pour l\u2019entendre au d\u00e9tour des lacets\u00a0: \u00e0 Grenoble, l\u2019anglais est une langue commun\u00e9ment pratiqu\u00e9e. Ce que confirme le dernier barom\u00e8tre mondial de r\u00e9f\u00e9rence sur le niveau d\u2019anglais des adultes l\u2019EF english proficiency index ( <a href=\"https:\/\/www.ef.fr\/epi\/\" target=\"_blank\" rel=\"noopener\">EF EPI<\/a> ). Si la France ne se classe qu\u2019au 38e rang des 123 pays \u00e9tudi\u00e9s, le niveau est par contre en net progr\u00e8s par rapport \u00e0 2024. Et c\u2019est donc Grenoble qui tr\u00f4ne au sommet hexagonal, devant Lyon et Paris.<\/p>\n<p>  \u00ab\u00a0Grenoble incarne le futur de l\u2019innovation en France\u00a0\u00bb<\/p>\n<p>Si l\u2019on parle si bien anglais \u00e0 Grenoble, les nombreuses entreprises de la tech n\u2019y sont pas pour rien. Et l\u00e0 encore, voil\u00e0 Grenoble sur les hauteurs selon <a href=\"https:\/\/www.adobe.com\/fr\/express\/learn\/blog\/most-innovative-cities\" target=\"_blank\" rel=\"noopener\">Adobe Express<\/a> \u00a0: Grenoble se classe 3e des villes o\u00f9 l\u2019innovation s\u2019impose comme moteur de croissance pour 2026. Si Paris m\u00e8ne le classement, \u201cGrenoble (recherche et sciences) et Montpellier (entrepreneuriat) incarnent le futur de l\u2019innovation en France\u201d, note le communiqu\u00e9. Pour ce faire, Adobe a crois\u00e9 des facteurs cl\u00e9s \u201ctels que <a href=\"https:\/\/www.ledauphine.com\/economie\/2022\/02\/21\/isere-610-start-up-fondees-en-22-ans-dans-la-metropole-de-grenoble\" target=\"_blank\" rel=\"noopener\">le nombre de start-up<\/a> par ville, la vitesse du Wi-Fi et le nombre d\u2019emplois dans le secteur technologique pour 100\u00a0000 habitants\u201d. Et poursuit\u00a0: \u201cGrenoble abrite 105 start-up pour une population de seulement 150\u00a0000 habitants, faisant de Grenoble un v\u00e9ritable hub technologique \u00e0 taille humaine\u201d.<\/p>\n<p>Le territoire brigue aussi, d\u00e9but d\u00e9cembre \u00e0 Turin, <a href=\"https:\/\/www.ledauphine.com\/economie\/2025\/10\/14\/grenoble-plus-que-jamais-en-lice-pour-le-titre-de-capitale-europeenne-de-l-innovation-2026\" target=\"_blank\" rel=\"noopener\">le prix de Capitale europ\u00e9enne de l\u2019innovation<\/a> 2026 remis par la commission europ\u00e9enne.<\/p>\n<p>  Engagement associatif\u00a0: Grenoble r\u00e9compens\u00e9e mais aussi La Tronche et Gi\u00e8res\u00a0!<\/p>\n<p>Si les start-up font l\u2019image de la ville, sa citoyennet\u00e9 est \u00e9galement r\u00e9compens\u00e9e. Cette fois, c\u2019est Hello Asso (la plateforme de r\u00e9f\u00e9rence de l\u2019engagement associatif) qui l\u2019affirme\u00a0: Grenoble fait partie des 20 communes de France o\u00f9 les citoyens se montrent les plus engag\u00e9s en 2025.<\/p>\n<p>Pour le mesurer, Hello Asso se base sur quatre grands crit\u00e8res\u00a0: la cr\u00e9ation d\u2019associations, la participation et les adh\u00e9sions aux activit\u00e9s associatives, la g\u00e9n\u00e9rosit\u00e9 des citoyens et <a href=\"https:\/\/www.ledauphine.com\/societe\/2025\/11\/06\/une-lueur-d-espoir-les-benevoles-reguliers-de-retour-pour-le-plus-grand-bonheur-des-associations\" target=\"_blank\" rel=\"noopener\">l\u2019engagement b\u00e9n\u00e9vole<\/a>. \u201cAu-del\u00e0 du cadre de vie, Hello Asso mesure la force du bon vivre-ensemble\u201d, explique dans un communiqu\u00e9, relay\u00e9 par la Ville de Grenoble, son vice-pr\u00e9sident, Jean-Christophe Boyer.<\/p>\n<p>La m\u00e9tropole grenobloise figure d\u2019ailleurs en bonne place cette ann\u00e9e puisque, dans le palmar\u00e8s des communes entre 3\u00a0500 et 20\u00a0000 habitants, La Tronche et Gi\u00e8res sont \u00e9galement r\u00e9compens\u00e9es.<\/p>\n","protected":false},"excerpt":{"rendered":"C\u2019est la fin d\u2019ann\u00e9e et c\u2019est le moment o\u00f9 sont publi\u00e9s tout un tas de classements des villes&hellip;\n","protected":false},"author":2,"featured_media":560338,"comment_status":"","ping_status":"","sticky":false,"template":"","format":"standard","meta":{"footnotes":""},"categories":[9566],"tags":[1111,11,2430,33,112,1777,674,1011,27,12505,2731,2732,5015,108,12297,1985,12,25,104,1631],"class_list":{"0":"post-560337","1":"post","2":"type-post","3":"status-publish","4":"format-standard","5":"has-post-thumbnail","7":"category-grenoble","8":"tag-actu","9":"tag-actualites","10":"tag-auvergne-rhone-alpes","11":"tag-economie","12":"tag-edition-grenoble-agglomeration","13":"tag-eu","14":"tag-europe","15":"tag-fr","16":"tag-france","17":"tag-gieres","18":"tag-grenoble","19":"tag-grenoble-bassin","20":"tag-innovation-et-start-up","21":"tag-isere","22":"tag-la-tronche","23":"tag-metropole-de-grenoble","24":"tag-news","25":"tag-republique-francaise","26":"tag-societe","27":"tag-vie-associative"},"share_on_mastodon":{"url":"https:\/\/pubeurope.com\/@fr\/115616954698393682","error":""},"_links":{"self":[{"href":"https:\/\/www.europesays.com\/fr\/wp-json\/wp\/v2\/posts\/560337","targetHints":{"allow":["GET"]}}],"collection":[{"href":"https:\/\/www.europesays.com\/fr\/wp-json\/wp\/v2\/posts"}],"about":[{"href":"https:\/\/www.europesays.com\/fr\/wp-json\/wp\/v2\/types\/post"}],"author":[{"embeddable":true,"href":"https:\/\/www.europesays.com\/fr\/wp-json\/wp\/v2\/users\/2"}],"replies":[{"embeddable":true,"href":"https:\/\/www.europesays.com\/fr\/wp-json\/wp\/v2\/comments?post=560337"}],"version-history":[{"count":0,"href":"https:\/\/www.europesays.com\/fr\/wp-json\/wp\/v2\/posts\/560337\/revisions"}],"wp:featuredmedia":[{"embeddable":true,"href":"https:\/\/www.europesays.com\/fr\/wp-json\/wp\/v2\/media\/560338"}],"wp:attachment":[{"href":"https:\/\/www.europesays.com\/fr\/wp-json\/wp\/v2\/media?parent=560337"}],"wp:term":[{"taxonomy":"category","embeddable":true,"href":"https:\/\/www.europesays.com\/fr\/wp-json\/wp\/v2\/categories?post=560337"},{"taxonomy":"post_tag","embeddable":true,"href":"https:\/\/www.europesays.com\/fr\/wp-json\/wp\/v2\/tags?post=560337"}],"curies":[{"name":"wp","href":"https:\/\/api.w.org\/{rel}","templated":true}]}}