{"id":560341,"date":"2025-11-26T16:33:12","date_gmt":"2025-11-26T16:33:12","guid":{"rendered":"https:\/\/www.europesays.com\/fr\/560341\/"},"modified":"2025-11-26T16:33:12","modified_gmt":"2025-11-26T16:33:12","slug":"concerts-dj-set-theatre-top-depart-a-rennes-pour-la-nouvelle-edition-du-festival-culture-bar-bars","status":"publish","type":"post","link":"https:\/\/www.europesays.com\/fr\/560341\/","title":{"rendered":"Concerts, DJ set, th\u00e9\u00e2tre&#8230; Top d\u00e9part \u00e0 Rennes pour la nouvelle \u00e9dition du festival Culture Bar-Bars"},"content":{"rendered":"<p>                    Par<br \/>\n        <strong><br \/>\n            <a href=\"https:\/\/actu.fr\/auteur\/clemence-pays02-actu-fr\" title=\"Consulter tous les articles de Cl\u00e9mence Pays\" target=\"_blank\" rel=\"noopener\">Cl\u00e9mence Pays<\/a><br \/>\n                    <\/strong><\/p>\n<p>        Publi\u00e9 le<\/p>\n<p>            26 nov. 2025 \u00e0 17h19        <\/p>\n<p>\u00ab\u2009Richesse et diversit\u00e9\u2009\u00bb, c\u2019est ainsi que Zoubac et Gweno d\u00e9crivent la programmation du<strong> festival Culture Bar-Bars<\/strong> \u00e0 Rennes.<\/p>\n<p class=\" wall-content\">\u00ab\u2009Il y a du live, du DJ set, du stand-up, du spectacle queer, du th\u00e9\u00e2tre d\u2019impro\u2026\u2009\u00bb, \u00e9num\u00e8re Zoubac, pr\u00e9sident du festival Culture Bar-Bars en Bretagne et \u00e0 Rennes, mais aussi g\u00e9rant du bar La Cour. <strong>\u00ab\u2009Toutes les formes sont repr\u00e9sent\u00e9es sur cinq jours.\u2009\u00bb<\/strong><\/p>\n<p class=\" wall-content\">En somme, une programmation riche que les Rennaises et Rennais pourront d\u00e9couvrir <strong>du mercredi\u00a026 au dimanche 30\u00a0novembre 2025.<\/strong><\/p>\n<p>De nouveaux lieux cette ann\u00e9e<\/p>\n<p class=\" wall-content\">N\u00e9 \u00e0 <a href=\"https:\/\/actu.fr\/nantes\/\" target=\"_blank\" rel=\"noopener\">Nantes<\/a> en 1999, le festival Culture Bar-Bars rayonne d\u00e9sormais \u00e0 l\u2019\u00e9chelle nationale. \u00ab\u2009280 lieux participent en France, que ce soit en agglom\u00e9ration ou \u00e0 la campagne\u2009\u00bb, illustre Gweno, pr\u00e9sident du festival \u00e0 l\u2019\u00e9chelle nationale et g\u00e9rant du bar rennais Ty Anna Tavarn. En 2025, \u00e0 Rennes, les festivaliers pourront se rendre dans<strong> 20 bars diff\u00e9rents.<\/strong><\/p>\n<p class=\" wall-content\">L\u00e0 encore, ces lieux sont <strong>\u00e9clectiques<\/strong> allant du Nakama, au Ty Anna Tavarn en passant par La Cour ou encore le Melody Maker et le Sablier. \u00ab\u2009Ces lieux sont \u00e0 l\u2019image du territoire musical de la ville\u2009\u00bb, estime Zoubac.<\/p>\n<blockquote class=\"ac-article-quote wall-content\">\n<p>C&rsquo;est la premi\u00e8re sc\u00e8ne de France apr\u00e8s la F\u00eate de la musique.<\/p>\n<p>    <strong>Gweno<\/strong>\n            <\/p><\/blockquote>\n<p class=\" wall-content\">\u00ab\u2009Cette ann\u00e9e, il y a <strong>quatre nouveaux lieux<\/strong> participants\u2009\u00bb, poursuit Gweno. \u00c0 savoir, le Nebula, Grabuge, Brewklyn et les Ateliers du vent.<\/p>\n<p>Votre r\u00e9gion, votre actu !<\/p>\n<p>Recevez chaque jour les infos qui comptent pour vous.<\/p>\n<p>\t<a href=\"https:\/\/actu.fr\/newsletter\" class=\"ac-btn ac-btn--corner ac-btn--medium ac-btn--blue800\" target=\"_blank\" rel=\"noopener\">S&rsquo;incrire<\/a><\/p>\n<p class=\" wall-content\">\u00c0 noter \u00e9galement <strong>\u00ab\u200999\u2009% des concerts sont en entr\u00e9e libre\u2009\u00bb,<\/strong> souligne Gweno.<\/p>\n<p>Bar-Bars, \u00ab\u2009pas qu\u2019un festival\u2009\u00bb<\/p>\n<p class=\" wall-content\">Si le festival Culture Bar-Bars est un rendez-vous important pour le collectif du m\u00eame nom, \u00ab\u2009Bar-Bars, ce n\u2019est pas qu\u2019un festival, c\u2019est<strong> un travail \u00e0 l\u2019ann\u00e9e\u2009\u00bb,<\/strong> soulignent les pr\u00e9sidents.<\/p>\n<p class=\" wall-content\">L\u2019objectif du collectif est de promouvoir la culture et la \u00ab<strong>\u2009protection des petits lieux de diffusion<\/strong> qui ne sont pas toujours soutenus de mani\u00e8re institutionnelle\u2009\u00bb, explique Zoubac. Culture Bar-Bars d\u00e9fend \u00e9galement<strong> \u00ab\u2009le droit \u00e0 la f\u00eate\u2009\u00bb<\/strong> pour tous.<\/p>\n<p class=\" wall-content\"><a href=\"https:\/\/www.instagram.com\/p\/DRhHWftjDyE\/embed\" title=\"Ouvrir le lien sur Instagram\" target=\"_blank\" rel=\"noopener\">Visualiser le contenu sur Instagram<\/a><\/p>\n<p class=\" wall-content\">\u00abOn travaille aussi avec des associations de pr\u00e9vention, la Ville, pour <strong>structurer la f\u00eate dans la cit\u00e9<\/strong> et la rendre accessible \u00e0 tous\u2009\u00bb, compl\u00e8te Gweno. Dans ce cadre, les adh\u00e9rents du collectif ont particip\u00e9 \u00e0 la r\u00e9daction de la <strong>charte rennaise de la vie nocturne.<\/strong><\/p>\n<p><strong>Infos pratiques\u2009:<\/strong><br \/>\nFestival Culture Bar-Bars, du mercredi\u00a026 au dimanche 30\u00a0novembre 2025, \u00e0 Rennes (et en France). Programmation compl\u00e8te <a href=\"https:\/\/festival.bar-bars.com\/festival\/programmation\/?city%5B0%5D=Rennes\" target=\"_blank\" rel=\"noopener\">en cliquant ici<\/a>.<\/p>\n<p class=\" wall-content\">Personnalisez votre actualit\u00e9 en ajoutant vos villes et m\u00e9dias en favori avec <a href=\"https:\/\/moncompte.actu.fr\" title=\"D\u00e9couvez Mon Actu\" rel=\"nofollow noopener\" data-trk=\"{&quot;cta&quot;:{&quot;action&quot;:&quot;https:\\\/\\\/moncompte.actu.fr&quot;,&quot;category&quot;:&quot;mon compte&quot;,&quot;from&quot;:&quot;article footer&quot;,&quot;name&quot;:&quot;Mon actu&quot;,&quot;type&quot;:&quot;cta&quot;}}\" target=\"_blank\">Mon Actu<\/a>.<\/p>\n<p>                    <script async src=\"\/\/www.instagram.com\/embed.js\"><\/script><\/p>\n","protected":false},"excerpt":{"rendered":"Par Cl\u00e9mence Pays Publi\u00e9 le 26 nov. 2025 \u00e0 17h19 \u00ab\u2009Richesse et diversit\u00e9\u2009\u00bb, c\u2019est ainsi que Zoubac et&hellip;\n","protected":false},"author":2,"featured_media":560342,"comment_status":"","ping_status":"","sticky":false,"template":"","format":"standard","meta":{"footnotes":""},"categories":[2821],"tags":[1111,11,1063,829,1697,9782,1777,674,1011,27,1652,873,12,584,25],"class_list":{"0":"post-560341","1":"post","2":"type-post","3":"status-publish","4":"format-standard","5":"has-post-thumbnail","7":"category-rennes","8":"tag-actu","9":"tag-actualites","10":"tag-animations","11":"tag-bretagne","12":"tag-concert","13":"tag-dans-les-bars","14":"tag-eu","15":"tag-europe","16":"tag-fr","17":"tag-france","18":"tag-loisirs-culture","19":"tag-musique","20":"tag-news","21":"tag-rennes","22":"tag-republique-francaise"},"share_on_mastodon":{"url":"https:\/\/pubeurope.com\/@fr\/115616966553793918","error":""},"_links":{"self":[{"href":"https:\/\/www.europesays.com\/fr\/wp-json\/wp\/v2\/posts\/560341","targetHints":{"allow":["GET"]}}],"collection":[{"href":"https:\/\/www.europesays.com\/fr\/wp-json\/wp\/v2\/posts"}],"about":[{"href":"https:\/\/www.europesays.com\/fr\/wp-json\/wp\/v2\/types\/post"}],"author":[{"embeddable":true,"href":"https:\/\/www.europesays.com\/fr\/wp-json\/wp\/v2\/users\/2"}],"replies":[{"embeddable":true,"href":"https:\/\/www.europesays.com\/fr\/wp-json\/wp\/v2\/comments?post=560341"}],"version-history":[{"count":0,"href":"https:\/\/www.europesays.com\/fr\/wp-json\/wp\/v2\/posts\/560341\/revisions"}],"wp:featuredmedia":[{"embeddable":true,"href":"https:\/\/www.europesays.com\/fr\/wp-json\/wp\/v2\/media\/560342"}],"wp:attachment":[{"href":"https:\/\/www.europesays.com\/fr\/wp-json\/wp\/v2\/media?parent=560341"}],"wp:term":[{"taxonomy":"category","embeddable":true,"href":"https:\/\/www.europesays.com\/fr\/wp-json\/wp\/v2\/categories?post=560341"},{"taxonomy":"post_tag","embeddable":true,"href":"https:\/\/www.europesays.com\/fr\/wp-json\/wp\/v2\/tags?post=560341"}],"curies":[{"name":"wp","href":"https:\/\/api.w.org\/{rel}","templated":true}]}}