{"id":560343,"date":"2025-11-26T16:34:12","date_gmt":"2025-11-26T16:34:12","guid":{"rendered":"https:\/\/www.europesays.com\/fr\/560343\/"},"modified":"2025-11-26T16:34:12","modified_gmt":"2025-11-26T16:34:12","slug":"un-seminaire-ouvert-au-public-ce-28-novembre","status":"publish","type":"post","link":"https:\/\/www.europesays.com\/fr\/560343\/","title":{"rendered":"un s\u00e9minaire ouvert au public ce 28 novembre"},"content":{"rendered":"<p>Vendredi 28\u00a0novembre de 14\u00a0h \u00e0 17\u00a0h, l\u2019Universit\u00e9 de Strasbourg propose un s\u00e9minaire ouvert au public pour comprendre comment les enqu\u00eates financi\u00e8res peuvent prot\u00e9ger le vivant. Il aura lieu salle 405 de la facult\u00e9 de droit, 1, place d\u2019Ath\u00e8nes \u00e0 Strasbourg. L\u2019entr\u00e9e est libre.<\/p>\n<p>\u00ab <a href=\"https:\/\/www.dna.fr\/faits-divers-justice\/2024\/06\/12\/environnement-comment-la-justice-poursuit-les-pollueurs\" target=\"_blank\" rel=\"noopener\">La criminalit\u00e9 environnementale<\/a> est devenue l\u2019un des march\u00e9s les plus lucratifs \u00e0 l\u2019\u00e9chelle mondiale\u00a0: trafic de d\u00e9chets, pollutions industrielles, d\u00e9forestation ill\u00e9gale, commerce illicite d\u2019esp\u00e8ces prot\u00e9g\u00e9es. Ces atteintes au vivant reposent sur des circuits financiers opaques, encore trop rarement investigu\u00e9s par les autorit\u00e9s\u00a0\u00bb, indiquent les organisateurs.<\/p>\n<p>Pour \u00ab\u00a0combler cet angle mort\u00a0\u00bb, un collectif d\u2019experts europ\u00e9ens a \u00e9labor\u00e9 un \u00ab\u00a0livre blanc\u00a0\u00bb intitul\u00e9 \u201c<strong>Syst\u00e9matiser les investigations financi\u00e8res pour combattre la criminalit\u00e9 environnementale<\/strong>\u201d. Plusieurs coauteurs seront pr\u00e9sents lors du s\u00e9minaire pour d\u00e9tailler leurs travaux.<\/p>\n","protected":false},"excerpt":{"rendered":"Vendredi 28\u00a0novembre de 14\u00a0h \u00e0 17\u00a0h, l\u2019Universit\u00e9 de Strasbourg propose un s\u00e9minaire ouvert au public pour comprendre comment&hellip;\n","protected":false},"author":2,"featured_media":560344,"comment_status":"","ping_status":"","sticky":false,"template":"","format":"standard","meta":{"footnotes":""},"categories":[2820],"tags":[1111,11,2880,1777,674,274,107,1011,27,775,12,25,640,2879],"class_list":{"0":"post-560343","1":"post","2":"type-post","3":"status-publish","4":"format-standard","5":"has-post-thumbnail","7":"category-strasbourg","8":"tag-actu","9":"tag-actualites","10":"tag-edition-strasbourg","11":"tag-eu","12":"tag-europe","13":"tag-faits-divers-justice","14":"tag-fil-info","15":"tag-fr","16":"tag-france","17":"tag-grand-est","18":"tag-news","19":"tag-republique-francaise","20":"tag-strasbourg","21":"tag-strasbourg-ville"},"share_on_mastodon":{"url":"https:\/\/pubeurope.com\/@fr\/115616970554278253","error":""},"_links":{"self":[{"href":"https:\/\/www.europesays.com\/fr\/wp-json\/wp\/v2\/posts\/560343","targetHints":{"allow":["GET"]}}],"collection":[{"href":"https:\/\/www.europesays.com\/fr\/wp-json\/wp\/v2\/posts"}],"about":[{"href":"https:\/\/www.europesays.com\/fr\/wp-json\/wp\/v2\/types\/post"}],"author":[{"embeddable":true,"href":"https:\/\/www.europesays.com\/fr\/wp-json\/wp\/v2\/users\/2"}],"replies":[{"embeddable":true,"href":"https:\/\/www.europesays.com\/fr\/wp-json\/wp\/v2\/comments?post=560343"}],"version-history":[{"count":0,"href":"https:\/\/www.europesays.com\/fr\/wp-json\/wp\/v2\/posts\/560343\/revisions"}],"wp:featuredmedia":[{"embeddable":true,"href":"https:\/\/www.europesays.com\/fr\/wp-json\/wp\/v2\/media\/560344"}],"wp:attachment":[{"href":"https:\/\/www.europesays.com\/fr\/wp-json\/wp\/v2\/media?parent=560343"}],"wp:term":[{"taxonomy":"category","embeddable":true,"href":"https:\/\/www.europesays.com\/fr\/wp-json\/wp\/v2\/categories?post=560343"},{"taxonomy":"post_tag","embeddable":true,"href":"https:\/\/www.europesays.com\/fr\/wp-json\/wp\/v2\/tags?post=560343"}],"curies":[{"name":"wp","href":"https:\/\/api.w.org\/{rel}","templated":true}]}}