{"id":560345,"date":"2025-11-26T16:35:20","date_gmt":"2025-11-26T16:35:20","guid":{"rendered":"https:\/\/www.europesays.com\/fr\/560345\/"},"modified":"2025-11-26T16:35:20","modified_gmt":"2025-11-26T16:35:20","slug":"strasbourg-nos-conseils-pour-profiter-au-mieux-des-marches-de-la-capitale-de-noel","status":"publish","type":"post","link":"https:\/\/www.europesays.com\/fr\/560345\/","title":{"rendered":"Strasbourg. Nos conseils pour profiter au mieux des march\u00e9s de la capitale de No\u00ebl"},"content":{"rendered":"<p>Vous trouvez que \u00e7a commence t\u00f4t\u00a0? Le d\u00e9marrage du march\u00e9 de No\u00ebl a \u00e9t\u00e9 une nouvelle fois avanc\u00e9 dans la semaine comme l\u2019an dernier, ce qui permet d\u2019\u00e9taler le rush des visiteurs et de r\u00f4der l\u2019organisation avant le premier week-end, expliquait il y a peu la maire de Strasbourg Jeanne Barseghian. Il y a donc vingt-neuf jours et pas un de plus pour profiter de l\u2019ambiance \u00ab\u00a0Strasbourg capitale de No\u00ebl\u00a0\u00bb aupr\u00e8s des <a href=\"https:\/\/www.dna.fr\/culture-loisirs\/2025\/11\/05\/marche-de-noel-en-conference-de-presse-la-ville-annonce-un-retour-a-l-authentique\" target=\"_blank\" rel=\"noopener\"> 300 chalets r\u00e9partis sur huit sites de la Grande-\u00cele<\/a> , le quartier central de Strasbourg.<\/p>\n<p>  \u00ab\u00a0C\u2019est beau et grand\u00a0!\u00a0\u00bb<\/p>\n<p>Le tr\u00e8s traditionnel Christkindelsm\u00e4rik, n\u00e9 en 1570, a rouvert ses portes place Broglie, tandis que les abords de la cath\u00e9drale retrouvent ses chalets d\u00e9di\u00e9s \u00e0 l\u2019artisanat traditionnel. Valentin, un Ni\u00e7ois d\u2019une vingtaine d\u2019ann\u00e9es, profite pour la premi\u00e8re fois du march\u00e9 de No\u00ebl\u00a0: \u00ab\u00a0Chez nous, ce n\u2019est qu\u2019une vingtaine de chalets, ici \u00e7a n\u2019a rien \u00e0 voir, c\u2019est beau et grand\u00a0!\u00a0\u00bb \u00c9milie, une amie strasbourgeoise, est, elle, bien habitu\u00e9e \u00e0 l\u2019ambiance si particuli\u00e8re de la ville au moment de No\u00ebl\u00a0: \u00ab\u00a0C\u2019est tr\u00e8s familial, j\u2019y retrouve des visages connus. La magie est toujours l\u00e0\u00a0! M\u00eame si les tarifs sont de plus en plus \u00e9lev\u00e9s selon les endroits.\u00a0\u00bb<\/p>\n<p>  Un rendez-vous familial<\/p>\n<p>A quelques enc\u00e2blures, la place Kl\u00e9ber est devenue une centralit\u00e9 de l\u2019\u00e9v\u00e9nement, avec ses nombreux chalets consacr\u00e9s aux gourmandises, vin chaud et \u00e0 la brasserie artisanale. C\u2019est l\u00e0 que se situe le village des associations caritatives, pour se rappeler que No\u00ebl reste un temps de solidarit\u00e9. Autour de la terrasse Rohan, les produits fins (vins, biscuits\u2026) sont \u00e0 l\u2019affiche tout comme sur la place du Temple-Neuf, tandis qu\u2019\u00e0 la Petite France, plusieurs placettes participent aux festivit\u00e9s, notamment le village de l\u2019avent d\u00e9di\u00e9 aux enfants au square Louise-Weiss.<\/p>\n<p>Pour r\u00e9aliser vos plus belles photos, on vous conseille bien s\u00fbr d\u2019aller immortaliser le grand sapin de la place Kl\u00e9ber, d\u00e9cor\u00e9 cette ann\u00e9e <a href=\"https:\/\/www.dna.fr\/culture-loisirs\/2025\/10\/22\/rouge-or-et-argente-sur-le-theme-de-la-couronne-le-marche-de-noel-et-son-sapin-seront-authentique-et-chaleureux\" target=\"_blank\" rel=\"noopener\">sur le th\u00e8me de la couronne (de l\u2019avent)<\/a> , mais aussi de d\u00e9couvrir pour la premi\u00e8re fois <a href=\"https:\/\/www.dna.fr\/culture-loisirs\/2025\/11\/18\/le-chalet-de-l-opera-version-pyramide-de-noel-culmine-a-17-metres-de-haut\" target=\"_blank\" rel=\"noopener\">l\u2019atypique pyramide du chalet de l\u2019op\u00e9ra, qui domine la place Broglie avec ses 17 m\u00e8tres de haut<\/a>.\u00a0Quelques am\u00e9nagements ont \u00e9t\u00e9 mis en place pour am\u00e9liorer l\u2019accueil des diff\u00e9rents publics, avec deux zones de r\u00e9pit dans l\u2019Aubette et au march\u00e9 OFF (place Grimmeissen), coupl\u00e9 dans ce dernier \u00e0 un espace parents-nourrissons avec micro-ondes et table \u00e0 langer. Des cartes indiquant des itin\u00e9raires pour personnes \u00e0 mobilit\u00e9 r\u00e9duite (PMR) et v\u00e9los, ainsi que les toilettes sont disponibles en ligne.<\/p>\n<p class=\"note\">Les chalets sont ouverts tous les jours de 11\u00a0h\u00a030 \u00e0 21\u00a0h.<\/p>\n","protected":false},"excerpt":{"rendered":"Vous trouvez que \u00e7a commence t\u00f4t\u00a0? Le d\u00e9marrage du march\u00e9 de No\u00ebl a \u00e9t\u00e9 une nouvelle fois avanc\u00e9&hellip;\n","protected":false},"author":2,"featured_media":560346,"comment_status":"","ping_status":"","sticky":false,"template":"","format":"standard","meta":{"footnotes":""},"categories":[2820],"tags":[1111,11,2389,1687,2880,1777,674,107,1011,27,775,2089,12,15830,25,640,2879],"class_list":{"0":"post-560345","1":"post","2":"type-post","3":"status-publish","4":"format-standard","5":"has-post-thumbnail","7":"category-strasbourg","8":"tag-actu","9":"tag-actualites","10":"tag-alsace","11":"tag-culture-loisirs","12":"tag-edition-strasbourg","13":"tag-eu","14":"tag-europe","15":"tag-fil-info","16":"tag-fr","17":"tag-france","18":"tag-grand-est","19":"tag-marche","20":"tag-news","21":"tag-noel","22":"tag-republique-francaise","23":"tag-strasbourg","24":"tag-strasbourg-ville"},"share_on_mastodon":{"url":"https:\/\/pubeurope.com\/@fr\/115616974371631154","error":""},"_links":{"self":[{"href":"https:\/\/www.europesays.com\/fr\/wp-json\/wp\/v2\/posts\/560345","targetHints":{"allow":["GET"]}}],"collection":[{"href":"https:\/\/www.europesays.com\/fr\/wp-json\/wp\/v2\/posts"}],"about":[{"href":"https:\/\/www.europesays.com\/fr\/wp-json\/wp\/v2\/types\/post"}],"author":[{"embeddable":true,"href":"https:\/\/www.europesays.com\/fr\/wp-json\/wp\/v2\/users\/2"}],"replies":[{"embeddable":true,"href":"https:\/\/www.europesays.com\/fr\/wp-json\/wp\/v2\/comments?post=560345"}],"version-history":[{"count":0,"href":"https:\/\/www.europesays.com\/fr\/wp-json\/wp\/v2\/posts\/560345\/revisions"}],"wp:featuredmedia":[{"embeddable":true,"href":"https:\/\/www.europesays.com\/fr\/wp-json\/wp\/v2\/media\/560346"}],"wp:attachment":[{"href":"https:\/\/www.europesays.com\/fr\/wp-json\/wp\/v2\/media?parent=560345"}],"wp:term":[{"taxonomy":"category","embeddable":true,"href":"https:\/\/www.europesays.com\/fr\/wp-json\/wp\/v2\/categories?post=560345"},{"taxonomy":"post_tag","embeddable":true,"href":"https:\/\/www.europesays.com\/fr\/wp-json\/wp\/v2\/tags?post=560345"}],"curies":[{"name":"wp","href":"https:\/\/api.w.org\/{rel}","templated":true}]}}