{"id":560349,"date":"2025-11-26T16:37:17","date_gmt":"2025-11-26T16:37:17","guid":{"rendered":"https:\/\/www.europesays.com\/fr\/560349\/"},"modified":"2025-11-26T16:37:17","modified_gmt":"2025-11-26T16:37:17","slug":"fc-porto-ogc-nice-les-retrouvailles-avec-francesco-farioli","status":"publish","type":"post","link":"https:\/\/www.europesays.com\/fr\/560349\/","title":{"rendered":"FC Porto &#8211; OGC Nice : les retrouvailles avec Francesco Farioli"},"content":{"rendered":"<p>            <img decoding=\"async\" fetchpriority=\"high\" width=\"696\" height=\"391\" class=\"entry-thumb\" src=\"https:\/\/www.europesays.com\/fr\/wp-content\/uploads\/2025\/11\/IMG_1148-696x391.jpeg\"   alt=\"le Gym retrouve son ancien entra\u00eeneur, Francesco Farioli, ce jeudi, en Ligue Europa (Cr\u00e9dit photo : OGC Nice)\" title=\"Francesco Farioli\"\/>le Gym retrouve son ancien entra\u00eeneur, Francesco Farioli, ce jeudi, en Ligue Europa (Cr\u00e9dit photo : OGC Nice)<\/p>\n<p><strong>Ce jeudi, l\u2019OGC Nice se d\u00e9place au Portugal, pour affronter le FC Porto, dans le cadre de la 5e journ\u00e9e de Ligue Europa. Les Aiglons n\u2019ont plus le choix et doivent l\u2019emporter, pour conserver un dernier espoir de qualification. Le Gym retrouvera un visage familier sur le banc des Dragons : Francesco Farioli. Toutes les infos de l\u2019avant match de la rencontre sont \u00e0 d\u00e9couvrir ici.  <\/strong><\/p>\n<p>Une fois de plus, l\u2019<a href=\"https:\/\/www.facebook.com\/search\/top?q=ogc%20nice\" data-type=\"link\" data-id=\"https:\/\/www.facebook.com\/search\/top?q=ogc%20nice\" target=\"_blank\" rel=\"noopener\">OGC Nice<\/a> n\u2019a plus le choix. Toujours <strong>bloqu\u00e9s \u00e0 z\u00e9ro points<\/strong> en <strong>Ligue Europa<\/strong> \u2013 seul \u00e9quipe de la comp\u00e9tition dans ce cas de figure avec les <strong>Rangers<\/strong> \u2013 les Aiglons doivent l\u2019emporter, dans cette <strong>cinqui\u00e8me journ\u00e9e<\/strong> europ\u00e9enne. Le voyage et l\u2019aventure ni\u00e7oise se poursuivent du c\u00f4t\u00e9 du <strong>Portugal<\/strong> et de <strong>Porto <\/strong>(coup d\u2019envoi de la rencontre <strong>ce jeudi \u00e0 21 heures<\/strong> \u00e0 l\u2019<strong>Estadio do Drag\u00e3o<\/strong>). Les joueurs de <strong>Franck Haise<\/strong> vivent pour le moment un bilan bien compliqu\u00e9, presque une habitude pour le Gym en Europe, depuis un peu plus d\u2019un an maintenant avec aucune victoire dans cette coupe europ\u00e9enne. <strong>Depuis septembre<\/strong>, les Ni\u00e7ois se sont inclin\u00e9s face \u00e0 la <a href=\"https:\/\/www.nicepremium.fr\/sports\/ogcn-football\/ogc-nice-as-rome-nouvelle-defaite-pour-le-gym-en-ligue-europa\/\" data-type=\"link\" data-id=\"https:\/\/www.nicepremium.fr\/sports\/ogcn-football\/ogc-nice-as-rome-nouvelle-defaite-pour-le-gym-en-ligue-europa\/\" target=\"_blank\" rel=\"noopener\">Roma<\/a> (1-2), contre le <a href=\"https:\/\/www.nicepremium.fr\/sports\/ogcn-football\/ligue-europa-encore-une-defaite-pour-logc-nice\/\" data-type=\"link\" data-id=\"https:\/\/www.nicepremium.fr\/sports\/ogcn-football\/ligue-europa-encore-une-defaite-pour-logc-nice\/\" target=\"_blank\" rel=\"noopener\">Fenerbahce<\/a> sur le m\u00eame score, avant une nouvelle contre-performance face au <a href=\"https:\/\/www.nicepremium.fr\/sports\/ogcn-football\/ligue-europa-en-inferiorite-numerique-logc-nice-cede-a-vigo\/\" data-type=\"link\" data-id=\"https:\/\/www.nicepremium.fr\/sports\/ogcn-football\/ligue-europa-en-inferiorite-numerique-logc-nice-cede-a-vigo\/\" target=\"_blank\" rel=\"noopener\">Celta Vigo <\/a>(1-2). Les co\u00e9quipiers de <strong>Jonathan Clauss<\/strong> avaient ensuite retrouv\u00e9 l\u2019<strong>Allianz Riviera<\/strong>, sans succ\u00e8s. Face \u00e0 <a href=\"https:\/\/www.nicepremium.fr\/sports\/ogcn-football\/ogc-nice-fribourg-melvin-bard-plombe-le-gym-la-qualification-seloigne\/\" data-type=\"link\" data-id=\"https:\/\/www.nicepremium.fr\/sports\/ogcn-football\/ogc-nice-fribourg-melvin-bard-plombe-le-gym-la-qualification-seloigne\/\" target=\"_blank\" rel=\"noopener\">Fribourg<\/a>, le club azur\u00e9en a une nouvelle fois chut\u00e9 (1-3), apr\u00e8s avoir men\u00e9 au score.<\/p>\n<p>Du c\u00f4t\u00e9 du <strong>FC<\/strong> <strong>Porto<\/strong>, le Gym retrouvera deux visages bien familiers de la <strong>C\u00f4te d\u2019Azur<\/strong> : <strong><a href=\"https:\/\/www.nicepremium.fr\/sports\/francesco-farioli-ambitieux-pour-lavenir-de-logc-nice\/\" data-type=\"link\" data-id=\"https:\/\/www.nicepremium.fr\/sports\/francesco-farioli-ambitieux-pour-lavenir-de-logc-nice\/\" target=\"_blank\" rel=\"noreferrer noopener\">Francesco Farioli<\/a><\/strong> et Pablo Rosario. L\u2019Italien \u00e9tait \u00e0 la t\u00eate du Gym, lors de la saison 2023-2024, et avait permis \u00e0 <strong>Nice<\/strong> de rego\u00fbter aux joutes europ\u00e9ennes apr\u00e8s une saison pass\u00e9e dans le ventre mou du classement. Apr\u00e8s un court passage du c\u00f4t\u00e9 de l\u2019<strong>Ajax Amsterdam<\/strong>, l\u2019ancien coach de l\u2019<strong>OGC Nice<\/strong> a sign\u00e9 avec la prestigieuse \u00e9quipe portugaise, durant l\u2019\u00e9t\u00e9. Quelques semaines apr\u00e8s son arriv\u00e9e, le <strong>FC<\/strong> <strong>Porto<\/strong> officialisait le renfort de <strong>Pablo Rosario<\/strong>. Le milieu d\u00e9fensif sortait de quatre saisons sous les couleurs rouges et noirs, et \u00e9tait \u00e0 la recherche d\u2019un nouveau d\u00e9fi \u00e0 relever pendant l\u2019intersaison.<\/p>\n<p><strong>L\u2019OGC Nice dans l\u2019obligation de l\u2019emporter<\/strong><\/p>\n<p>C\u00f4t\u00e9 infirmerie, il n\u2019y a peu de changement, du c\u00f4t\u00e9 des Aiglons. <strong>Mo\u00efse Bombito<\/strong>, <strong>Mohamed Abdelmonem<\/strong> et <strong>Youssouf Ndayishimiye<\/strong> sont toujours en convalescence. Leurs retours \u00e0 la comp\u00e9tition ne sont pas pr\u00e9vus sur le court terme ce qui handicap fortement la d\u00e9fense du Gym ces derniers temps. Absents de derni\u00e8res minutes du <a href=\"https:\/\/www.nicepremium.fr\/sports\/ogcn-football\/ogc-nice-om-le-gym-chute-lourdement-dans-le-derby-1-5\/\" data-type=\"link\" data-id=\"https:\/\/www.nicepremium.fr\/sports\/ogcn-football\/ogc-nice-om-le-gym-chute-lourdement-dans-le-derby-1-5\/\" target=\"_blank\" rel=\"noopener\">derby perdu face \u00e0 Marseille<\/a>, <strong>Dante<\/strong> et<strong> Hicham Boudaoui <\/strong>restent incertains pour cette nouvelle rencontre. Le capitaine de l\u2019<a href=\"https:\/\/www.instagram.com\/ogcnice\/\" data-type=\"link\" data-id=\"https:\/\/www.instagram.com\/ogcnice\/\" target=\"_blank\" rel=\"noopener\">OGC Nice <\/a>tra\u00eene encore ses probl\u00e8mes au genou. De son c\u00f4t\u00e9, le milieu alg\u00e9rien souffre du dos. Il est peu probable que <strong>Franck Haise<\/strong> prenne le moindre risque avec ses deux joueurs. Enfin, <strong>Jonathan Clauss <\/strong>est disponible, apr\u00e8s avoir purg\u00e9 son match de suspension suite \u00e0 son exclusion sur la pelouse de <a href=\"https:\/\/www.nicepremium.fr\/sports\/ogcn-football\/ligue-europa-en-inferiorite-numerique-logc-nice-cede-a-vigo\/\" data-type=\"link\" data-id=\"https:\/\/www.nicepremium.fr\/sports\/ogcn-football\/ligue-europa-en-inferiorite-numerique-logc-nice-cede-a-vigo\/\" target=\"_blank\" rel=\"noopener\">Vigo<\/a>.<\/p>\n<p>En face, le <strong>FC Porto<\/strong> occupe la <strong>14e place<\/strong> avec sept petits points au classement de cette <strong>Ligue Europa<\/strong>, \u00e0 mi-chemin de cette phase de mini championnat. Les joueurs de <strong>Francesco Farioli<\/strong> avaient bien d\u00e9marr\u00e9 leur campagne, avec deux succ\u00e8s de suite, face \u00e0 <strong>Salzbourg <\/strong>(1-0), puis l\u2019<strong>\u00c9toile de Rouge de Belgrade <\/strong>(2-1). Avant de conna\u00eetre un coup d\u2019arr\u00eat sur la pelouse de <strong>Nottingham Forest<\/strong> (0-2), et de partager les points avec les N\u00e9erlandais d\u2019<strong>Utrecht<\/strong> (1-1). Les Portugais restent bien plac\u00e9s dans la course \u00e0 la qualification et pourraient m\u00eame int\u00e9grer le Top 8, en cas de succ\u00e8s face \u00e0 <strong>Nice<\/strong>.<\/p>\n<p><strong>Les compos probables : <\/strong><\/p>\n<p><strong>Porto<\/strong> : Costa \u2013 Fernandes, Bednarek, Prpic, Zaidu \u2013 Veiga, Rosario, Estaquio \u2013 Pepe, Samu, Sainz<\/p>\n<p><strong>Nice<\/strong> : Diouf \u2013 Mendy, Bah, Bard \u2013 Clauss, Vanhoutte, Sanson, Abdi \u2013 Diop, Carlos, Boga.<\/p>\n<p><strong>NicePremium est un m\u00e9dia local ind\u00e9pendant et gratuit.<\/strong><br \/>Pour nous aider \u00e0 continuer, vous pouvez soutenir notre travail \u00e0 partir de 5 \u20ac par mois.<\/p>\n<p><a class=\"np-soutien-btn\" href=\"https:\/\/www.nicepremium.fr\/faire-un-don\/\" target=\"_blank\" rel=\"noopener\">Soutenir NicePremium<\/a><\/p>\n<p>                <script async src=\"\/\/www.instagram.com\/embed.js\"><\/script><\/p>\n","protected":false},"excerpt":{"rendered":"le Gym retrouve son ancien entra\u00eeneur, Francesco Farioli, ce jeudi, en Ligue Europa (Cr\u00e9dit photo : OGC Nice)&hellip;\n","protected":false},"author":2,"featured_media":560350,"comment_status":"","ping_status":"","sticky":false,"template":"","format":"standard","meta":{"footnotes":""},"categories":[2819],"tags":[1111,11,1777,674,1011,27,12,2401,882,25],"class_list":{"0":"post-560349","1":"post","2":"type-post","3":"status-publish","4":"format-standard","5":"has-post-thumbnail","7":"category-nice","8":"tag-actu","9":"tag-actualites","10":"tag-eu","11":"tag-europe","12":"tag-fr","13":"tag-france","14":"tag-news","15":"tag-nice","16":"tag-provence-alpes-cote-dazur","17":"tag-republique-francaise"},"share_on_mastodon":{"url":"https:\/\/pubeurope.com\/@fr\/115616983274790747","error":""},"_links":{"self":[{"href":"https:\/\/www.europesays.com\/fr\/wp-json\/wp\/v2\/posts\/560349","targetHints":{"allow":["GET"]}}],"collection":[{"href":"https:\/\/www.europesays.com\/fr\/wp-json\/wp\/v2\/posts"}],"about":[{"href":"https:\/\/www.europesays.com\/fr\/wp-json\/wp\/v2\/types\/post"}],"author":[{"embeddable":true,"href":"https:\/\/www.europesays.com\/fr\/wp-json\/wp\/v2\/users\/2"}],"replies":[{"embeddable":true,"href":"https:\/\/www.europesays.com\/fr\/wp-json\/wp\/v2\/comments?post=560349"}],"version-history":[{"count":0,"href":"https:\/\/www.europesays.com\/fr\/wp-json\/wp\/v2\/posts\/560349\/revisions"}],"wp:featuredmedia":[{"embeddable":true,"href":"https:\/\/www.europesays.com\/fr\/wp-json\/wp\/v2\/media\/560350"}],"wp:attachment":[{"href":"https:\/\/www.europesays.com\/fr\/wp-json\/wp\/v2\/media?parent=560349"}],"wp:term":[{"taxonomy":"category","embeddable":true,"href":"https:\/\/www.europesays.com\/fr\/wp-json\/wp\/v2\/categories?post=560349"},{"taxonomy":"post_tag","embeddable":true,"href":"https:\/\/www.europesays.com\/fr\/wp-json\/wp\/v2\/tags?post=560349"}],"curies":[{"name":"wp","href":"https:\/\/api.w.org\/{rel}","templated":true}]}}