{"id":560354,"date":"2025-11-26T16:41:19","date_gmt":"2025-11-26T16:41:19","guid":{"rendered":"https:\/\/www.europesays.com\/fr\/560354\/"},"modified":"2025-11-26T16:41:19","modified_gmt":"2025-11-26T16:41:19","slug":"qui-est-anthony-jezegou-nouveau-directeur-general-du-conseil-interprofessionnel","status":"publish","type":"post","link":"https:\/\/www.europesays.com\/fr\/560354\/","title":{"rendered":"qui est Anthony Jezegou, nouveau directeur g\u00e9n\u00e9ral du Conseil interprofessionnel\u00a0?"},"content":{"rendered":"<p>        <img decoding=\"async\" id=\"26863218\" src=\"https:\/\/www.europesays.com\/fr\/wp-content\/uploads\/2025\/11\/anthony-jezegou.jpg\" alt=\"Anthony Jezegou a pass\u00e9 dix-huit ans au Cr\u00e9dit Agricole.\" itemprop=\"contentURL\"\/><\/p>\n<p>    Anthony Jezegou a pass\u00e9 dix-huit ans au Cr\u00e9dit Agricole.<\/p>\n<p>CIVB<\/p>\n<p>    1 Un profil de manager<\/p>\n<p>Qui mieux qu\u2019un banquier, qui plus est directeur &amp;agrave&#8230;<\/p>\n<p>        <img decoding=\"async\" id=\"26863218\" src=\"https:\/\/www.europesays.com\/fr\/wp-content\/uploads\/2025\/11\/anthony-jezegou.jpg\" alt=\"Anthony Jezegou a pass\u00e9 dix-huit ans au Cr\u00e9dit Agricole.\" itemprop=\"contentURL\"\/><\/p>\n<p>    Anthony Jezegou a pass\u00e9 dix-huit ans au Cr\u00e9dit Agricole.<\/p>\n<p>CIVB<\/p>\n<p>    1 Un profil de manager<\/p>\n<p>Qui mieux qu\u2019un banquier, qui plus est directeur \u00e0 Bordeaux du service viticulture du Cr\u00e9dit Agricole depuis 12\u00a0ans, peut-il \u00eatre plus au fait de <a href=\"https:\/\/www.sudouest.fr\/vin\/vigne-130-millions-pour-un-nouveau-plan-d-arrachage-26853982.php\" target=\"_blank\" rel=\"follow noopener\">la crise structurelle travers\u00e9e par le vignoble\u00a0?<\/a> C\u2019est ce profil de connaisseur du tissu \u00e9conomique local, en la personne d\u2019Anthony Jezegou, qui a \u00e9t\u00e9 choisi pour prendre la direction g\u00e9n\u00e9rale du Conseil interprofessionnel du vin de Bordeaux (CIVB). Originaire de Bretagne, il a d\u2019abord travaill\u00e9, de 2004 \u00e0 2007, dans un cabinet de courtage international, sp\u00e9cialis\u00e9 en c\u00e9r\u00e9ales et en l\u00e9gumes. Avant d\u2019int\u00e9grer, en 2007, le Cr\u00e9dit Agricole. D\u2019abord \u00e0 la t\u00eate de six agences dans les Landes, avant de venir \u00e0 Bordeaux, en 2013, piloter les \u00e9quipes du p\u00f4le vin (financement, services, transactions). L\u2019homme a donc un profil de manager \u00ab\u00a0pour faire tourner la maison\u00a0\u00bb alors que les difficult\u00e9s de la fili\u00e8re sont l\u00e0. Son pr\u00e9d\u00e9cesseur avait plut\u00f4t un profil politique, bien introduit dans les arcanes parisiens et bruxellois, l\u00e0 o\u00f9 se prennent nombre de d\u00e9cisions. Ces missions seront d\u00e9sormais davantage d\u00e9volues aux \u00e9lus professionnels.<\/p>\n<p>2 Un budget \u00e0 la baisse<\/p>\n<p>Le CIVB, comme toutes les instances du monde viticole, a d\u00fb r\u00e9duire drastiquement la voilure. Son budget <a href=\"https:\/\/www.sudouest.fr\/vin\/vins-de-bordeaux-les-raisons-d-esperer-se-font-attendre-24217585.php\" target=\"_blank\" rel=\"follow noopener\">annuel avoisine d\u00e9sormais les 26\u00a0millions d\u2019euros,<\/a> alors qu\u2019il avait atteint 35\u00a0millions aux plus belles ann\u00e9es. L\u2019essentiel des recettes provient de cotisations volontaires obligatoires (CVO) pay\u00e9es par les producteurs et les n\u00e9gociants. Elles sont assises sur les volumes \u00e9coul\u00e9s\u00a0: moins il y a de ventes, moins il y a de rentr\u00e9es. Or, sur la campagne 2024-2025, Bordeaux a \u00e9coul\u00e9 3,25\u00a0millions d\u2019hectolitres\u00a0; c\u2019\u00e9tait presque 5\u00a0millions il n\u2019y a pas si longtemps. Anthony Jezegou devra donc faire mieux avec moins, au sein d\u2019une structure qui emploie 45\u00a0personnes. D\u2019autant que les aides europ\u00e9ennes \u2013 autre source financi\u00e8re \u2013 pourraient ne pas \u00eatre p\u00e9rennis\u00e9es \u00e0 l\u2019avenir.<\/p>\n<p>3 Mieux cibler la promotion<\/p>\n","protected":false},"excerpt":{"rendered":"Anthony Jezegou a pass\u00e9 dix-huit ans au Cr\u00e9dit Agricole. CIVB 1 Un profil de manager Qui mieux qu\u2019un&hellip;\n","protected":false},"author":2,"featured_media":560355,"comment_status":"","ping_status":"","sticky":false,"template":"","format":"standard","meta":{"footnotes":""},"categories":[2817],"tags":[1111,11,1997,1777,674,1011,27,12,2219,25],"class_list":{"0":"post-560354","1":"post","2":"type-post","3":"status-publish","4":"format-standard","5":"has-post-thumbnail","7":"category-bordeaux","8":"tag-actu","9":"tag-actualites","10":"tag-bordeaux","11":"tag-eu","12":"tag-europe","13":"tag-fr","14":"tag-france","15":"tag-news","16":"tag-nouvelle-aquitaine","17":"tag-republique-francaise"},"share_on_mastodon":{"url":"https:\/\/pubeurope.com\/@fr\/115616998876285896","error":""},"_links":{"self":[{"href":"https:\/\/www.europesays.com\/fr\/wp-json\/wp\/v2\/posts\/560354","targetHints":{"allow":["GET"]}}],"collection":[{"href":"https:\/\/www.europesays.com\/fr\/wp-json\/wp\/v2\/posts"}],"about":[{"href":"https:\/\/www.europesays.com\/fr\/wp-json\/wp\/v2\/types\/post"}],"author":[{"embeddable":true,"href":"https:\/\/www.europesays.com\/fr\/wp-json\/wp\/v2\/users\/2"}],"replies":[{"embeddable":true,"href":"https:\/\/www.europesays.com\/fr\/wp-json\/wp\/v2\/comments?post=560354"}],"version-history":[{"count":0,"href":"https:\/\/www.europesays.com\/fr\/wp-json\/wp\/v2\/posts\/560354\/revisions"}],"wp:featuredmedia":[{"embeddable":true,"href":"https:\/\/www.europesays.com\/fr\/wp-json\/wp\/v2\/media\/560355"}],"wp:attachment":[{"href":"https:\/\/www.europesays.com\/fr\/wp-json\/wp\/v2\/media?parent=560354"}],"wp:term":[{"taxonomy":"category","embeddable":true,"href":"https:\/\/www.europesays.com\/fr\/wp-json\/wp\/v2\/categories?post=560354"},{"taxonomy":"post_tag","embeddable":true,"href":"https:\/\/www.europesays.com\/fr\/wp-json\/wp\/v2\/tags?post=560354"}],"curies":[{"name":"wp","href":"https:\/\/api.w.org\/{rel}","templated":true}]}}