{"id":560358,"date":"2025-11-26T16:43:10","date_gmt":"2025-11-26T16:43:10","guid":{"rendered":"https:\/\/www.europesays.com\/fr\/560358\/"},"modified":"2025-11-26T16:43:10","modified_gmt":"2025-11-26T16:43:10","slug":"le-rotaract-club-de-toulouse-organise-un-evenement-sur-la-decarbonation","status":"publish","type":"post","link":"https:\/\/www.europesays.com\/fr\/560358\/","title":{"rendered":"Le Rotaract Club de Toulouse organise un \u00e9v\u00e8nement sur la d\u00e9carbonation"},"content":{"rendered":"<p>Le Rotaract Club de Toulouse, club service regroupant des jeunes \u00e9tudiants ou jeunes professionnels de 18 \u00e0 30 ans, organise, en partenariat avec le Rotary Toulouse et le Rotary Toulouse Sud, une conf\u00e9rence intitul\u00e9e \u00ab\u00a0To Lose Carbon\u00a0: Toulouse vers la d\u00e9carbonation\u00a0\u00bb. L\u2019\u00e9v\u00e9nement r\u00e9unira des acteurs publics, des repr\u00e9sentants de grands groupes industriels et des citoyens engag\u00e9s autour d\u2019un enjeu central\u00a0: les strat\u00e9gies locales de r\u00e9duction du CO\u2082. Comment produire, construire et innover tout en respectant les limites plan\u00e9taires\u00a0? Quelles solutions techniques et organisationnelles existent d\u00e9j\u00e0 dans nos entreprises locales\u00a0? Voil\u00e0 certaines des questions au c\u0153ur des \u00e9changes.<\/p>\n<p>Les intervenants seront Fran\u00e7ois Chollet, vice-pr\u00e9sident de Toulouse M\u00e9tropole, en charge de l\u2019\u00e9cologie, Mathieu Gantier, directeur des achats chez <a href=\"https:\/\/www.touleco.fr\/spip.php?page=liste-articles&amp;mots=1050\" target=\"_blank\" rel=\"noopener\">Nutrition et Sant\u00e9<\/a>, Ingie Chams, responsable Innovation chez <a href=\"https:\/\/www.touleco.fr\/+-Airbus-544-+\" class=\"spip_in\" target=\"_blank\" rel=\"noopener\">Airbus<\/a>, et Thibault Leroy, responsable pr\u00e9vention des risques environnementaux chez Spie Batignolles TP. Le d\u00e9bat sera anim\u00e9 par le Professeur Romain Buquet, responsable de l\u2019Innovation \u00e0 l\u2019<a href=\"https:\/\/www.touleco.fr\/+-Isae-Supaero-+\" class=\"spip_in\" target=\"_blank\" rel=\"noopener\">Isae-Supaero<\/a>.<\/p>\n<p>L\u2019entr\u00e9e \u00e0 la conf\u00e9rence est fix\u00e9e \u00e0 10 euros. L\u2019int\u00e9gralit\u00e9 de la recette sera revers\u00e9e \u00e0 une action men\u00e9e en partenariat avec l\u2019association UCRM, \u0153uvrant pour l\u2019insertion sociale et professionnelle \u00e0 Toulouse. Plus d\u2019infos et inscriptions <a href=\"https:\/\/www.helloasso.com\/associations\/rotaract-club-de-toulouse\/evenements\/conference-to-lose-carbon\" class=\"spip_out\" rel=\"external noopener\" target=\"_blank\">en ligne<\/a>.<\/p>\n<p>To Lose Carbon\u00a0: Toulouse vers la d\u00e9carbonations. Le jeudi 27\u00a0novembre 2025, \u00e0 18 heures, au FabLab Artilect, 10 rue Tripi\u00e8re, \u00e0 Toulouse.<\/p>\n","protected":false},"excerpt":{"rendered":"Le Rotaract Club de Toulouse, club service regroupant des jeunes \u00e9tudiants ou jeunes professionnels de 18 \u00e0 30&hellip;\n","protected":false},"author":2,"featured_media":373637,"comment_status":"","ping_status":"","sticky":false,"template":"","format":"standard","meta":{"footnotes":""},"categories":[2816],"tags":[1111,11,12223,1777,674,1011,27,12,2680,25,19436,2312,16155],"class_list":{"0":"post-560358","1":"post","2":"type-post","3":"status-publish","4":"format-standard","5":"has-post-thumbnail","7":"category-toulouse","8":"tag-actu","9":"tag-actualites","10":"tag-durable","11":"tag-eu","12":"tag-europe","13":"tag-fr","14":"tag-france","15":"tag-news","16":"tag-occitanie","17":"tag-republique-francaise","18":"tag-reseaux","19":"tag-toulouse","20":"tag-transition-ecologique"},"share_on_mastodon":{"url":"https:\/\/pubeurope.com\/@fr\/115617005891965172","error":""},"_links":{"self":[{"href":"https:\/\/www.europesays.com\/fr\/wp-json\/wp\/v2\/posts\/560358","targetHints":{"allow":["GET"]}}],"collection":[{"href":"https:\/\/www.europesays.com\/fr\/wp-json\/wp\/v2\/posts"}],"about":[{"href":"https:\/\/www.europesays.com\/fr\/wp-json\/wp\/v2\/types\/post"}],"author":[{"embeddable":true,"href":"https:\/\/www.europesays.com\/fr\/wp-json\/wp\/v2\/users\/2"}],"replies":[{"embeddable":true,"href":"https:\/\/www.europesays.com\/fr\/wp-json\/wp\/v2\/comments?post=560358"}],"version-history":[{"count":0,"href":"https:\/\/www.europesays.com\/fr\/wp-json\/wp\/v2\/posts\/560358\/revisions"}],"wp:featuredmedia":[{"embeddable":true,"href":"https:\/\/www.europesays.com\/fr\/wp-json\/wp\/v2\/media\/373637"}],"wp:attachment":[{"href":"https:\/\/www.europesays.com\/fr\/wp-json\/wp\/v2\/media?parent=560358"}],"wp:term":[{"taxonomy":"category","embeddable":true,"href":"https:\/\/www.europesays.com\/fr\/wp-json\/wp\/v2\/categories?post=560358"},{"taxonomy":"post_tag","embeddable":true,"href":"https:\/\/www.europesays.com\/fr\/wp-json\/wp\/v2\/tags?post=560358"}],"curies":[{"name":"wp","href":"https:\/\/api.w.org\/{rel}","templated":true}]}}