{"id":560361,"date":"2025-11-26T16:45:15","date_gmt":"2025-11-26T16:45:15","guid":{"rendered":"https:\/\/www.europesays.com\/fr\/560361\/"},"modified":"2025-11-26T16:45:15","modified_gmt":"2025-11-26T16:45:15","slug":"apres-new-york-shanghai-et-londres-lexposition-lego-la-plus-populaire-du-monde-debarque-a-lille","status":"publish","type":"post","link":"https:\/\/www.europesays.com\/fr\/560361\/","title":{"rendered":"Apr\u00e8s New York, Shanghai et Londres, l\u2019exposition LEGO\u00ae la plus populaire du monde d\u00e9barque \u00e0 Lille"},"content":{"rendered":"<p>                    Par<br \/>\n        <strong><br \/>\n            <a href=\"https:\/\/actu.fr\/auteur\/hervine-mahaud\" title=\"Consulter tous les articles de Hervine Mahaud\" target=\"_blank\" rel=\"noopener\">Hervine Mahaud<\/a><br \/>\n                    <\/strong><\/p>\n<p>        Publi\u00e9 le<\/p>\n<p>            26 nov. 2025 \u00e0 16h56        <\/p>\n<p data-end=\"919\"><a href=\"https:\/\/actu.fr\/lille\/\" target=\"_blank\" rel=\"noopener\">Lille<\/a> s\u2019appr\u00eate \u00e0 accueillir un \u00e9v\u00e9nement d\u2019envergure mondiale\u2009: The Art Of The Brick, <b>l\u2019exposition en LEGO\u00ae la plus populaire au monde<\/b>, d\u00e9barque \u00e0 <b>EuraTechnologies<\/b> d\u00e8s le 10\u00a0d\u00e9cembre 2025. Apr\u00e8s avoir conquis<b> plus de 10\u00a0millions de visiteurs<\/b> \u00e0 New York, Shanghai ou Paris, l\u2019exposition promet d\u2019\u00e9merveiller petits et grands avec plus de<b> 90 cr\u00e9ations spectaculaires<\/b> enti\u00e8rement r\u00e9alis\u00e9es en briques LEGO\u00ae.<\/p>\n<p>Plus de 90 \u0153uvres d\u2019art en LEGO\u00ae \u00e0 venir d\u00e9couvrir \u00e0 Lille<\/p>\n<p data-end=\"1374\" class=\" wall-content\">Produite par Exhibition Hub en partenariat avec Fever, l\u2019exposition transforme <b>950 m\u00b2 d\u2019EuraTechnologies en v\u00e9ritable mus\u00e9e ludique<\/b> o\u00f9 l\u2019art rencontre le jeu. Sacr\u00e9e par CNN comme <b>l\u2019une des dix expositions immanquables au monde<\/b>, The Art Of The Brick plonge les visiteurs dans l\u2019univers fascinant de l\u2019artiste am\u00e9ricain <b data-end=\"1332\">Nathan Sawaya<\/b>, surnomm\u00e9 le \u201cL\u00e9onard de Vinci\u201d du LEGO\u00ae.<\/p>\n<p data-end=\"1374\" class=\" wall-content\">\n<a href=\"https:\/\/www.instagram.com\/p\/DRX1yE1CKRB\/embed\" title=\"Ouvrir le lien sur Instagram\" target=\"_blank\" rel=\"noopener\">Visualiser le contenu sur Instagram<\/a><\/p>\n<p data-end=\"1813\" class=\" wall-content\">Plus de <b data-end=\"1431\">90 \u0153uvres compos\u00e9es d\u2019un million de briques<\/b> seront expos\u00e9es\u2009: Le Penseur de Rodin, La Nuit \u00c9toil\u00e9e de Van Gogh, Le David de Michel-Ange\u2026 mais aussi des cr\u00e9ations originales embl\u00e9matiques comme <b data-end=\"1597\">Yellow<\/b>, <b data-end=\"1614\">The Swimmer<\/b> ou encore un <b data-end=\"1670\">squelette de T-Rex de 6\u00a0m\u00e8tres de long<\/b>. Une capsule \u00e9ducative, Organogenesis, pr\u00e9sentera \u00e9galement des organes humains en LEGO\u00ae, en collaboration avec le photographe Andrei Duman.<\/p>\n<p>Nathan Sawaya, l\u2019avocat d\u2019affaires devenu ma\u00eetre du LEGO\u00ae<\/p>\n<p data-end=\"1813\" class=\" wall-content\">\u00c0 l\u2019origine de cette aventure artistique, Nathan Sawaya, un am\u00e9ricain ayant commenc\u00e9 \u00e0 jouer aux LEGO\u00ae <b>d\u00e8s son plus jeune \u00e2ge<\/b> et qui ne s\u2019est plus jamais arr\u00eat\u00e9. Ancien avocat d\u2019affaires \u00e0 New York,<b> il est le premier \u00e0 avoir introduit les c\u00e9l\u00e8bres petites briques dans le monde de l\u2019art<\/b>\u2009: \u00ab\u2009J\u2019appr\u00e9cie la nettet\u00e9 de cet objet, ses angles droits et ses formes caract\u00e9ristiques. Selon la distance et l\u2019angle de vue, cela offre de nouvelles perspectives.\u2009\u00bb<\/p>\n<p data-end=\"1813\" class=\" wall-content\">\n<a href=\"https:\/\/www.instagram.com\/p\/DEu68Gku3L4\/embed\" title=\"Ouvrir le lien sur Instagram\" target=\"_blank\" rel=\"noopener\">Visualiser le contenu sur Instagram<\/a><\/p>\n<p data-end=\"1813\" class=\" wall-content\">R\u00e9compens\u00e9 par de nombreuses distinctions, <b>l\u2019artiste cr\u00e9e ses \u0153uvres \u00e0 partir d\u2019objets toujours plus improbables<\/b> et pr\u00e9sente des sculptures \u00e0 grande \u00e9chelle r\u00e9alis\u00e9es uniquement avec des briques de construction.\u00a0R\u00e9els ou imaginaires, les personnages et objets surprennent tant il joue avec la mati\u00e8re, la couleur, la lumi\u00e8re ou la perspective.<\/p>\n<p>Votre r\u00e9gion, votre actu !<\/p>\n<p>Recevez chaque jour les infos qui comptent pour vous.<\/p>\n<p>\t<a href=\"https:\/\/actu.fr\/newsletter\" class=\"ac-btn ac-btn--corner ac-btn--medium ac-btn--blue800\" target=\"_blank\" rel=\"noopener\">S&rsquo;incrire<\/a><\/p>\n<p data-end=\"1813\" class=\" wall-content\">Conf\u00e9rencier chez Google, TEDx ou encore Yahoo, Nathan Sawaya a contribu\u00e9 \u00e0 <b>donner au monde de l\u2019art contemporain une nouvelle dimension<\/b>, op\u00e9rant une synth\u00e8se surprenante entre pop-art et surr\u00e9alisme.<\/p>\n<p>Une sortie familiale et interactive \u00e0 Lille<\/p>\n<p data-end=\"1813\" class=\" wall-content\">Pens\u00e9e pour tous les publics, l\u2019exposition plongera les visiteurs dans <b>un univers o\u00f9 l\u2019art et le jeu se rencontrent<\/b>. Comme l\u2019explique Nathan Sawaya, \u00ab\u2009l\u2019exposition fait appel \u00e0 l\u2019enfant qui sommeille en chacun de nous, tout en \u00e9clairant des concepts sophistiqu\u00e9s et complexes\u2009\u00bb.<\/p>\n<p data-end=\"1813\" class=\" wall-content\">\u00ab\u2009Nos pr\u00e9c\u00e9dentes expositions \u00e0 Lille ont toujours rencontr\u00e9 un grand succ\u00e8s aupr\u00e8s du public. Forts de cet engouement, nous avons souhait\u00e9 faire d\u00e9couvrir \u00e0 la m\u00e9tropole lilloise cette exposition incontournable, parmi les plus visit\u00e9es au monde. Elle promet une exp\u00e9rience culturelle in\u00e9dite et s\u2019inscrit dans la belle histoire qui unit Lille aux exp\u00e9riences immersives sign\u00e9es Exhibition Hub et Fever\u2009\u00bb, explique Hamza El Azhar, CEO d\u2019Exhibition Hub.<\/p>\n<p data-end=\"1813\" class=\" wall-content\">Un<b> espace interactif<\/b> d\u00e9di\u00e9 aux constructions ludiques et aux jeux permettra \u00e9galement aux petits et grands de laisser libre cours \u00e0 leur imagination avec des milliers de briques LEGO\u00ae mises \u00e0 disposition pour que chacun puisse s\u2019exprimer \u00e0 travers ses propres cr\u00e9ations.<\/p>\n<p data-end=\"1813\" class=\" wall-content\">Une <b>boutique \u00e9ph\u00e9m\u00e8re<\/b> sera ouverte pour l\u2019occasion, v\u00e9ritable paradis des collectionneurs, qui proposera des articles LEGO\u00ae exclusifs, incluant des licences embl\u00e9matiques telles que <b>Harry Potter, Jurassic World, Avatar et Star Wars<\/b>.<\/p>\n<p><b>Infos pratiques<\/b>\u2009: Exposition The Art Of The Brick, \u00e0 partir du 10\u00a0d\u00e9cembre 2025, de 10\u2009h \u00e0 19\u2009h. Lieu\u2009: EuraTechnologies, 165 avenue de Bretagne \u00e0 Lille. Dur\u00e9e de l\u2019exp\u00e9rience\u2009: env. 50\u00a0minutes. \u00c9v\u00e9nement accessible \u00e0 tous (entr\u00e9e gratuite pour les enfants de moins de 4\u00a0ans). Les enfants de moins de 14\u00a0ans doivent \u00eatre accompagn\u00e9s par un adulte. Tarifs\u2009: \u00e0 partir de 12,90\u00a0\u20ac adulte \/ 9,90\u00a0\u20ac enfant -12\u00a0ans \/ tarif r\u00e9duit 10,90\u00a0\u20ac (+65\u00a0ans, \u00e9tudiant 18-25, jeune 13-17, personne en situation de handicap). Billetterie et infos \u00e0 retrouver <a href=\"https:\/\/feverup.com\/m\/503096?_gl=1*1co1rf2*_ga*MTI3NTI1NDU4OC4xNzY0MTU3MDcz*_ga_BXTT22EPKN*czE3NjQxNTcwNzMkbzEkZzAkdDE3NjQxNTcwNzYkajU3JGwwJGgw&amp;cp_landing=cta_hero&amp;cp_landing_term=cta_hero&amp;cp_landing_source=theartofthebrickexpo&amp;utm_source=direct\" target=\"_blank\" rel=\"noopener\">en cliquant ici<\/a>.<\/p>\n<p class=\" wall-content\">Personnalisez votre actualit\u00e9 en ajoutant vos villes et m\u00e9dias en favori avec <a href=\"https:\/\/moncompte.actu.fr\" title=\"D\u00e9couvez Mon Actu\" rel=\"nofollow noopener\" data-trk=\"{&quot;cta&quot;:{&quot;action&quot;:&quot;https:\\\/\\\/moncompte.actu.fr&quot;,&quot;category&quot;:&quot;mon compte&quot;,&quot;from&quot;:&quot;article footer&quot;,&quot;name&quot;:&quot;Mon actu&quot;,&quot;type&quot;:&quot;cta&quot;}}\" target=\"_blank\">Mon Actu<\/a>.<\/p>\n<p>                    <script async src=\"\/\/www.instagram.com\/embed.js\"><\/script><\/p>\n","protected":false},"excerpt":{"rendered":"Par Hervine Mahaud Publi\u00e9 le 26 nov. 2025 \u00e0 16h56 Lille s\u2019appr\u00eate \u00e0 accueillir un \u00e9v\u00e9nement d\u2019envergure mondiale\u2009:&hellip;\n","protected":false},"author":2,"featured_media":560362,"comment_status":"","ping_status":"","sticky":false,"template":"","format":"standard","meta":{"footnotes":""},"categories":[2815],"tags":[1111,11,1777,674,1011,27,811,1307,1652,12,25],"class_list":{"0":"post-560361","1":"post","2":"type-post","3":"status-publish","4":"format-standard","5":"has-post-thumbnail","7":"category-lille","8":"tag-actu","9":"tag-actualites","10":"tag-eu","11":"tag-europe","12":"tag-fr","13":"tag-france","14":"tag-hauts-de-france","15":"tag-lille","16":"tag-loisirs-culture","17":"tag-news","18":"tag-republique-francaise"},"share_on_mastodon":{"url":"https:\/\/pubeurope.com\/@fr\/115617013890084676","error":""},"_links":{"self":[{"href":"https:\/\/www.europesays.com\/fr\/wp-json\/wp\/v2\/posts\/560361","targetHints":{"allow":["GET"]}}],"collection":[{"href":"https:\/\/www.europesays.com\/fr\/wp-json\/wp\/v2\/posts"}],"about":[{"href":"https:\/\/www.europesays.com\/fr\/wp-json\/wp\/v2\/types\/post"}],"author":[{"embeddable":true,"href":"https:\/\/www.europesays.com\/fr\/wp-json\/wp\/v2\/users\/2"}],"replies":[{"embeddable":true,"href":"https:\/\/www.europesays.com\/fr\/wp-json\/wp\/v2\/comments?post=560361"}],"version-history":[{"count":0,"href":"https:\/\/www.europesays.com\/fr\/wp-json\/wp\/v2\/posts\/560361\/revisions"}],"wp:featuredmedia":[{"embeddable":true,"href":"https:\/\/www.europesays.com\/fr\/wp-json\/wp\/v2\/media\/560362"}],"wp:attachment":[{"href":"https:\/\/www.europesays.com\/fr\/wp-json\/wp\/v2\/media?parent=560361"}],"wp:term":[{"taxonomy":"category","embeddable":true,"href":"https:\/\/www.europesays.com\/fr\/wp-json\/wp\/v2\/categories?post=560361"},{"taxonomy":"post_tag","embeddable":true,"href":"https:\/\/www.europesays.com\/fr\/wp-json\/wp\/v2\/tags?post=560361"}],"curies":[{"name":"wp","href":"https:\/\/api.w.org\/{rel}","templated":true}]}}