{"id":560363,"date":"2025-11-26T16:46:13","date_gmt":"2025-11-26T16:46:13","guid":{"rendered":"https:\/\/www.europesays.com\/fr\/560363\/"},"modified":"2025-11-26T16:46:13","modified_gmt":"2025-11-26T16:46:13","slug":"avis-aux-gourmands-un-enorme-welshfest-debarque-a-lille","status":"publish","type":"post","link":"https:\/\/www.europesays.com\/fr\/560363\/","title":{"rendered":"Avis aux gourmands\u00a0: un \u00e9norme Welsh\u2019Fest d\u00e9barque \u00e0 Lille"},"content":{"rendered":"<p><b>Le Welsh\u2019Fest\u00a0: deux jours d\u00e9di\u00e9s au plat le plus iconique du Nord<\/b>&#13;<\/p>\n<p>Ce samedi 29 et dimanche 30 novembre, la <a href=\"https:\/\/www.lebonbon.fr\/lille\/news\/bistrot-saint-so-rouvre-enfin-voici-ce-qui-t-attend-des-3-decembre\/\" target=\"_blank\" rel=\"noopener\"><strong>Gare Saint-Sauveur<\/strong><\/a> devient le QG des <a href=\"https:\/\/www.lebonbon.fr\/lille\/les-tops-food-et-drink\/les-meilleures-specialites-locales-dans-le-nord\/\" target=\"_blank\" rel=\"noopener\">amoureux de Welsh.<\/a> Pendant deux jours, le Hall B se transforme en paradis du fromage\u00a0: des restaurateurs, des producteurs locaux, des chefs, des curieux, des puristes, des gens qui n\u2019\u00e9taient pas pr\u00eats\u2026 mais qui vont repartir convertis.<\/p>\n<p>&#13;<\/p>\n<p>Cette ann\u00e9e, le festival prend une dimension encore plus folle\u00a0: <b>le Concours International du Welsh 2025<\/b> est int\u00e9gr\u00e9 \u00e0 l\u2019\u00e9v\u00e9nement.<br \/>On verra d\u00e9filer une g\u00e9n\u00e9ration enti\u00e8re de fondeurs de cheddar\u00a0: cat\u00e9gories espoir et amateur le samedi, puis les pros le dimanche, avec un jury compos\u00e9 notamment de <b>Meilleurs Ouvriers de France<\/b>. \u00c7a va gratiner.<\/p>\n<p>&#13;<\/p>\n<blockquote class=\"instagram-media\" data-instgrm-permalink=\"https:\/\/www.instagram.com\/p\/DRFeF0DjCGS\/?utm_source=ig_embed&amp;utm_campaign=loading\" data-instgrm-version=\"14\" style=\"background: #FFF; border: 0; border-radius: 3px; box-shadow: 0 0 1px 0 rgba(0,0,0,0.5),0 1px 10px 0 rgba(0,0,0,0.15); margin: 1px; max-width: 540px; min-width: 326px; padding: 0; width: calc(100% - 2px);\"><p>&#13;<br \/>\n&#13;\n<\/p><\/blockquote>\n<p>&#13;<br \/>\n&#13;<br \/>\n<b>Un programme bien charg\u00e9 (et d\u00e9licieusement r\u00e9confortant)<\/b>&#13;<\/p>\n<p>Tout le week-end, la Gare Saint-So accueillera <strong>un march\u00e9 de produits locaux<\/strong> occupera la halle, avec <a href=\"https:\/\/www.lebonbon.fr\/lille\/les-tops-food-et-drink\/fromagerie-lille\/\" target=\"_blank\" rel=\"noopener\">fromages<\/a>, bi\u00e8res, moutardes, sp\u00e9cialit\u00e9s artisanales et d\u2019autres p\u00e9pites du terroir. <strong>Des chefs proposeront ateliers et d\u00e9monstrations<\/strong>, tandis que des shows culinaires rythmeront l\u2019apr\u00e8s-midi.<br \/>Plus de 14 restaurateurs\u00a0: tous pr\u00eats \u00e0 vous faire fondre comme votre cheddar, seront aussi pr\u00e9sents pour revisiter, sublimer ou respecter religieusement le Welsh traditionnel.<\/p>\n<p>&#13;<\/p>\n<p>Entre deux bouch\u00e9es, le public pourra assister \u00e0 des concerts, rencontrer les participants du concours, tester l\u2019\u00c9cole du Welsh ou admirer des performances qui s\u2019annoncent pour le moins\u2026 croustillantes.<\/p>\n<p>&#13;<\/p>\n<blockquote class=\"instagram-media\" data-instgrm-permalink=\"https:\/\/www.instagram.com\/reel\/DRT_GrQjXjl\/?utm_source=ig_embed&amp;utm_campaign=loading\" data-instgrm-version=\"14\" style=\"background: #FFF; border: 0; border-radius: 3px; box-shadow: 0 0 1px 0 rgba(0,0,0,0.5),0 1px 10px 0 rgba(0,0,0,0.15); margin: 1px; max-width: 540px; min-width: 326px; padding: 0; width: calc(100% - 2px);\"><p>&#13;<br \/>\n&#13;\n<\/p><\/blockquote>\n<p>&#13;<br \/>\n&#13;<br \/>\n<b>Une ambiance \u00e0 la Saint-So\u00a0: g\u00e9n\u00e9reuse, dr\u00f4le et tr\u00e8s Nord<\/b>&#13;<\/p>\n<p>Parce qu\u2019\u00e0 Lille, on ne fait jamais les choses \u00e0 moiti\u00e9\u00a0: animations loufoques, d\u00e9fis improbables, d\u00e9gustations impromptues, public survolt\u00e9\u2026 le Welsh\u2019Fest a d\u00e9j\u00e0 la r\u00e9putation d\u2019\u00eatre l\u2019un des rendez-vous gastronomiques les plus chaleureux de la saison. C\u2019est gourmand, d\u00e9cal\u00e9, festif, et le tout se d\u00e9roule dans un lieu qu&rsquo;on adore\u00a0: la Gare Saint-Sauveur, parfaite pour ce genre d\u2019\u00e9v\u00e9nement popu-cool qui fait la signature de la ville.<\/p>\n<p>&#13;<br \/>\n<b>Et pour ceux qui veulent commencer la f\u00eate plus t\u00f4t\u2026<\/b>&#13;<\/p>\n<p>Un before est organis\u00e9 <b>vendredi 28 novembre<\/b>, histoire de mettre l\u2019ambiance avant m\u00eame l\u2019ouverture officielle du festival. Le Bazar St So accueillera <b>Jacques Fromage<\/b>, inventeur du concept \u201c\u00e9lectro-fromage\u201d\u00a0: un m\u00e9lange improbable entre DJ set et c\u00e9l\u00e9bration lact\u00e9e, mais croyez-le ou non\u00a0: \u00e7a fonctionne. Pendant sept heures, l\u2019endroit vibrera entre house, UK garage, techno, drum &amp; bass et d\u00e9gustations gratuites de fromages.<br \/>La soir\u00e9e parfaite pour se mettre dans le mood\u2026 et commencer ce marathon de cheddar avec style.<\/p>\n<p>&#13;<\/p>\n<p><strong>Gare Saint-Sauveur &#8211; Lille<\/strong><br \/><strong>Samedi 29 &amp; dimanche 30 novembre 2025<\/strong><br \/><strong>Entr\u00e9e gratuite<\/strong><\/p>\n<p><script async src=\"\/\/www.instagram.com\/embed.js\"><\/script><\/p>\n","protected":false},"excerpt":{"rendered":"Le Welsh\u2019Fest\u00a0: deux jours d\u00e9di\u00e9s au plat le plus iconique du Nord&#13; Ce samedi 29 et dimanche 30&hellip;\n","protected":false},"author":2,"featured_media":560364,"comment_status":"","ping_status":"","sticky":false,"template":"","format":"standard","meta":{"footnotes":""},"categories":[2815],"tags":[1111,11,1777,674,1011,27,811,1307,12,25],"class_list":{"0":"post-560363","1":"post","2":"type-post","3":"status-publish","4":"format-standard","5":"has-post-thumbnail","7":"category-lille","8":"tag-actu","9":"tag-actualites","10":"tag-eu","11":"tag-europe","12":"tag-fr","13":"tag-france","14":"tag-hauts-de-france","15":"tag-lille","16":"tag-news","17":"tag-republique-francaise"},"share_on_mastodon":{"url":"https:\/\/pubeurope.com\/@fr\/115617017642618375","error":""},"_links":{"self":[{"href":"https:\/\/www.europesays.com\/fr\/wp-json\/wp\/v2\/posts\/560363","targetHints":{"allow":["GET"]}}],"collection":[{"href":"https:\/\/www.europesays.com\/fr\/wp-json\/wp\/v2\/posts"}],"about":[{"href":"https:\/\/www.europesays.com\/fr\/wp-json\/wp\/v2\/types\/post"}],"author":[{"embeddable":true,"href":"https:\/\/www.europesays.com\/fr\/wp-json\/wp\/v2\/users\/2"}],"replies":[{"embeddable":true,"href":"https:\/\/www.europesays.com\/fr\/wp-json\/wp\/v2\/comments?post=560363"}],"version-history":[{"count":0,"href":"https:\/\/www.europesays.com\/fr\/wp-json\/wp\/v2\/posts\/560363\/revisions"}],"wp:featuredmedia":[{"embeddable":true,"href":"https:\/\/www.europesays.com\/fr\/wp-json\/wp\/v2\/media\/560364"}],"wp:attachment":[{"href":"https:\/\/www.europesays.com\/fr\/wp-json\/wp\/v2\/media?parent=560363"}],"wp:term":[{"taxonomy":"category","embeddable":true,"href":"https:\/\/www.europesays.com\/fr\/wp-json\/wp\/v2\/categories?post=560363"},{"taxonomy":"post_tag","embeddable":true,"href":"https:\/\/www.europesays.com\/fr\/wp-json\/wp\/v2\/tags?post=560363"}],"curies":[{"name":"wp","href":"https:\/\/api.w.org\/{rel}","templated":true}]}}