{"id":560372,"date":"2025-11-26T16:52:15","date_gmt":"2025-11-26T16:52:15","guid":{"rendered":"https:\/\/www.europesays.com\/fr\/560372\/"},"modified":"2025-11-26T16:52:15","modified_gmt":"2025-11-26T16:52:15","slug":"il-y-a-un-manque-dinformation-autour-de-la-prevention-pres-de-4-000-franciliens-vivraient-avec-le-vih-sans-le-savoir-selon-un-rapport","status":"publish","type":"post","link":"https:\/\/www.europesays.com\/fr\/560372\/","title":{"rendered":"\u00ab\u00a0Il y a un manque d\u2019information autour de la pr\u00e9vention\u00a0\u00bb, pr\u00e8s de 4 000 Franciliens vivraient avec le VIH sans le savoir selon un rapport"},"content":{"rendered":"<p class=\"article__intro\">En \u00cele-de-France, l\u2019\u00e9pid\u00e9mie reste stable mais la r\u00e9gion demeure la plus touch\u00e9e du pays. \u00c0 quelques jours de la Journ\u00e9e mondiale de lutte contre le sida, un nouveau rapport de Sant\u00e9 publique France souligne un d\u00e9pistage encore trop tardif et de fortes disparit\u00e9s entre d\u00e9partements.<\/p>\n<p>\n      La Quotidienne Soci\u00e9t\u00e9\n    <\/p>\n<p>\n      De la vie quotidienne aux grands enjeux, recevez tous les jours les sujets qui font la soci\u00e9t\u00e9 locale, comme la justice, l\u2019\u00e9ducation, la sant\u00e9 et la famille.\n    <\/p>\n<p>    France T\u00e9l\u00e9visions utilise votre adresse e-mail afin de vous envoyer la newsletter \u00ab\u00a0La Quotidienne Soci\u00e9t\u00e9\u00a0\u00bb. Vous pouvez vous d\u00e9sinscrire \u00e0 tout moment via le lien en bas de cette newsletter. <a target=\"_blank\" href=\"https:\/\/www.francetelevisions.fr\/groupe\/confidentialite\/politique-de-confidentialite\/politique-de-confidentialite-de-france-televisions-6503\" rel=\"noopener\">Notre politique de confidentialit\u00e9<\/a><\/p>\n<p>\u00c0 l\u2019approche du 1er d\u00e9cembre (date de la Journ\u00e9e mondiale consacr\u00e9e \u00e0 la sensibilisation, \u00e0 la pr\u00e9vention et \u00e0 la lutte contre le virus) <a href=\"https:\/\/www.santepubliquefrance.fr\/maladies-et-traumatismes\/infections-sexuellement-transmissibles\/vih-sida\" target=\"_blank\" rel=\"noopener noreferrer nofollow\" data-tooltip-url=\"https:\/\/www.santepubliquefrance.fr\/maladies-et-traumatismes\/infections-sexuellement-transmissibles\/vih-sida\">Sant\u00e9 publique France<\/a> met en lumi\u00e8re une part encore m\u00e9connue de l\u2019\u00e9pid\u00e9mie\u2009: celle qui \u00e9chappe au d\u00e9pistage. <\/p>\n<p>Selon les derni\u00e8res estimations, 3 940 Franciliens vivraient avec le VIH (virus de l\u2019immunod\u00e9ficience humaine) sans conna\u00eetre leur statut s\u00e9rologique. <\/p>\n<p>Pour Christophe Martet, pr\u00e9sident de Vers <a href=\"https:\/\/www.parissanssida.fr\/\" target=\"_blank\" rel=\"noopener noreferrer nofollow\" data-tooltip-url=\"https:\/\/www.parissanssida.fr\/\">Paris et Seine-Saint-Denis Sans Sida<\/a>, cette situation r\u00e9v\u00e8le \u00ab\u00a0un manque d\u2019information autour de la pr\u00e9vention, du d\u00e9pistage et de l\u2019importance de se tester r\u00e9guli\u00e8rement. \u00c0 partir du moment o\u00f9 l\u2019on a une activit\u00e9 sexuelle, il faut se d\u00e9pister\u00a0\u00bb.<\/p>\n<p>En 2024, 2 010 personnes ont d\u00e9couvert leur s\u00e9ropositivit\u00e9 dans la r\u00e9gion. Un niveau stable, mais qui repr\u00e9sente encore pr\u00e8s de 40 % des nouveaux diagnostics en France. \u00ab\u00a0L\u2019\u00cele-de-France reste la r\u00e9gion la plus impact\u00e9e, ce n\u2019est pas un hasard\u00a0\u00bb, souligne-t-il. \u00ab\u00a0L\u2019\u00e9pid\u00e9mie est install\u00e9e depuis longtemps et certaines populations restent tr\u00e8s touch\u00e9es\u00a0\u00bb.<\/p>\n<p>Pr\u00e8s de 7 nouveaux diagnostics sur 10 concernent des hommes, principalement \u00e2g\u00e9s de 25 \u00e0 49 ans. Comme au niveau national, la grande majorit\u00e9 des transmissions se font lors de rapports sexuels non prot\u00e9g\u00e9s. La question du d\u00e9pistage reste centrale. <\/p>\n<p>Christophe Martet rappelle que beaucoup ignorent la simplicit\u00e9 du test : \u00ab\u00a0Beaucoup de gens s\u2019imaginent que le d\u00e9pistage est compliqu\u00e9, alors que c\u2019est sans rendez-vous, sans ordonnance, gratuit et tr\u00e8s rapide. Conna\u00eetre son statut, c\u2019est commencer un traitement tout de suite et ne plus transmettre le virus\u00a0\u00bb. <\/p>\n<p>Le rapport pointe un d\u00e9pistage encore trop tardif, avec de larges \u00e9carts entre les territoires. Paris reste le d\u00e9partement o\u00f9 l\u2019on se d\u00e9piste le plus. La Seine-Saint-Denis, la Seine-et-Marne ou encore les Yvelines pr\u00e9sentent des niveaux plus faibles. Ces disparit\u00e9s compliquent la d\u00e9tection pr\u00e9coce, essentielle pour limiter les risques de transmission. Les associations multiplient les actions sur le terrain. <\/p>\n<p>Christophe Martet explique que \u00ab\u00a0ce qui fonctionne le mieux, ce sont les actions d\u2019aller-vers : \u00eatre l\u00e0 o\u00f9 les gens se trouvent, dans la rue, les gares ou les lieux de vie, avec des tests rapides. Ce mode de d\u00e9pistage, les TROD (tests rapides d\u2019orientation diagnostique), donne les meilleurs r\u00e9sultats\u00a0\u00bb. <\/p>\n<p>Il rappelle que certains d\u00e9partements disposent d\u2019un tissu associatif plus limit\u00e9, notamment en grande couronne. Selon lui, \u00ab\u00a0les associations ne peuvent pas se substituer \u00e0 l\u2019Etat. On en revient toujours \u00e0 la question des moyens. Il faut augmenter le d\u00e9pistage de proximit\u00e9 et mieux faire conna\u00eetre les dispositifs via des campagnes de communication\u00a0\u00bb. <\/p>\n<p>Le d\u00e9pistage est possible en laboratoire d\u2019analyses m\u00e9dicales ou dans les centres gratuits de d\u00e9pistage et de diagnostic (CeGIDD). Les autotests sont disponibles en pharmacie, et en cas de question ou de doute, les personnes peuvent \u00e9galement se tourner vers<a href=\"https:\/\/www.sida-info-service.org\/kit-d-information-sur-l-infection\/\" target=\"_blank\" rel=\"noopener noreferrer nofollow\" data-tooltip-url=\"https:\/\/www.sida-info-service.org\/kit-d-information-sur-l-infection\/\"> Sida Info Service.<\/a><\/p>\n","protected":false},"excerpt":{"rendered":"En \u00cele-de-France, l\u2019\u00e9pid\u00e9mie reste stable mais la r\u00e9gion demeure la plus touch\u00e9e du pays. \u00c0 quelques jours de&hellip;\n","protected":false},"author":2,"featured_media":560373,"comment_status":"","ping_status":"","sticky":false,"template":"","format":"standard","meta":{"footnotes":""},"categories":[1592],"tags":[1111,11,1777,674,1011,27,662,12,626,25],"class_list":{"0":"post-560372","1":"post","2":"type-post","3":"status-publish","4":"format-standard","5":"has-post-thumbnail","7":"category-ile-de-france","8":"tag-actu","9":"tag-actualites","10":"tag-eu","11":"tag-europe","12":"tag-fr","13":"tag-france","14":"tag-ile-de-france","15":"tag-news","16":"tag-paris","17":"tag-republique-francaise"},"share_on_mastodon":{"url":"https:\/\/pubeurope.com\/@fr\/115617041236627989","error":""},"_links":{"self":[{"href":"https:\/\/www.europesays.com\/fr\/wp-json\/wp\/v2\/posts\/560372","targetHints":{"allow":["GET"]}}],"collection":[{"href":"https:\/\/www.europesays.com\/fr\/wp-json\/wp\/v2\/posts"}],"about":[{"href":"https:\/\/www.europesays.com\/fr\/wp-json\/wp\/v2\/types\/post"}],"author":[{"embeddable":true,"href":"https:\/\/www.europesays.com\/fr\/wp-json\/wp\/v2\/users\/2"}],"replies":[{"embeddable":true,"href":"https:\/\/www.europesays.com\/fr\/wp-json\/wp\/v2\/comments?post=560372"}],"version-history":[{"count":0,"href":"https:\/\/www.europesays.com\/fr\/wp-json\/wp\/v2\/posts\/560372\/revisions"}],"wp:featuredmedia":[{"embeddable":true,"href":"https:\/\/www.europesays.com\/fr\/wp-json\/wp\/v2\/media\/560373"}],"wp:attachment":[{"href":"https:\/\/www.europesays.com\/fr\/wp-json\/wp\/v2\/media?parent=560372"}],"wp:term":[{"taxonomy":"category","embeddable":true,"href":"https:\/\/www.europesays.com\/fr\/wp-json\/wp\/v2\/categories?post=560372"},{"taxonomy":"post_tag","embeddable":true,"href":"https:\/\/www.europesays.com\/fr\/wp-json\/wp\/v2\/tags?post=560372"}],"curies":[{"name":"wp","href":"https:\/\/api.w.org\/{rel}","templated":true}]}}