{"id":560380,"date":"2025-11-26T16:56:13","date_gmt":"2025-11-26T16:56:13","guid":{"rendered":"https:\/\/www.europesays.com\/fr\/560380\/"},"modified":"2025-11-26T16:56:13","modified_gmt":"2025-11-26T16:56:13","slug":"la-gerante-dun-salon-de-message-condamnee-pour-traite-detres-humains","status":"publish","type":"post","link":"https:\/\/www.europesays.com\/fr\/560380\/","title":{"rendered":"la g\u00e9rante d&rsquo;un salon de message condamn\u00e9e pour traite d&rsquo;\u00eatres humains"},"content":{"rendered":"<p>                    Par<br \/>\n        <strong><br \/>\n            <a href=\"https:\/\/actu.fr\/auteur\/redaction-paris\" title=\"Consulter tous les articles de R\u00e9daction Paris\" target=\"_blank\" rel=\"noopener\">R\u00e9daction Paris<\/a><br \/>\n                    <\/strong><\/p>\n<p>        Publi\u00e9 le<\/p>\n<p>            26 nov. 2025 \u00e0 17h36        <\/p>\n<p>Un environnement de travail bien \u00e9loign\u00e9 du bien-\u00eatre propos\u00e9 aux clients. Ce mercredi 26\u00a0novembre 2025, <strong>la g\u00e9rante d\u2019un salon de massage \u00e0 <a href=\"https:\/\/actu.fr\/paris\/\" target=\"_blank\" rel=\"noopener\">Paris<\/a> a \u00e9t\u00e9 lourdement condamn\u00e9e<\/strong> pour traite d\u2019\u00eatre humains par le <a href=\"https:\/\/actu.fr\/tag\/tribunal-de-paris\" target=\"_blank\" rel=\"noopener\">tribunal correctionnel<\/a>.\u00a0Une peine de quatre ans de prison a \u00e9t\u00e9 prononc\u00e9e \u00e0 son encontre avec mandat de d\u00e9p\u00f4t. Les employ\u00e9es de ce salon \u00e9taient \u00ab\u2009enferm\u00e9es dans un syst\u00e8me de contr\u00f4le\u2009\u00bb dans \u00ab\u2009une ambiance oppressante et pesante\u2009\u00bb, a estim\u00e9 la pr\u00e9sidente du tribunal, qui a suivi les r\u00e9quisitions du parquet.<\/p>\n<p>Un salaire mis\u00e9rable<\/p>\n<p class=\" wall-content\">Nannapat R., une Tha\u00eflandaise de 59\u00a0ans, est \u00e9galement frapp\u00e9e d\u2019une <strong>interdiction de s\u00e9jour en France<\/strong> pour une dur\u00e9e de dix ans. Jug\u00e9e pour complicit\u00e9, sa fille \u00ab\u2009sous emprise\u2009\u00bb et qui a \u00ab\u2009tent\u00e9 d\u2019alerter plusieurs fois\u2009\u00bb sa m\u00e8re, selon la juge, \u00e9cope d\u2019un an de prison avec sursis. \u00ab\u2009C\u2019est un cas d\u2019\u00e9cole de la traite\u2009\u00bb d\u2019\u00eatres humains\u2009: \u00ab\u2009il y a le recrutement, le transfert, l\u2019h\u00e9bergement et l\u2019accueil\u2009\u00bb, avait d\u00e9nonc\u00e9 <strong>Me Alix Ottou<\/strong>, avocate des parties civiles, lors de l\u2019audience le 30\u00a0octobre.<\/p>\n<p class=\" wall-content\">L\u2019une des anciennes employ\u00e9es, \u00e0 l\u2019origine de la plainte, a notamment expliqu\u00e9 avoir \u00e9t\u00e9 \u00ab\u2009punie\u2009\u00bb par sa patronne pour avoir refus\u00e9 de s\u2019adonner \u00e0 des pratiques sexuelles avec un client. Son salaire, de moins de 1.000 euros par mois pour \u00ab\u2009pr\u00e8s de 200\u00a0heures\u2009\u00bb travaill\u00e9es, avait ensuite \u00e9t\u00e9 r\u00e9duit de moiti\u00e9. Les plaignantes, recrut\u00e9es en Tha\u00eflande, ont pay\u00e9 entre 4\u2009500 et 5\u2009100\u00a0euros pour rejoindre la France, via un r\u00e9seau de passeurs.<\/p>\n<p>Log\u00e9es \u00e0 m\u00eame le sol<\/p>\n<p class=\" wall-content\">Des retenues sur leurs salaires ont \u00e9t\u00e9 effectu\u00e9es pendant plusieurs mois pour s\u2019acquitter de ces sommes qu\u2019elles \u00e9taient incapables de r\u00e9gler. Les deux plaignantes \u00e9taient log\u00e9es \u00ab\u2009\u00e0 m\u00eame le sol ou sur une table de massage\u2009\u00bb pour 250\u00a0euros par mois. Pendant le proc\u00e8s, la g\u00e9rante a assur\u00e9 vouloir \u00ab\u2009aider ces filles.\u2009\u00bb<\/p>\n<p class=\" wall-content\">Les employ\u00e9es travaillaient pourtant cinq \u00e0 sept jours sur sept, pay\u00e9es en moyenne cinq euros de l\u2019heure et avec peu ou pas de cong\u00e9s, selon <strong>l\u2019inspection du travail<\/strong>. Des \u00ab\u2009conditions de travail indignes\u2009\u00bb qu\u2019elles n\u2019avaient pas d\u2019autres choix que d\u2019accepter, selon la procureure. Il est \u00e9galement reproch\u00e9 \u00e0 Nannapat R. le travail dissimul\u00e9 de 25 salari\u00e9es au cours des cinq derni\u00e8res ann\u00e9es, ainsi que l\u2019emploi d\u2019\u00e9trangers sans titre de s\u00e9jour. \u00ab\u2009Si je d\u00e9clare beaucoup de salaires, il faut que je paie beaucoup de cotisations\u2009\u00bb, s\u2019\u00e9tait justifi\u00e9e la pr\u00e9venue \u00e0 la barre.<\/p>\n<p class=\" wall-content\">Si sa fille Thanrawee R. assure n\u2019avoir eu aucun r\u00f4le d\u00e9cisionnaire au sein de la soci\u00e9t\u00e9 par \u00ab\u2009peur de (se) disputer\u2009\u00bb avec sa m\u00e8re, elle a reconnu avoir eu connaissance des faits reproch\u00e9s. En 2015, Nannapat R. avait d\u00e9j\u00e0 \u00e9t\u00e9 condamn\u00e9e \u00e0 <strong>deux ans d\u2019emprisonnement<\/strong> et 50\u2009000\u00a0euros d\u2019amende pour des faits similaires.<\/p>\n<p class=\" wall-content\">Avec AFP<\/p>\n<p class=\" wall-content\">Personnalisez votre actualit\u00e9 en ajoutant vos villes et m\u00e9dias en favori avec <a href=\"https:\/\/moncompte.actu.fr\" title=\"D\u00e9couvez Mon Actu\" rel=\"nofollow noopener\" data-trk=\"{&quot;cta&quot;:{&quot;action&quot;:&quot;https:\\\/\\\/moncompte.actu.fr&quot;,&quot;category&quot;:&quot;mon compte&quot;,&quot;from&quot;:&quot;article footer&quot;,&quot;name&quot;:&quot;Mon actu&quot;,&quot;type&quot;:&quot;cta&quot;}}\" target=\"_blank\">Mon Actu<\/a>.<\/p>\n","protected":false},"excerpt":{"rendered":"Par R\u00e9daction Paris Publi\u00e9 le 26 nov. 2025 \u00e0 17h36 Un environnement de travail bien \u00e9loign\u00e9 du bien-\u00eatre&hellip;\n","protected":false},"author":2,"featured_media":517176,"comment_status":"","ping_status":"","sticky":false,"template":"","format":"standard","meta":{"footnotes":""},"categories":[1888],"tags":[11,1777,674,118,1011,27,303,12,626,2694,25],"class_list":{"0":"post-560380","1":"post","2":"type-post","3":"status-publish","4":"format-standard","5":"has-post-thumbnail","7":"category-paris","8":"tag-actualites","9":"tag-eu","10":"tag-europe","11":"tag-faits-divers","12":"tag-fr","13":"tag-france","14":"tag-justice","15":"tag-news","16":"tag-paris","17":"tag-proces","18":"tag-republique-francaise"},"share_on_mastodon":{"url":"","error":""},"_links":{"self":[{"href":"https:\/\/www.europesays.com\/fr\/wp-json\/wp\/v2\/posts\/560380","targetHints":{"allow":["GET"]}}],"collection":[{"href":"https:\/\/www.europesays.com\/fr\/wp-json\/wp\/v2\/posts"}],"about":[{"href":"https:\/\/www.europesays.com\/fr\/wp-json\/wp\/v2\/types\/post"}],"author":[{"embeddable":true,"href":"https:\/\/www.europesays.com\/fr\/wp-json\/wp\/v2\/users\/2"}],"replies":[{"embeddable":true,"href":"https:\/\/www.europesays.com\/fr\/wp-json\/wp\/v2\/comments?post=560380"}],"version-history":[{"count":0,"href":"https:\/\/www.europesays.com\/fr\/wp-json\/wp\/v2\/posts\/560380\/revisions"}],"wp:featuredmedia":[{"embeddable":true,"href":"https:\/\/www.europesays.com\/fr\/wp-json\/wp\/v2\/media\/517176"}],"wp:attachment":[{"href":"https:\/\/www.europesays.com\/fr\/wp-json\/wp\/v2\/media?parent=560380"}],"wp:term":[{"taxonomy":"category","embeddable":true,"href":"https:\/\/www.europesays.com\/fr\/wp-json\/wp\/v2\/categories?post=560380"},{"taxonomy":"post_tag","embeddable":true,"href":"https:\/\/www.europesays.com\/fr\/wp-json\/wp\/v2\/tags?post=560380"}],"curies":[{"name":"wp","href":"https:\/\/api.w.org\/{rel}","templated":true}]}}