{"id":560389,"date":"2025-11-26T17:01:18","date_gmt":"2025-11-26T17:01:18","guid":{"rendered":"https:\/\/www.europesays.com\/fr\/560389\/"},"modified":"2025-11-26T17:01:18","modified_gmt":"2025-11-26T17:01:18","slug":"prostitution-pourquoi-lallemagne-veut-durcir-sa-legislation","status":"publish","type":"post","link":"https:\/\/www.europesays.com\/fr\/560389\/","title":{"rendered":"Prostitution : pourquoi l&rsquo;Allemagne veut durcir sa l\u00e9gislation"},"content":{"rendered":"<ul class=\"jsx-862013697 ArticleChapo__List\">\n<li class=\"jsx-862013697 ArticleChapo__List_Item flex\">Les partis de la coalition men\u00e9e par les conservateurs de la CDU veulent r\u00e9viser la loi r\u00e9gissant la prostitution en Allemagne.<\/li>\n<li class=\"jsx-862013697 ArticleChapo__List_Item flex\">Depuis plus de 20 ans, elle avait \u00e9t\u00e9 autoris\u00e9e pour am\u00e9liorer la situation des travailleurs du sexe et freiner le trafic d&rsquo;\u00eatres humains.<\/li>\n<li class=\"jsx-862013697 ArticleChapo__List_Item flex\">En vain, d\u00e9noncent plusieurs \u00e9lus.<\/li>\n<\/ul>\n<p data-module=\"article-paragraph\" class=\"jsx-3046738180 Paragraph\">La fin de la prostitution en <a href=\"https:\/\/www.tf1info.fr\/actualite\/allemagne-10029\/\" target=\"_blank\" rel=\"noopener\">Allemagne<\/a> ? Plus de vingt ans apr\u00e8s sa l\u00e9galisation, c&rsquo;est en tout cas le souhait d&rsquo;une frange de la classe politique. Le d\u00e9bat, d\u00e9j\u00e0 pr\u00e9sent depuis plusieurs mois, a \u00e9t\u00e9 raviv\u00e9 ces jours-ci par les conservateurs de l\u2019Union chr\u00e9tienne-d\u00e9mocrate (CDU). En particulier Julia Kl\u00f6ckner, la patronne du Bundestag, qui a regrett\u00e9 que le pays soit devenu \u00ab\u00a0le bordel de l&rsquo;Europe\u00a0\u00bb.<\/p>\n<p data-module=\"article-paragraph\" class=\"jsx-3046738180 Paragraph Paragraph__End\">\u00ab\u00a0Lorsque nous parlons des droits des femmes mais que nous affirmons que la prostitution est un m\u00e9tier comme un autre, cela est non seulement ridicule, mais aussi m\u00e9prisant envers les femmes\u00a0\u00bb, a martel\u00e9 l&rsquo;\u00e9lue lors d&rsquo;une c\u00e9r\u00e9monie de remise de prix \u00e0 Berlin. M\u00eame prise de position dans les colonnes du Rheinische Post de la part de Nina Warken, la ministre de la Sant\u00e9 : \u00ab\u00a0Comme d\u2019autres pays, l\u2019Allemagne a besoin d\u2019une interdiction p\u00e9nale de l\u2019achat de services sexuels pour les clients. Les prostitu\u00e9es doivent rester impunies et b\u00e9n\u00e9ficier d\u2019une aide compl\u00e8te pour sortir de la prostitution\u00a0\u00bb.<\/p>\n<p>Environ 250.000 travailleurs du sexe non d\u00e9clar\u00e9s<\/p>\n<p data-module=\"article-paragraph\" class=\"jsx-3046738180 Paragraph\">Le parti de l&rsquo;ancienne chanceli\u00e8re <a href=\"https:\/\/www.tf1info.fr\/actualite\/angela-merkel-10050\/\" target=\"_blank\" rel=\"noopener\">Angela Merkel<\/a> en est convaincu : la loi de 2002 n&rsquo;a pas atteint son objectif d&rsquo;am\u00e9liorer la situation des travailleurs du sexe et de freiner le trafic d&rsquo;\u00eatres humains, au contraire. Dans le d\u00e9tail, l&rsquo;Allemagne compte environ 28.280 personnes prostitu\u00e9es d\u00e9clar\u00e9es, selon l&rsquo;Office f\u00e9d\u00e9ral des statistiques (Destatis). Mais les travailleurs du sexe non d\u00e9clar\u00e9s seraient bien plus nombreux.<\/p>\n<p data-module=\"article-paragraph\" class=\"jsx-3046738180 Paragraph Paragraph__End\">La copr\u00e9sidente du groupe parlementaire de l&rsquo;opposition conservatrice au Bundestag, Dorothee B\u00e4r, avait en effet cit\u00e9 il y a quelques mois le nombre de 250.000, des femmes pour la plupart. <a href=\"https:\/\/www.tf1info.fr\/justice-faits-divers\/ils-prostituaient-des-jeunes-femmes-de-16-a-20-ans-via-le-site-sexmodel-5-hommes-et-2-femmes-mis-en-examen-2400686.html\" target=\"_blank\" rel=\"noopener\">\u00c0 titre de comparaison en France<\/a>, le nombre de personnes prostitu\u00e9es est estim\u00e9 entre 30.000 et 40.000. Ce chiffre ne prend pas en compte la prostitution occasionnelle.<\/p>\n<p><a href=\"https:\/\/www.tf1info.fr\/justice-faits-divers\/video-reportage-je-ne-comprends-pas-pourquoi-ma-fille-est-tombee-la-dedans-l-inquietante-hausse-de-la-prostitution-des-mineurs-2379841.html\" rel=\"noopener\" class=\"jsx-3308031228 Link flex\" target=\"_blank\"><img decoding=\"async\" src=\"https:\/\/www.europesays.com\/fr\/wp-content\/uploads\/2025\/11\/cazprsca-ce3624-0@1x.jpeg\" alt=\"TF1\" loading=\"lazy\" importance=\"low\" fetchpriority=\"low\" class=\"\" aria-hidden=\"true\"\/><\/p>\n<p class=\"jsx-3657663356 ReadMoreArticle__Title\">Lire aussi<\/p>\n<p class=\"jsx-3657663356\">\u00ab\u00a0Je ne comprends pas pourquoi ma fille est tomb\u00e9e l\u00e0-dedans\u00a0\u00bb : l&rsquo;inqui\u00e9tante hausse de la prostitution des mineurs<\/p>\n<p><\/a><\/p>\n<p data-module=\"article-paragraph\" class=\"jsx-3046738180 Paragraph\">Autre particularit\u00e9 de l&rsquo;Allemagne : les maisons closes. Fin 2022, le pays comptait 2.310 entreprises d\u00e9clar\u00e9es de prostitution, ou par exemple des services fournissant des prostitu\u00e9s pour certains \u00e9v\u00e9nements, d&rsquo;apr\u00e8s l&rsquo;Office national des statistiques Destatis. Ces \u00e9tablissements sont aussi dans le collimateur de la CDU, qui critique les conditions dans lesquelles les femmes y travaillent et l&rsquo;insuffisance des contr\u00f4les.<\/p>\n<p data-module=\"article-paragraph\" class=\"jsx-3046738180 Paragraph Paragraph__End\">Pour les conservateurs allemands, le pays devrait prendre le chemin de la Su\u00e8de, laquelle s&rsquo;appuie sur un syst\u00e8me particulier : les prostitu\u00e9es ont le droit de proposer leurs services, mais les clients, eux, peuvent \u00eatre poursuivis p\u00e9nalement. Une loi similaire existe en France depuis 2016, tout comme en Irlande ou en Norv\u00e8ge.<\/p>\n<p>T.G.<\/p>\n","protected":false},"excerpt":{"rendered":"Les partis de la coalition men\u00e9e par les conservateurs de la CDU veulent r\u00e9viser la loi r\u00e9gissant la&hellip;\n","protected":false},"author":2,"featured_media":560390,"comment_status":"","ping_status":"","sticky":false,"template":"","format":"standard","meta":{"footnotes":""},"categories":[1587],"tags":[1111,11,672,6388,1921,1804,1805,1803,1777,674,1801,1922,12,1802,133,1920],"class_list":{"0":"post-560389","1":"post","2":"type-post","3":"status-publish","4":"format-standard","5":"has-post-thumbnail","7":"category-allemagne","8":"tag-actu","9":"tag-actualites","10":"tag-allemagne","11":"tag-angela-merkel","12":"tag-article-video","13":"tag-bundesrepublik-deutschland","14":"tag-de","15":"tag-deutschland","16":"tag-eu","17":"tag-europe","18":"tag-germany","19":"tag-info","20":"tag-news","21":"tag-republique-federale-dallemagne","22":"tag-video","23":"tag-video-international"},"share_on_mastodon":{"url":"https:\/\/pubeurope.com\/@fr\/115617078017390980","error":""},"_links":{"self":[{"href":"https:\/\/www.europesays.com\/fr\/wp-json\/wp\/v2\/posts\/560389","targetHints":{"allow":["GET"]}}],"collection":[{"href":"https:\/\/www.europesays.com\/fr\/wp-json\/wp\/v2\/posts"}],"about":[{"href":"https:\/\/www.europesays.com\/fr\/wp-json\/wp\/v2\/types\/post"}],"author":[{"embeddable":true,"href":"https:\/\/www.europesays.com\/fr\/wp-json\/wp\/v2\/users\/2"}],"replies":[{"embeddable":true,"href":"https:\/\/www.europesays.com\/fr\/wp-json\/wp\/v2\/comments?post=560389"}],"version-history":[{"count":0,"href":"https:\/\/www.europesays.com\/fr\/wp-json\/wp\/v2\/posts\/560389\/revisions"}],"wp:featuredmedia":[{"embeddable":true,"href":"https:\/\/www.europesays.com\/fr\/wp-json\/wp\/v2\/media\/560390"}],"wp:attachment":[{"href":"https:\/\/www.europesays.com\/fr\/wp-json\/wp\/v2\/media?parent=560389"}],"wp:term":[{"taxonomy":"category","embeddable":true,"href":"https:\/\/www.europesays.com\/fr\/wp-json\/wp\/v2\/categories?post=560389"},{"taxonomy":"post_tag","embeddable":true,"href":"https:\/\/www.europesays.com\/fr\/wp-json\/wp\/v2\/tags?post=560389"}],"curies":[{"name":"wp","href":"https:\/\/api.w.org\/{rel}","templated":true}]}}