{"id":560411,"date":"2025-11-26T17:17:15","date_gmt":"2025-11-26T17:17:15","guid":{"rendered":"https:\/\/www.europesays.com\/fr\/560411\/"},"modified":"2025-11-26T17:17:15","modified_gmt":"2025-11-26T17:17:15","slug":"la-ville-de-perpignan-achete-ce-tableau-pour-plus-de-120-000-euros","status":"publish","type":"post","link":"https:\/\/www.europesays.com\/fr\/560411\/","title":{"rendered":"la Ville de Perpignan ach\u00e8te ce tableau pour plus de 120 000 euros"},"content":{"rendered":"<p>                    Par<br \/>\n        <strong><br \/>\n            <a href=\"https:\/\/actu.fr\/auteur\/thibaut-calatayud\" title=\"Consulter tous les articles de Thibaut Calatayud\" target=\"_blank\" rel=\"noopener\">Thibaut Calatayud<\/a><br \/>\n                    <\/strong><\/p>\n<p>        Publi\u00e9 le<\/p>\n<p>            26 nov. 2025 \u00e0 12h14        <\/p>\n<p>\u00ab\u00a0C\u2019est historique !\u00a0\u00bb Pascale Picard, la directrice et conservatrice du<strong> mus\u00e9e Hyacinthe Rigaud<\/strong>, est sur un petit nuage. Ce mardi 25 novembre 2025, la Ville de Perpignan a fait l\u2019acquisition d\u2019un tableau de <strong>Raoul Dufy<\/strong>, L\u2019atelier de la rue Jeanne-d\u2019Arc, lors des ench\u00e8res organis\u00e9es par l\u2019h\u00f4tel des ventes Drouot \u00e0 Paris.<\/p>\n<p>Une acquisition \u00e0 120 900 euros<\/p>\n<p class=\" wall-content\">\u00ab\u00a0C\u2019est incroyable d\u2019avoir pu acheter cette \u0153uvre qui est historique pour l\u2019histoire du patrimoine perpignanais. C\u2019est une immense nouvelle\u00a0\u00bb, se r\u00e9jouit Pascale Picard. Pour cette huile sur toile (37,5 x 95,5 cm), la municipalit\u00e9 n\u2019a pas h\u00e9sit\u00e9 \u00e0 d\u00e9bourser <strong>120 900 euros<\/strong>.<\/p>\n<p class=\" wall-content\">\u00ab\u00a0C\u2019est formidable d\u2019avoir achet\u00e9 cette \u0153uvre \u00e0 un prix tout \u00e0 fait correct. C\u2019\u00e9tait une occasion \u00e0 ne pas rater. La Ville a su la saisir. Nous sommes hyper heureux au mus\u00e9e. C\u2019est une grande nouvelle !\u00a0\u00bb, r\u00e9p\u00e8te la directrice du mus\u00e9e Rigaud, qui accueillera bient\u00f4t <a href=\"https:\/\/actu.fr\/occitanie\/perpignan_66136\/c-est-une-premiere-ce-musee-de-perpignan-va-accueillir-une-oeuvre-majeure-de-salvador-dali_63300056.html\" target=\"_blank\" rel=\"noopener\">une \u00ab\u00a0\u0153uvre majeure\u00a0\u00bb de Salvador Dal\u00ed<\/a>.<\/p>\n<p class=\" wall-content\">La direction de l\u2019\u00e9tablissement culturel est en train de finaliser les derni\u00e8res formalit\u00e9s administratives. \u00ab\u00a0Ensuite, le tableau reviendra \u00e0 Perpignan. Vraisemblablement en d\u00e9but d\u2019ann\u00e9e 2026. Nous l\u2019exposerons dans les meilleurs d\u00e9lais\u00a0\u00bb, annonce Pascale Picard \u00e0<a href=\"https:\/\/actu.fr\/perpignan\/\" target=\"_blank\" rel=\"noopener\"> Actu Perpignan<\/a>.<\/p>\n<p><a class=\"jo-module-caroussel__img-container\" href=\"https:\/\/static.actu.fr\/uploads\/2025\/11\/raoul-dufy.jpg\" title=\"Agrandir la photo Ce tableau de Raoul Dufy a \u00e9t\u00e9 achet\u00e9 plus de 120 000 euros par la Ville de Perpignan (\u00a9 Drouot)\" data-idx=\"1\" target=\"_blank\" rel=\"noopener\"><br \/>\n    <img decoding=\"async\" class=\"jo-module-caroussel__img\" loading=\"lazy\" src=\"https:\/\/www.europesays.com\/fr\/wp-content\/uploads\/2025\/11\/raoul-dufy-640x427.jpg\" alt=\"Ce tableau de Raoul Dufy a \u00e9t\u00e9 achet\u00e9 plus de 120 000 euros par la Ville de Perpignan (\u00a9 Drouot)\" width=\"640\" height=\"427\"\/><\/a>Le premier tableau de Raoul Dufy \u00e0 appartenir \u00e0 la Ville<\/p>\n<p class=\" wall-content\">\u00ab\u00a0Il n\u2019y avait pas de peinture de Raoul Dufy dans nos collections. C\u2019est la premi\u00e8re, et pas des moindres !\u00a0\u00bb, assure la directrice. Comme son nom l\u2019indique, elle repr\u00e9sente Raoul Dufy dans son atelier de la rue Jeanne d\u2019Arc \u00e0 Perpignan.<\/p>\n<p class=\" wall-content\">\u00ab\u00a0C\u2019est un tableau qui a appartenu au <strong>Dr Pierre Nicolau<\/strong> (voir encadr\u00e9 ci-dessous). Il a fait \u00e9norm\u00e9ment pour le peintre. Il l\u2019a soign\u00e9, \u00e9paul\u00e9 et accueilli. C\u2019\u00e9tait un tr\u00e8s grand collectionneur de Raoul Dufy\u00a0\u00bb, poursuit-elle. Malheureusement, la collection du m\u00e9decin a \u00e9t\u00e9 dispers\u00e9e en 1969.<\/p>\n<p>Votre r\u00e9gion, votre actu !<\/p>\n<p>Recevez chaque jour les infos qui comptent pour vous.<\/p>\n<p>\t<a href=\"https:\/\/actu.fr\/newsletter\" class=\"ac-btn ac-btn--corner ac-btn--medium ac-btn--blue800\" target=\"_blank\" rel=\"noopener\">S&rsquo;incrire<\/a><\/p>\n<p class=\" wall-content\">\u00ab\u00a0\u00c0 l\u2019\u00e9poque, la Ville ne s\u2019\u00e9tait pas positionn\u00e9e. C\u2019est pour \u00e7a que nous n\u2019avions que des d\u00e9p\u00f4ts de l\u2019\u00c9tat pour pr\u00e9senter l\u2019\u0153uvre de Raoul Dufy. C\u2019\u00e9tait donc vraiment important d\u2019avoir une peinture aussi symbolique qui appartienne \u00e0 la Ville\u00a0\u00bb, explique Pascale Picard.<\/p>\n<p class=\" wall-content\">Cette ann\u00e9e, le mus\u00e9e de Perpignan a aussi fait l\u2019acquisition d\u2019un <a href=\"https:\/\/www.musee-rigaud.fr\/actualites\/le-portrait-de-terrus-par-maximilien-luce-visite-flash\" target=\"_blank\" rel=\"noopener\">portrait d\u2019Etienne Terrus par Maximilien Luce<\/a> et d\u2019une nouvelle peinture de Hyacinthe Rigaud. \u00ab\u00a0C\u2019est une <strong>Adoration des bergers<\/strong>. C\u2019est une \u0153uvre superbe, qui illustre l\u2019art de Rigaud dans le grand genre. C\u2019est tr\u00e8s probablement son morceau de r\u00e9ception pour l\u2019Acad\u00e9mie royale de peinture, o\u00f9 il souhaitait se faire reconna\u00eetre dans le grand genre\u00a0\u00bb, conclut la conservatrice.<\/p>\n<p>Le Dr Nicolau avait soulag\u00e9 la polyarthrite de Raoul Dufy<\/p>\n<p>N\u00e9 au Havre en 1877, Raoul Dufy s&rsquo;est r\u00e9fugi\u00e9 \u00e0 C\u00e9ret\u00a0au d\u00e9but de la Seconde Guerre mondiale. En 1941, il rencontre le Dr Pierre Nicolau. C&rsquo;est lui qui prendra en charge, dans sa clinique priv\u00e9e, la polyarthrite qui handicape le peintre depuis quelques ann\u00e9es. V\u00e9ritable soutien de l&rsquo;artiste, le m\u00e9decin l&rsquo;h\u00e9bergera m\u00eame pendant six mois au sein de sa propre famille.<\/p>\n<p class=\" wall-content\">Personnalisez votre actualit\u00e9 en ajoutant vos villes et m\u00e9dias en favori avec <a href=\"https:\/\/moncompte.actu.fr\" title=\"D\u00e9couvez Mon Actu\" rel=\"nofollow noopener\" data-trk=\"{&quot;cta&quot;:{&quot;action&quot;:&quot;https:\\\/\\\/moncompte.actu.fr&quot;,&quot;category&quot;:&quot;mon compte&quot;,&quot;from&quot;:&quot;article footer&quot;,&quot;name&quot;:&quot;Mon actu&quot;,&quot;type&quot;:&quot;cta&quot;}}\" target=\"_blank\">Mon Actu<\/a>.<\/p>\n","protected":false},"excerpt":{"rendered":"Par Thibaut Calatayud Publi\u00e9 le 26 nov. 2025 \u00e0 12h14 \u00ab\u00a0C\u2019est historique !\u00a0\u00bb Pascale Picard, la directrice et&hellip;\n","protected":false},"author":2,"featured_media":560412,"comment_status":"","ping_status":"","sticky":false,"template":"","format":"standard","meta":{"footnotes":""},"categories":[1358],"tags":[1348,1384,1385,1386,58,59,1011,27,1652],"class_list":{"0":"post-560411","1":"post","2":"type-post","3":"status-publish","4":"format-standard","5":"has-post-thumbnail","7":"category-arts-et-design","8":"tag-arts","9":"tag-arts-and-design","10":"tag-arts-et-design","11":"tag-design","12":"tag-divertissement","13":"tag-entertainment","14":"tag-fr","15":"tag-france","16":"tag-loisirs-culture"},"share_on_mastodon":{"url":"https:\/\/pubeurope.com\/@fr\/115617140640146083","error":""},"_links":{"self":[{"href":"https:\/\/www.europesays.com\/fr\/wp-json\/wp\/v2\/posts\/560411","targetHints":{"allow":["GET"]}}],"collection":[{"href":"https:\/\/www.europesays.com\/fr\/wp-json\/wp\/v2\/posts"}],"about":[{"href":"https:\/\/www.europesays.com\/fr\/wp-json\/wp\/v2\/types\/post"}],"author":[{"embeddable":true,"href":"https:\/\/www.europesays.com\/fr\/wp-json\/wp\/v2\/users\/2"}],"replies":[{"embeddable":true,"href":"https:\/\/www.europesays.com\/fr\/wp-json\/wp\/v2\/comments?post=560411"}],"version-history":[{"count":0,"href":"https:\/\/www.europesays.com\/fr\/wp-json\/wp\/v2\/posts\/560411\/revisions"}],"wp:featuredmedia":[{"embeddable":true,"href":"https:\/\/www.europesays.com\/fr\/wp-json\/wp\/v2\/media\/560412"}],"wp:attachment":[{"href":"https:\/\/www.europesays.com\/fr\/wp-json\/wp\/v2\/media?parent=560411"}],"wp:term":[{"taxonomy":"category","embeddable":true,"href":"https:\/\/www.europesays.com\/fr\/wp-json\/wp\/v2\/categories?post=560411"},{"taxonomy":"post_tag","embeddable":true,"href":"https:\/\/www.europesays.com\/fr\/wp-json\/wp\/v2\/tags?post=560411"}],"curies":[{"name":"wp","href":"https:\/\/api.w.org\/{rel}","templated":true}]}}