{"id":560419,"date":"2025-11-26T17:22:12","date_gmt":"2025-11-26T17:22:12","guid":{"rendered":"https:\/\/www.europesays.com\/fr\/560419\/"},"modified":"2025-11-26T17:22:12","modified_gmt":"2025-11-26T17:22:12","slug":"temoignage-mon-fils-disait-avoir-mal-a-la-gorge-il-est-mort-devant-nous-quelques-heures-plus-tard","status":"publish","type":"post","link":"https:\/\/www.europesays.com\/fr\/560419\/","title":{"rendered":"T\u00c9MOIGNAGE. \u00ab\u00a0Mon fils disait avoir mal \u00e0 la gorge, il est mort devant nous quelques heures plus tard\u00a0\u00bb"},"content":{"rendered":"<p>Le myst\u00e8re plane toujours autour de la mort de Frankie-Rae Law,<br \/>\nun jeune britannique \u00e2g\u00e9 de seulement 11 ans d\u00e9c\u00e9d\u00e9 le 15 novembre<br \/>\nquelques heures apr\u00e8s s\u2019\u00eatre plaint d\u2019un mal de gorge. Comme le<br \/>\nrapporte le <a href=\"https:\/\/www.mirror.co.uk\/news\/uk-news\/my-son-said-sore-throat-36295362\" rel=\"nofollow noopener\" target=\"_blank\">Mirror<\/a>, l\u2019enfant a \u00e9t\u00e9 emmen\u00e9 par sa m\u00e8re chez<br \/>\nle m\u00e9decin le 14 novembre dernier apr\u00e8s lui avoir dit qu\u2019il avait<br \/>\n<a href=\"https:\/\/www.closermag.fr\/vecu\/faits-divers\/hospitalisee-pour-un-mal-de-gorge-elle-decouvre-qu-elle-souffre-en-fait-d-une-maladie-mortelle-1591089\" target=\"_blank\" rel=\"noopener\"><br \/>\nmal \u00e0 la gorge<\/a>. Keleigh Law, \u00e2g\u00e9e de 33 ans, a expliqu\u00e9 avoir<br \/>\neu <strong>l\u2019impression de ne pas \u00eatre prise au s\u00e9rieux<\/strong><br \/>\napr\u00e8s que le m\u00e9decin ait simplement dit que son fils avait<br \/>\n\u00ab\u00a0juste un virus\u00a0\u00bb.<\/p>\n<p>Seulement il n\u2019a fallu que quelques heures pour que <strong>ce<br \/>\nmal de gorge se transforme en quelque chose de bien plus<br \/>\ngrave<\/strong>. La m\u00e8re de la victime explique que le petit gar\u00e7on<br \/>\nsemblait aller bien jusque tard dans la nuit. Toujours \u00e9veill\u00e9 \u00e0<br \/>\n1h40 du matin, elle l\u2019a vu jouer pendant qu\u2019elle \u00e9tait dans le<br \/>\nsalon sur son t\u00e9l\u00e9phone. Quelques minutes plus tard, le pire est<br \/>\narriv\u00e9.<\/p>\n<p>Elle voit son fils mourir quelques heures apr\u00e8s une visite chez<br \/>\nle m\u00e9decin<\/p>\n<p>\u00ab\u00a0Je l\u2019ai vu venir dans le salon, il \u00e9tait \u00e0 bout de souffle<br \/>\net il avait une expression horrifi\u00e9e sur le visage. <strong>Il m\u2019a<br \/>\ndit qu\u2019il n\u2019arrivait pas \u00e0 respirer<\/strong> et il s\u2019agitait dans<br \/>\ntous les sens parce qu\u2019il \u00e9tait terrifi\u00e9. Puis il est sorti de la<br \/>\npi\u00e8ce et je suis all\u00e9e voir. Il \u00e9tait dans la salle de bain, ses<br \/>\nl\u00e8vres \u00e9taient grises et il avait comme un voile devant les<br \/>\nyeux\u00a0\u00bb se souvient <a href=\"https:\/\/www.closermag.fr\/vecu\/la-vie-de-cette-mere-de-famille-a-completement-bascule-apres-avoir-suivi-les-encouragements-dune-amie-3468797\" rel=\"noopener\" target=\"_blank\">la m\u00e8re de famille<\/a>.<\/p>\n<p>Elle explique ensuite que sa m\u00e8re, la grand-m\u00e8re de Frankie-Rae,<br \/>\nest arriv\u00e9e et a <a href=\"https:\/\/www.closermag.fr\/vecu\/temoignage-jai-fait-une-crise-cardiaque-le-secouriste-qui-sest-occupe-de-moi-est-tombe-peu-apres-3420911\" target=\"_blank\" rel=\"noopener\"><br \/>\nfait un massage cardiaque<\/a> \u00e0 l\u2019enfant pendant plus de 30<br \/>\nminutes. Elle a r\u00e9ussi \u00e0 r\u00e9animer le petit gar\u00e7on pendant quelques<br \/>\nminutes avant qu\u2019il ne perde \u00e0 nouveau connaissance. Les secours<br \/>\nsont arriv\u00e9s et ont \u00e0 leur tour <strong>tent\u00e9 de r\u00e9animer l\u2019enfant<br \/>\nde 11 ans.<\/strong> Ils ont \u00e9galement pr\u00e9venu Keleigh Law que les<br \/>\nchances de survie de son fils \u00e9taient tr\u00e8s minces et que s\u2019il<br \/>\nsurvivait, il aurait certainement des s\u00e9quelles neurologiques.<\/p>\n<p>Les causes de la mort restent<br \/>\ninconnues<\/p>\n<p>La victime a \u00e9t\u00e9 transport\u00e9e \u00e0 l\u2019h\u00f4pital mais malgr\u00e9 les efforts<br \/>\ndu personnel soignant, <strong>le petit gar\u00e7on est mort<\/strong> \u00e0<br \/>\n3h30 dans la nuit du 14 au 15 novembre. Les causes exactes de sa<br \/>\nmort n\u2019ont pas encore \u00e9t\u00e9 d\u00e9termin\u00e9es.<\/p>\n","protected":false},"excerpt":{"rendered":"Le myst\u00e8re plane toujours autour de la mort de Frankie-Rae Law, un jeune britannique \u00e2g\u00e9 de seulement 11&hellip;\n","protected":false},"author":2,"featured_media":560420,"comment_status":"","ping_status":"","sticky":false,"template":"","format":"standard","meta":{"footnotes":""},"categories":[10],"tags":[1011,27,72,67725,18,71],"class_list":{"0":"post-560419","1":"post","2":"type-post","3":"status-publish","4":"format-standard","5":"has-post-thumbnail","7":"category-sante","8":"tag-fr","9":"tag-france","10":"tag-health","11":"tag-mal-de-gorge","12":"tag-mort","13":"tag-sante"},"share_on_mastodon":{"url":"https:\/\/pubeurope.com\/@fr\/115617159209088319","error":""},"_links":{"self":[{"href":"https:\/\/www.europesays.com\/fr\/wp-json\/wp\/v2\/posts\/560419","targetHints":{"allow":["GET"]}}],"collection":[{"href":"https:\/\/www.europesays.com\/fr\/wp-json\/wp\/v2\/posts"}],"about":[{"href":"https:\/\/www.europesays.com\/fr\/wp-json\/wp\/v2\/types\/post"}],"author":[{"embeddable":true,"href":"https:\/\/www.europesays.com\/fr\/wp-json\/wp\/v2\/users\/2"}],"replies":[{"embeddable":true,"href":"https:\/\/www.europesays.com\/fr\/wp-json\/wp\/v2\/comments?post=560419"}],"version-history":[{"count":0,"href":"https:\/\/www.europesays.com\/fr\/wp-json\/wp\/v2\/posts\/560419\/revisions"}],"wp:featuredmedia":[{"embeddable":true,"href":"https:\/\/www.europesays.com\/fr\/wp-json\/wp\/v2\/media\/560420"}],"wp:attachment":[{"href":"https:\/\/www.europesays.com\/fr\/wp-json\/wp\/v2\/media?parent=560419"}],"wp:term":[{"taxonomy":"category","embeddable":true,"href":"https:\/\/www.europesays.com\/fr\/wp-json\/wp\/v2\/categories?post=560419"},{"taxonomy":"post_tag","embeddable":true,"href":"https:\/\/www.europesays.com\/fr\/wp-json\/wp\/v2\/tags?post=560419"}],"curies":[{"name":"wp","href":"https:\/\/api.w.org\/{rel}","templated":true}]}}