{"id":560425,"date":"2025-11-26T17:26:45","date_gmt":"2025-11-26T17:26:45","guid":{"rendered":"https:\/\/www.europesays.com\/fr\/560425\/"},"modified":"2025-11-26T17:26:45","modified_gmt":"2025-11-26T17:26:45","slug":"cest-le-grand-destockage-voici-les-16-offres-a-ne-pas-louper","status":"publish","type":"post","link":"https:\/\/www.europesays.com\/fr\/560425\/","title":{"rendered":"c\u2019est le grand d\u00e9stockage, voici les 16 offres \u00e0 ne pas louper"},"content":{"rendered":"<p>En attendant le v\u00e9ritable Vendredi noir, Boulanger ne cesse de proposer de bonnes affaires sur son site et va jusqu\u2019\u00e0 proposer un code promo pour baisser davantage le prix des t\u00e9l\u00e9viseurs. Si vous \u00eates int\u00e9ress\u00e9, retrouvez ici les offres qui valent r\u00e9ellement le coup. <\/p>\n<p><a href=\"https:\/\/images.frandroid.com\/wp-content\/uploads\/2025\/11\/boulanger-black-friday-week-4.jpg\" target=\"_blank\" class=\"article-content__figure\" rel=\"noopener\"><img fetchpriority=\"high\" decoding=\"async\" loading=\"eager\" width=\"1200\" height=\"675\" src=\"https:\/\/www.europesays.com\/fr\/wp-content\/uploads\/2025\/11\/boulanger-black-friday-week-4.jpg\" alt=\"\" class=\"wp-image-2886401 wp-image wp-image\"  \/><\/a><\/p>\n<p>La Black Friday Week a d\u00e9but\u00e9 il y a pr\u00e8s d\u2019une semaine et Boulanger en a profit\u00e9 pour casser les prix sur ses cat\u00e9gories phares : <a href=\"https:\/\/www.frandroid.com\/guide-dachat\/smartphones\/332196_10-smartphones-attendus-debut-2016\" target=\"_blank\" rel=\"noopener\">smartphones<\/a>, <a href=\"https:\/\/www.frandroid.com\/guide-dachat\/638058_quels-sont-les-meilleurs-pc-portables-haut-de-gamme-de-2019\" target=\"_blank\" rel=\"noopener\">laptops<\/a>, <a href=\"https:\/\/www.frandroid.com\/guide-dachat\/508152_quelle-television-4k-choisir-la-selection-de-la-redaction\" target=\"_blank\" rel=\"noopener\">TV 4K<\/a>, <a href=\"https:\/\/www.frandroid.com\/guide-dachat\/guide-audio\/617347_quelle-barre-de-son-choisir-en-fonction-de-son-budget-en-2019\" target=\"_blank\" rel=\"noopener\">barres de son<\/a> et <a href=\"https:\/\/www.frandroid.com\/guide-dachat\/guide-tablettes\/320702_guide-dachat-tablette-choisir-noel\" target=\"_blank\" rel=\"noopener\">tablettes<\/a> sont \u00e0 l\u2019honneur avec des r\u00e9ductions d\u00e9j\u00e0 tr\u00e8s all\u00e9chantes. Un excellent avant-go\u00fbt avant le grand jour du Black Friday, pr\u00e9vu pour le 28 novembre, o\u00f9 les offres devraient encore s\u2019intensifier.<\/p>\n<p>Quelles sont les meilleures offres Boulanger lors la Black Friday Week ? <\/p>\n<p>DJI Osmo Pocket 3<\/p>\n<p>Annonc\u00e9e il y a deux ans, la <a href=\"https:\/\/www.frandroid.com\/produits\/action-cam\/dji\/1836787-dji-osmo-pocket-3\" target=\"_blank\" rel=\"noopener\">DJI Osmo Pocket 3<\/a> est une <a href=\"https:\/\/www.frandroid.com\/guide-dachat\/477753_guide-des-meilleures-action-cams\" target=\"_blank\" rel=\"noopener\">action cam <\/a>compacte qui s\u2019adresse clairement aux vlogueurs. Stabilisation m\u00e9canique, Active Track 6.0, images tourn\u00e9es en 4K \u00e0 120 ips\u2026 Ce mod\u00e8le bien complet permet de tourner des vid\u00e9os plus soign\u00e9es, au rendu plus professionnel.<\/p>\n<p><a target=\"_blank\" href=\"https:\/\/images.frandroid.com\/wp-content\/uploads\/2025\/11\/dji-osmo-pocket-3-black-friday-2025-1.jpg\" class=\"article-content__figure\" rel=\"noopener\"><img loading=\"lazy\" decoding=\"async\" width=\"1200\" height=\"675\" src=\"https:\/\/www.europesays.com\/fr\/wp-content\/uploads\/2025\/11\/dji-osmo-pocket-3-black-friday-2025-1-1200x675.jpg\" alt=\"\" class=\"wp-image-2881715 wp-image\"  \/><\/a><\/p>\n<p>Ce qu\u2019on appr\u00e9cie de la DJI Osmo Pocket 3 <\/p>\n<ul class=\"wp-block-list\">\n<li>Un format poche pratique<\/li>\n<li>Des vid\u00e9os jusqu\u2019en 4K \u00e0 120 ips<\/li>\n<li>Une stabilisation de qualit\u00e9<\/li>\n<\/ul>\n<p>Lanc\u00e9e \u00e0 539 euros en France, la DJI Osmo Pocket 3 est en ce moment <a href=\"https:\/\/shop.frandroid.com\/a12h29s6\" target=\"_blank\" rel=\"noreferrer noopener affiliate nofollow\" data-gtm=\"{&quot;event&quot;:&quot;afficlic&quot;,&quot;nom_marchand&quot;:&quot;boulanger&quot;,&quot;nom_produit&quot;:&quot;inconnu&quot;,&quot;categorie_produit&quot;:&quot;inconnu&quot;,&quot;module_produit&quot;:&quot;editolink&quot;,&quot;position_marchand&quot;:0,&quot;texte&quot;:&quot;remisee-a-383-euros-sur-boulanger&quot;,&quot;offer_url&quot;:&quot;https:\/\/shop.frandroid.com\/a12h29s6&quot;,&quot;zone&quot;:&quot;contenu-page&quot;}\">remis\u00e9e \u00e0 383 euros sur Boulanger.<\/a><\/p>\n<p>Philips 77OLED760<\/p>\n<p>Avec un prix \u00e0 la hauteur de sa dalle de 77 pouces, ce TV Philips 77OLED760 est assez on\u00e9reux, mais Boulanger baisse son prix \u00e0 1 379 euros au lieu de 2 498 euros pour le rendre plus accessible.<\/p>\n<p><a href=\"https:\/\/images.frandroid.com\/wp-content\/uploads\/2025\/11\/copie-de-blackfriday-frandroid-solo-9.jpg\" target=\"_blank\" class=\"article-content__figure\" rel=\"noopener\"><img loading=\"lazy\" decoding=\"async\" width=\"1200\" height=\"675\" src=\"https:\/\/www.europesays.com\/fr\/wp-content\/uploads\/2025\/11\/copie-de-blackfriday-frandroid-solo-9-1200x675.jpg\" alt=\"T\u00e9l\u00e9viseur Philips 77 Pouces OLED BF\" class=\"wp-image-2884467 wp-image\"  \/><\/a><\/p>\n<p>Pourquoi choisir ce Philips 77OLED760 ?<\/p>\n<ul class=\"wp-block-list\">\n<li>Une dalle OLED de grande qualit\u00e9 et de grande taille<\/li>\n<li>La compatibilit\u00e9 Dolby Vision, HDR10 et Dolby Atmos<\/li>\n<li>Sans oublier la pr\u00e9sence de ports HDMI 2.1 (ALLM + VRR + 120 Hz)<\/li>\n<\/ul>\n<p>Au lieu d\u2019un prix barr\u00e9 \u00e0 2 498 euros, ce TV Philips est aujourd\u2019hui disponible <a href=\"https:\/\/shop.frandroid.com\/7k2u2626\" target=\"_blank\" rel=\"noreferrer noopener affiliate nofollow\" data-gtm=\"{&quot;event&quot;:&quot;afficlic&quot;,&quot;nom_marchand&quot;:&quot;boulanger&quot;,&quot;nom_produit&quot;:&quot;inconnu&quot;,&quot;categorie_produit&quot;:&quot;inconnu&quot;,&quot;module_produit&quot;:&quot;editolink&quot;,&quot;position_marchand&quot;:0,&quot;texte&quot;:&quot;en-promotion-a-1-379-euros-sur-le-site-boulanger&quot;,&quot;offer_url&quot;:&quot;https:\/\/shop.frandroid.com\/7k2u2626&quot;,&quot;zone&quot;:&quot;contenu-page&quot;}\">en promotion \u00e0 1 379 euros sur le site Boulanger<\/a> gr\u00e2ce au code <strong>BF20<\/strong>.<\/p>\n<p>Garmin Vivoactive 5  <\/p>\n<p>La <a href=\"https:\/\/www.frandroid.com\/produits\/montres-bracelet-connectes\/garmin\/1809963-garmin-vivoactive-5\" target=\"_blank\" rel=\"noopener\">Garmin Vivoactive 5<\/a> est une montre tourn\u00e9e <a href=\"https:\/\/www.frandroid.com\/guide-dachat\/guides-dachat-wearables\/1438431_les-meilleures-montres-connectees-dediees-au-sport\" target=\"_blank\" rel=\"noopener\">vers le sport<\/a> qui poss\u00e8de des capteurs qui se r\u00e9v\u00e8lent tr\u00e8s pertinents et pr\u00e9cis pour suivre vos activit\u00e9s sportives et sant\u00e9. Avec l\u2019arriv\u00e9e du nouveau mod\u00e8le et la Black Friday Week en cours, cette excellente smartwatch est \u00e0 moiti\u00e9 prix.<\/p>\n<p><a href=\"https:\/\/www.europesays.com\/fr\/wp-content\/uploads\/2025\/11\/image-140.jpg\" target=\"_blank\" class=\"article-content__figure\"><img loading=\"lazy\" decoding=\"async\" width=\"1200\" height=\"675\" src=\"https:\/\/www.europesays.com\/fr\/wp-content\/uploads\/2025\/11\/image-140.jpg\" alt=\"\" class=\"wp-image-2886285 wp-image\"  \/><\/a><\/p>\n<p>Les forces de la Garmin Vivoactive 5<\/p>\n<ul class=\"wp-block-list\">\n<li>Un bel \u00e9cran AMOLED<\/li>\n<li>Une bonne autonomie<\/li>\n<li>Un design passe-partout<\/li>\n<\/ul>\n<p>Lanc\u00e9e \u00e0 299 euros, la Garmin Vivoactive 5\u00a0a depuis vu son prix baisser \u00e0 229 euros, mais \u00e0 l\u2019occasion du Black Friday, on la trouve<a href=\"https:\/\/shop.frandroid.com\/nd0olsu0\" target=\"_blank\" rel=\"noreferrer noopener affiliate nofollow\" data-gtm=\"{&quot;event&quot;:&quot;afficlic&quot;,&quot;nom_marchand&quot;:&quot;boulanger&quot;,&quot;nom_produit&quot;:&quot;inconnu&quot;,&quot;categorie_produit&quot;:&quot;inconnu&quot;,&quot;module_produit&quot;:&quot;editolink&quot;,&quot;position_marchand&quot;:0,&quot;texte&quot;:&quot;a-seulement-160-99-euros-sur-le-site-boulanger&quot;,&quot;offer_url&quot;:&quot;https:\/\/shop.frandroid.com\/nd0olsu0&quot;,&quot;zone&quot;:&quot;contenu-page&quot;}\"> \u00e0 seulement 160,99 euros sur le site Boulanger.<\/a><\/p>\n<p>Samsung The Frame Pro\u00a065LS03FW 2025 <\/p>\n<p>Le Samsung The Frame Pro fera un tr\u00e8s bon t\u00e9l\u00e9viseur \u00e0 mettre dans votre salon. Un TV de 65 pouces qui se fond dans le d\u00e9cor avec un r\u00e9tro\u00e9clairage Mini-LED et une fr\u00e9quence de 144 Hz. <\/p>\n<p><a href=\"https:\/\/images.frandroid.com\/wp-content\/uploads\/2025\/11\/samsung-the-frame-pro65ls03fw-2025-black-friday.jpg\" target=\"_blank\" class=\"article-content__figure\" rel=\"noopener\"><img loading=\"lazy\" decoding=\"async\" width=\"1200\" height=\"675\" src=\"https:\/\/www.europesays.com\/fr\/wp-content\/uploads\/2025\/11\/samsung-the-frame-pro65ls03fw-2025-black-friday-1200x675.jpg\" alt=\"\" class=\"wp-image-2885421 wp-image\"  \/><\/a><\/p>\n<p>Ce qui pla\u00eet sur le Samsung The Frame Pro 2025<\/p>\n<ul class=\"wp-block-list\">\n<li>Une dalle Mini LED de 65 pouces avec une fr\u00e9quence de 144 Hz<\/li>\n<li>Une connectivit\u00e9 sans fil tr\u00e8s pratique<\/li>\n<li>La personnalisation avec des cadres en plusieurs coloris et mat\u00e9riaux<\/li>\n<\/ul>\n<p>Habituellement \u00e0 1 999 euros, le t\u00e9l\u00e9viseur Samsung The Frame Pro 2025 (65LS03FW) s\u2019affiche <a href=\"https:\/\/shop.frandroid.com\/p9v5ukh8\" target=\"_blank\" rel=\"noreferrer noopener affiliate nofollow\" data-gtm=\"{&quot;event&quot;:&quot;afficlic&quot;,&quot;nom_marchand&quot;:&quot;boulanger&quot;,&quot;nom_produit&quot;:&quot;inconnu&quot;,&quot;categorie_produit&quot;:&quot;inconnu&quot;,&quot;module_produit&quot;:&quot;editolink&quot;,&quot;position_marchand&quot;:0,&quot;texte&quot;:&quot;desormais-en-promotion-a-1-399-euros-sur-le-site-boulanger&quot;,&quot;offer_url&quot;:&quot;https:\/\/shop.frandroid.com\/p9v5ukh8&quot;,&quot;zone&quot;:&quot;contenu-page&quot;}\">d\u00e9sormais en promotion \u00e0 1 399 euros sur le site Boulanger.<\/a> <\/p>\n<p>AirPods Max (USB-C)<\/p>\n<p>Entre design premium et technologies de pointe, <a href=\"https:\/\/www.frandroid.com\/produits\/audio-casques-ecouteurs\/apple\/2331456-apple-airpods-max-usb-c\" target=\"_blank\" rel=\"noopener\">les AirPods Max d\u2019Apple <\/a>promettent une exp\u00e9rience sonore unique, digne d\u2019un studio, pour ceux qui veulent conjuguer style et performance. Ils transforment chaque \u00e9coute en voyage sonore. <\/p>\n<p><a href=\"https:\/\/images.frandroid.com\/wp-content\/uploads\/2025\/11\/airpods-max-usb-c-black-friday.jpg\" target=\"_blank\" class=\"article-content__figure\" rel=\"noopener\"><img loading=\"lazy\" decoding=\"async\" width=\"1200\" height=\"675\" src=\"https:\/\/www.europesays.com\/fr\/wp-content\/uploads\/2025\/11\/airpods-max-usb-c-black-friday-1200x675.jpg\" alt=\"\" class=\"wp-image-2884915 wp-image\"  \/><\/a><\/p>\n<p>Les atouts de l\u2019AirPods Max (USB-C)<\/p>\n<ul class=\"wp-block-list\">\n<li>Une r\u00e9duction active du bruit ultra-efficace<\/li>\n<li>L\u2019audio spatial avec suivi dynamique des mouvements de la t\u00eate<\/li>\n<li>Un confort exceptionnel et finitions premium en aluminium anodis\u00e9 made in Apple<\/li>\n<\/ul>\n<p>Au lieu de 579 euros, le AirPods Max (USB-C) est\u00a0aujourd\u2019hui disponible <a href=\"https:\/\/shop.frandroid.com\/rh7syx6e\" target=\"_blank\" rel=\"noreferrer noopener affiliate nofollow\" data-gtm=\"{&quot;event&quot;:&quot;afficlic&quot;,&quot;nom_marchand&quot;:&quot;boulanger&quot;,&quot;nom_produit&quot;:&quot;inconnu&quot;,&quot;categorie_produit&quot;:&quot;inconnu&quot;,&quot;module_produit&quot;:&quot;editolink&quot;,&quot;position_marchand&quot;:0,&quot;texte&quot;:&quot;en-promotion-a-499-euros-sur-le-site-boulanger&quot;,&quot;offer_url&quot;:&quot;https:\/\/shop.frandroid.com\/rh7syx6e&quot;,&quot;zone&quot;:&quot;contenu-page&quot;}\">en promotion \u00e0 499 euros sur le site Boulanger. <\/a><\/p>\n<p>Pack TP Link cam\u00e9ra int\u00e9rieur + ext\u00e9rieur<\/p>\n<p>Avis \u00e0 celles et ceux qui partent bient\u00f4t en vacances et angoissent \u00e0 l\u2019id\u00e9e de laisser leur domicile sans surveillance. Boulanger propose actuellement un pack bien pratique comportant deux cam\u00e9ras filmant en 2K, les TP-Link Tapo TC41 et Tapo TC71. Le tout est affich\u00e9 \u00e0 moins de 50 euros. <a href=\"https:\/\/shop.frandroid.com\/15qbia5c\" target=\"_blank\" rel=\"noreferrer noopener\"><\/p>\n<p><a href=\"https:\/\/images.frandroid.com\/wp-content\/uploads\/2025\/11\/pack-tp-link-camera-interieur-exterieur-black-friday.jpg\" target=\"_blank\" class=\"article-content__figure\" rel=\"noopener\"><img loading=\"lazy\" decoding=\"async\" width=\"1200\" height=\"675\" src=\"https:\/\/www.europesays.com\/fr\/wp-content\/uploads\/2025\/11\/pack-tp-link-camera-interieur-exterieur-black-friday-1200x675.jpg\" alt=\"\" class=\"wp-image-2884823 wp-image\"  \/><\/a><\/p>\n<p>Ce que contient ce pack TP-Link<\/p>\n<ul class=\"wp-block-list\">\n<li>Deux cam\u00e9ras qui filment en 2K<\/li>\n<li>Avec la d\u00e9tection de mouvement int\u00e9gr\u00e9e<\/li>\n<li>Et la prise en charge de Google Assistant et Alexa<\/li>\n<\/ul>\n<p>Initialement affich\u00e9 \u00e0 109,90 euros, le pack de cam\u00e9ras connect\u00e9es TP-Link avec une Tapo TC41 et une Tapo TC71 est\u00a0aujourd\u2019hui disponible <a href=\"https:\/\/shop.frandroid.com\/15qbia5c\" target=\"_blank\" rel=\"noreferrer noopener affiliate nofollow\" data-gtm=\"{&quot;event&quot;:&quot;afficlic&quot;,&quot;nom_marchand&quot;:&quot;boulanger&quot;,&quot;nom_produit&quot;:&quot;inconnu&quot;,&quot;categorie_produit&quot;:&quot;inconnu&quot;,&quot;module_produit&quot;:&quot;editolink&quot;,&quot;position_marchand&quot;:0,&quot;texte&quot;:&quot;en-promotion-a-49-euros-chez-boulanger&quot;,&quot;offer_url&quot;:&quot;https:\/\/shop.frandroid.com\/15qbia5c&quot;,&quot;zone&quot;:&quot;contenu-page&quot;}\">en promotion \u00e0 49 euros chez Boulanger.<\/a><\/p>\n<p>Philips Hue Essential<\/p>\n<p>Philips Hue a lanc\u00e9 <a href=\"https:\/\/www.frandroid.com\/marques\/philips\/2782341_philips-hue-chamboule-ses-ampoules-connectees-des-produits-moins-chers-et-plus-puissants\" target=\"_blank\" rel=\"noopener\">une nouvelle gamme Essential<\/a> pour des \u00e9clairages connect\u00e9s moins chers. Une alternative plus accessible \u00e0 ses produits traditionnels pour pouvoir se lancer dans la domotique sans se ruiner, tout en profiter du savoir-faire de la marque.<\/p>\n<p><a href=\"https:\/\/images.frandroid.com\/wp-content\/uploads\/2025\/11\/image-123-17.jpg\" target=\"_blank\" class=\"article-content__figure\" rel=\"noopener\"><img loading=\"lazy\" decoding=\"async\" width=\"1200\" height=\"675\" src=\"https:\/\/www.europesays.com\/fr\/wp-content\/uploads\/2025\/11\/image-123-17-1200x675.jpg\" alt=\"\" class=\"wp-image-2882743 wp-image\"  \/><\/a><\/p>\n<ul class=\"wp-block-list\">\n<li>Installation plug-and-play<\/li>\n<li>Un tas de personnalisations possible<\/li>\n<li>Contr\u00f4lable \u00e0 distance via l\u2019App Philips Hue<\/li>\n<\/ul>\n<p>De base \u00e0 89,99 euros, le kit Philips Hue Essential est en ce moment\u00a0<a href=\"https:\/\/shop.frandroid.com\/6evcihm2\" target=\"_blank\" rel=\"noreferrer noopener affiliate nofollow\" data-gtm=\"{&quot;event&quot;:&quot;afficlic&quot;,&quot;nom_marchand&quot;:&quot;boulanger&quot;,&quot;nom_produit&quot;:&quot;inconnu&quot;,&quot;categorie_produit&quot;:&quot;inconnu&quot;,&quot;module_produit&quot;:&quot;editolink&quot;,&quot;position_marchand&quot;:0,&quot;texte&quot;:&quot;remise-a-59-99-euros-sur-le-site-boulanger&quot;,&quot;offer_url&quot;:&quot;https:\/\/shop.frandroid.com\/6evcihm2&quot;,&quot;zone&quot;:&quot;contenu-page&quot;}\">remis\u00e9 \u00e0 59,99 euros sur le site Boulanger.\u00a0<\/a><\/p>\n<p>PS5 Slim &amp; Pro<\/p>\n<p>La PlayStation 5 est une console qui ressemble un peu \u00e0 un Pok\u00e9mon avec ses \u00e9volutions. Il y a la <a href=\"https:\/\/www.frandroid.com\/produits\/consoles\/sony\/677161-sony-playstation-5\" target=\"_blank\" rel=\"noreferrer noopener\">PlayStation 5<\/a> de base, classique, qui a sa variante sans lecteur disque. Elle a ensuite \u00e9volu\u00e9 en version Slim, plus fine, plus l\u00e9g\u00e8re, l\u00e0 aussi avec et sans lecteur disque. Enfin, sa forme finale, la PlayStation 5 Pro, plus puissante et exclusivement sans lecteur disque.<\/p>\n<p><a href=\"https:\/\/images.frandroid.com\/wp-content\/uploads\/2025\/11\/playstation-5-slim-et-playstation-5-pro-black-friday-2025.jpg\" target=\"_blank\" class=\"article-content__figure\" rel=\"noopener\"><img loading=\"lazy\" decoding=\"async\" width=\"1200\" height=\"675\" src=\"https:\/\/www.europesays.com\/fr\/wp-content\/uploads\/2025\/11\/playstation-5-slim-et-playstation-5-pro-black-friday-2025-1200x675.jpg\" alt=\"\" class=\"wp-image-2878561 wp-image\"  \/><\/a><\/p>\n<p>Les points forts de la PlayStation 5 Slim<\/p>\n<ul class=\"wp-block-list\">\n<li>Son format plus compact<\/li>\n<li>Le lecteur blu-ray est amovible<\/li>\n<li>Le nouveau syst\u00e8me pour ajouter un SSD<\/li>\n<\/ul>\n<p>Pour la Black Friday Week, la <a href=\"https:\/\/shop.frandroid.com\/sfsk99ex\" data-type=\"link\" data-id=\"https:\/\/www.boulanger.com\/ref\/1199103\" target=\"_blank\" rel=\"noreferrer noopener affiliate nofollow\" data-gtm=\"{&quot;event&quot;:&quot;afficlic&quot;,&quot;nom_marchand&quot;:&quot;boulanger&quot;,&quot;nom_produit&quot;:&quot;inconnu&quot;,&quot;categorie_produit&quot;:&quot;inconnu&quot;,&quot;module_produit&quot;:&quot;editolink&quot;,&quot;position_marchand&quot;:0,&quot;texte&quot;:&quot;ps-5-slim-passe-a-449-euros&quot;,&quot;offer_url&quot;:&quot;https:\/\/shop.frandroid.com\/sfsk99ex&quot;,&quot;zone&quot;:&quot;contenu-page&quot;}\">PS5 Slim passe \u00e0 449 euros<\/a>, la <a href=\"https:\/\/shop.frandroid.com\/dz7omqzw\" data-type=\"link\" data-id=\"https:\/\/www.boulanger.com\/ref\/1231206\" target=\"_blank\" rel=\"noreferrer noopener affiliate nofollow\" data-gtm=\"{&quot;event&quot;:&quot;afficlic&quot;,&quot;nom_marchand&quot;:&quot;boulanger&quot;,&quot;nom_produit&quot;:&quot;inconnu&quot;,&quot;categorie_produit&quot;:&quot;inconnu&quot;,&quot;module_produit&quot;:&quot;editolink&quot;,&quot;position_marchand&quot;:0,&quot;texte&quot;:&quot;ps-5-pro-a-699-euros&quot;,&quot;offer_url&quot;:&quot;https:\/\/shop.frandroid.com\/dz7omqzw&quot;,&quot;zone&quot;:&quot;contenu-page&quot;}\">PS5 Pro \u00e0 699 euros<\/a> et la <a href=\"https:\/\/shop.frandroid.com\/m5310lf1\" data-type=\"link\" data-id=\"https:\/\/www.boulanger.com\/ref\/1231207\" target=\"_blank\" rel=\"noreferrer noopener affiliate nofollow\" data-gtm=\"{&quot;event&quot;:&quot;afficlic&quot;,&quot;nom_marchand&quot;:&quot;boulanger&quot;,&quot;nom_produit&quot;:&quot;inconnu&quot;,&quot;categorie_produit&quot;:&quot;inconnu&quot;,&quot;module_produit&quot;:&quot;editolink&quot;,&quot;position_marchand&quot;:0,&quot;texte&quot;:&quot;ps-5-slim-digitale-est-a-349-euros&quot;,&quot;offer_url&quot;:&quot;https:\/\/shop.frandroid.com\/m5310lf1&quot;,&quot;zone&quot;:&quot;contenu-page&quot;}\">PS5 Slim Digitale est \u00e0 359 euros<\/a>.<\/p>\n<p>On retrouve aussi la manette Sony DualSense <a href=\"https:\/\/shop.frandroid.com\/vjs4t8x2\" target=\"_blank\" rel=\"noreferrer noopener affiliate nofollow\" data-gtm=\"{&quot;event&quot;:&quot;afficlic&quot;,&quot;nom_marchand&quot;:&quot;boulanger&quot;,&quot;nom_produit&quot;:&quot;inconnu&quot;,&quot;categorie_produit&quot;:&quot;inconnu&quot;,&quot;module_produit&quot;:&quot;editolink&quot;,&quot;position_marchand&quot;:0,&quot;texte&quot;:&quot;remisee-a-54-99-euros-chez-boulanger&quot;,&quot;offer_url&quot;:&quot;https:\/\/shop.frandroid.com\/vjs4t8x2&quot;,&quot;zone&quot;:&quot;contenu-page&quot;}\">remis\u00e9e \u00e0 54,99 euros chez Boulanger<\/a> au lieu de 74,99 euros habituellement. <\/p>\n<p>Samsung Galaxy Book 5 360<\/p>\n<p>Le <a href=\"https:\/\/www.frandroid.com\/produits\/pc-portables\/samsung\/2552457-samsung-galaxy-book-5-360\" target=\"_blank\" rel=\"noopener\">Samsung Galaxy Book 5 360<\/a> n\u2019est pas avare en atouts : autonomie bluffante, dalle AMOLED sublime, format polyvalent pratique\u2026 Bref, il nous a clairement convaincus. Et gr\u00e2ce \u00e0 la Black Friday Week, il co\u00fbte 800 euros de moins. <\/p>\n<p><a href=\"https:\/\/images.frandroid.com\/wp-content\/uploads\/2025\/11\/samsung-galaxy-book-5-360-black-friday-2025.jpg\" target=\"_blank\" class=\"article-content__figure\" rel=\"noopener\"><img loading=\"lazy\" decoding=\"async\" width=\"1200\" height=\"675\" src=\"https:\/\/www.europesays.com\/fr\/wp-content\/uploads\/2025\/11\/samsung-galaxy-book-5-360-black-friday-2025-1200x675.jpg\" alt=\"\" class=\"wp-image-2878565 wp-image\"  \/><\/a><\/p>\n<p>Le Samsung Galaxy Book 5 360, c\u2019est quoi ? <\/p>\n<ul class=\"wp-block-list\">\n<li>Un laptop 2-en-1 avec une dalle AMOLED de 15,6 pouces<\/li>\n<li>Un combo Intel Core Ultra 7 256V + 16 Go de RAM<\/li>\n<li>Une autonomie de plus de 20 heures<\/li>\n<\/ul>\n<p>Lanc\u00e9 \u00e0 1 799,99 euros, le Samsung Galaxy Book 5 360 est en ce moment <a href=\"https:\/\/shop.frandroid.com\/9m6gkzi5\" target=\"_blank\" rel=\"noreferrer noopener affiliate nofollow\" data-gtm=\"{&quot;event&quot;:&quot;afficlic&quot;,&quot;nom_marchand&quot;:&quot;boulanger&quot;,&quot;nom_produit&quot;:&quot;inconnu&quot;,&quot;categorie_produit&quot;:&quot;inconnu&quot;,&quot;module_produit&quot;:&quot;editolink&quot;,&quot;position_marchand&quot;:0,&quot;texte&quot;:&quot;en-promotion-a-999-99-euros-chez-boulanger&quot;,&quot;offer_url&quot;:&quot;https:\/\/shop.frandroid.com\/9m6gkzi5&quot;,&quot;zone&quot;:&quot;contenu-page&quot;}\">en promotion \u00e0 999,99 euros chez Boulanger.<\/a><\/p>\n<p>Lunettes Meta Ray-Ban<\/p>\n<p>Avec la paire de <a href=\"https:\/\/www.frandroid.com\/produits-android\/accessoires-objets-connectes\/lunettes-intelligentes\/2454050_lunettes-connectees-gadget-ou-revolution-de-2025-notre-test-comparatif\" target=\"_blank\" rel=\"noopener\">lunettes Meta Ray-Ban<\/a> vous avez un accessoire qui filme, r\u00e9pond, \u00e9coute, diffuse de la musique\u2026 tout en gardant l\u2019allure iconique du lunetier. Pour la Black Friday Week, cette paire passe de 329 euros \u00e0 259 euros chez Boulanger.<\/p>\n<p><a href=\"https:\/\/images.frandroid.com\/wp-content\/uploads\/2025\/11\/meta-rayban-gen1-black-friday-frandroid.jpg\" target=\"_blank\" class=\"article-content__figure\" rel=\"noopener\"><img loading=\"lazy\" decoding=\"async\" width=\"1200\" height=\"675\" src=\"https:\/\/www.europesays.com\/fr\/wp-content\/uploads\/2025\/11\/meta-rayban-gen1-black-friday-frandroid-1200x675.jpg\" alt=\"\" class=\"wp-image-2879027 wp-image\"  \/><\/a><\/p>\n<p>Pourquoi porter les Meta Ray-Ban ?<\/p>\n<ul class=\"wp-block-list\">\n<li>Un style qui en impose<\/li>\n<li>Une IA qui voit<\/li>\n<li>La possibilit\u00e9 de filmer et prendre des photos sans t\u00e9l\u00e9phone<\/li>\n<\/ul>\n<p>Au lieu de 320 euros, les Meta Ray-Ban sont <a href=\"https:\/\/shop.frandroid.com\/mxdqk6td\" target=\"_blank\" rel=\"noreferrer noopener affiliate nofollow\" data-gtm=\"{&quot;event&quot;:&quot;afficlic&quot;,&quot;nom_marchand&quot;:&quot;boulanger&quot;,&quot;nom_produit&quot;:&quot;inconnu&quot;,&quot;categorie_produit&quot;:&quot;inconnu&quot;,&quot;module_produit&quot;:&quot;editolink&quot;,&quot;position_marchand&quot;:0,&quot;texte&quot;:&quot;aujourd-hui-disponibles-en-promotion-a-259-euros-sur-boulanger&quot;,&quot;offer_url&quot;:&quot;https:\/\/shop.frandroid.com\/1jvd14zs&quot;,&quot;zone&quot;:&quot;contenu-page&quot;}\">aujourd\u2019hui disponibles en promotion \u00e0 259 euros sur Boulanger<\/a>.<\/p>\n<p>La version avec des verres polaris\u00e9s est aussi disponible en promotion <a href=\"https:\/\/shop.frandroid.com\/1jvd14zs\" target=\"_blank\" rel=\"noreferrer noopener affiliate nofollow\" data-gtm=\"{&quot;event&quot;:&quot;afficlic&quot;,&quot;nom_marchand&quot;:&quot;boulanger&quot;,&quot;nom_produit&quot;:&quot;inconnu&quot;,&quot;categorie_produit&quot;:&quot;inconnu&quot;,&quot;module_produit&quot;:&quot;editolink&quot;,&quot;position_marchand&quot;:0,&quot;texte&quot;:&quot;au-prix-de-289-euros-au-lieu-de-359-euros-toujours-sur-boulanger&quot;,&quot;offer_url&quot;:&quot;https:\/\/shop.frandroid.com\/1jvd14zs&quot;,&quot;zone&quot;:&quot;contenu-page&quot;}\">au prix de 289 euros au lieu de 359 euros, toujours sur Boulanger<\/a>.<\/p>\n<p>Meta Quest 3S<\/p>\n<p>C\u2019est l\u2019occasion de plonger dans la VR sans se ruiner, ou d\u2019offrir \u00e0 son salon une porte vers un autre monde. Entre fitness, cin\u00e9ma g\u00e9ant et jeux immersifs, le casque\u00a0<a href=\"https:\/\/www.frandroid.com\/produits\/casque-vr\/meta\/2357216-meta-quest-3s\" target=\"_blank\" rel=\"noopener\">Meta Quest 3S<\/a>\u00a0brouille la fronti\u00e8re entre le r\u00e9el et le num\u00e9rique, sans fil ni contraintes. <\/p>\n<p><a href=\"https:\/\/images.frandroid.com\/wp-content\/uploads\/2025\/11\/meta-quest-3s-black-friday.jpg\" target=\"_blank\" class=\"article-content__figure\" rel=\"noopener\"><img loading=\"lazy\" decoding=\"async\" width=\"1200\" height=\"675\" src=\"https:\/\/www.europesays.com\/fr\/wp-content\/uploads\/2025\/11\/meta-quest-3s-black-friday-1200x675.jpg\" alt=\"\" class=\"wp-image-2878259 wp-image\"  \/><\/a><\/p>\n<p>Les bons points du Meta Quest 3S<\/p>\n<ul class=\"wp-block-list\">\n<li>Performances doubl\u00e9es gr\u00e2ce au Snapdragon XR2 Gen 2<\/li>\n<li>Un syst\u00e8me d\u2019exploitation OS Meta bien optimis\u00e9<\/li>\n<li>3 mois d\u2019acc\u00e8s gratuit \u00e0 Meta Horizon+<\/li>\n<\/ul>\n<p>Au lieu de 329 euros, le Meta Quest 3S est\u00a0aujourd\u2019hui disponible <a href=\"https:\/\/shop.frandroid.com\/1t3hfrme\" target=\"_blank\" rel=\"noreferrer noopener affiliate nofollow\" data-gtm=\"{&quot;event&quot;:&quot;afficlic&quot;,&quot;nom_marchand&quot;:&quot;boulanger&quot;,&quot;nom_produit&quot;:&quot;inconnu&quot;,&quot;categorie_produit&quot;:&quot;inconnu&quot;,&quot;module_produit&quot;:&quot;editolink&quot;,&quot;position_marchand&quot;:0,&quot;texte&quot;:&quot;en-promotion-a-249-euros-sur-boulanger&quot;,&quot;offer_url&quot;:&quot;https:\/\/shop.frandroid.com\/1t3hfrme&quot;,&quot;zone&quot;:&quot;contenu-page&quot;}\">en promotion \u00e0 249 euros sur Boulanger.<\/a><\/p>\n<p>DJI\u00a0Mini 4 Pro Fly More Combo<\/p>\n<p>Le <a href=\"https:\/\/www.frandroid.com\/produits\/drones\/dji\/1796815-dji-mini-4-pro\" target=\"_blank\" rel=\"noopener\">Mini 4 Pro<\/a>, c\u2019est le <a href=\"https:\/\/www.frandroid.com\/guide-dachat\/378946_quels-sont-les-meilleurs-drones\" target=\"_blank\" rel=\"noopener\">drone<\/a> de ceux qui veulent filmer leurs vir\u00e9es sans passer un brevet de pilote. Moins de 249 g, class\u00e9 C0, il se pilote sans examen et sans prise de t\u00eate. C\u2019est un drone tr\u00e8s s\u00e9duisant, qu\u2019on emm\u00e8ne tr\u00e8s facilement avec soi\u00a0dont le prix est bien plus int\u00e9ressant dans ce pack. <\/p>\n<p><a href=\"https:\/\/images.frandroid.com\/wp-content\/uploads\/2025\/11\/drone-dji-mini-4-pro-fly-more-combo-black-friday.jpg\" target=\"_blank\" class=\"article-content__figure\" rel=\"noopener\"><img loading=\"lazy\" decoding=\"async\" width=\"1200\" height=\"675\" src=\"https:\/\/www.europesays.com\/fr\/wp-content\/uploads\/2025\/11\/drone-dji-mini-4-pro-fly-more-combo-black-friday-1200x675.jpg\" alt=\"\" class=\"wp-image-2878147 wp-image\"  \/><\/a><\/p>\n<p>Le DJI Mini 4 Pro, c\u2019est quoi ? <\/p>\n<ul class=\"wp-block-list\">\n<li>Pack complet avec batteries, sacoche et Care Refresh 1 an.<\/li>\n<li>Drone l\u00e9ger, conforme C0, aucun examen n\u00e9cessaire.<\/li>\n<li>Cam\u00e9ra 4K HDR 60 i\/s et tracking 360\u00b0 pour des vid\u00e9os pro sans effort.<\/li>\n<\/ul>\n<p>Au lieu de 1 129 euros, le pack DJI Mini 4 Pro Fly More Combo est\u00a0aujourd\u2019hui disponible <a href=\"https:\/\/shop.frandroid.com\/kfbz8kan\" target=\"_blank\" rel=\"noreferrer noopener affiliate nofollow\" data-gtm=\"{&quot;event&quot;:&quot;afficlic&quot;,&quot;nom_marchand&quot;:&quot;boulanger&quot;,&quot;nom_produit&quot;:&quot;inconnu&quot;,&quot;categorie_produit&quot;:&quot;inconnu&quot;,&quot;module_produit&quot;:&quot;editolink&quot;,&quot;position_marchand&quot;:0,&quot;texte&quot;:&quot;en-promotion-a-789-euros-sur-le-site-boulanger&quot;,&quot;offer_url&quot;:&quot;https:\/\/shop.frandroid.com\/kfbz8kan&quot;,&quot;zone&quot;:&quot;contenu-page&quot;}\">en promotion \u00e0 779 euros sur le site Boulanger.<\/a><\/p>\n<p>Pack Nothing Phone (3)<\/p>\n<p>Le <a href=\"https:\/\/www.frandroid.com\/produits\/smartphones\/nothing\/2716719-nothing-phone-3\" target=\"_blank\" rel=\"noopener\">Nothing Phone (3)<\/a> est le premier <a href=\"https:\/\/www.frandroid.com\/guide-dachat\/smartphones\/289788_quels-sont-les-meilleurs-smartphones-haut-de-gamme-android-en-2017\" target=\"_blank\" rel=\"noopener\">smartphone haut de gamme<\/a> de la marque et apr\u00e8s avoir obtenu la note de 8\/10 \u00e0 notre test, c\u2019est une franche r\u00e9ussite. Si ce mod\u00e8le vous faisait de l\u2019oeil, aujourd\u2019hui il est dans un pack complet \u00e0 -37 % \u00e0 l\u2019occasion du pr\u00e9-Black Friday. <\/p>\n<p><a href=\"https:\/\/images.frandroid.com\/wp-content\/uploads\/2025\/11\/pack-nothing-phone-3-pre-black-friday.jpg\" target=\"_blank\" class=\"article-content__figure\" rel=\"noopener\"><img loading=\"lazy\" decoding=\"async\" width=\"1200\" height=\"675\" src=\"https:\/\/www.europesays.com\/fr\/wp-content\/uploads\/2025\/11\/pack-nothing-phone-3-pre-black-friday-1200x675.jpg\" alt=\"\" class=\"wp-image-2873293 wp-image\"  \/><\/a><\/p>\n<p>Pourquoi choisir ce pack Nothing ? <\/p>\n<ul class=\"wp-block-list\">\n<li>Un smarpthone atypique offrant de bonnes performances <\/li>\n<li>mais aussi une bonne qualit\u00e9 photo <\/li>\n<li>Une montre avec\u00a0une flopp\u00e9e de capteurs\u00a0<\/li>\n<\/ul>\n<p>Chez Boulanger, on trouve le Nothing Phone (3) dans un pack avec la CMF Watch 3 Pro, une coque de protection et une bandouli\u00e8re <a href=\"https:\/\/shop.frandroid.com\/czuwfzor\" target=\"_blank\" rel=\"noreferrer noopener affiliate nofollow\" data-gtm=\"{&quot;event&quot;:&quot;afficlic&quot;,&quot;nom_marchand&quot;:&quot;boulanger&quot;,&quot;nom_produit&quot;:&quot;inconnu&quot;,&quot;categorie_produit&quot;:&quot;inconnu&quot;,&quot;module_produit&quot;:&quot;editolink&quot;,&quot;position_marchand&quot;:0,&quot;texte&quot;:&quot;pour-599-euros-au-lieu-de-949-euros-chez-boulanger&quot;,&quot;offer_url&quot;:&quot;https:\/\/shop.frandroid.com\/czuwfzor&quot;,&quot;zone&quot;:&quot;contenu-page&quot;}\">pour 599 euros au lieu de 949 euros chez Boulanger<\/a>. <\/p>\n<p>Pack Xiaomi 15T Pro<\/p>\n<p>Le <a href=\"https:\/\/www.frandroid.com\/produits\/smartphones\/xiaomi\/2807151-xiaomi-15t-pro\" target=\"_blank\" rel=\"noopener\">Xiaomi 15T Pro<\/a> est un smartphone qui assure une tr\u00e8s grande polyvalence. Entre ses hautes performances, son grand \u00e9cran lumineux pouvant monter jusqu\u2019\u00e0 144 Hz, sa grande autonomie et charge rapide, sans oublier ses aptitudes photo, c\u2019est un bon investissement. <\/p>\n<p><a href=\"https:\/\/images.frandroid.com\/wp-content\/uploads\/2025\/11\/pack-xiaomi-15t-pro-pre-black-friday.jpg\" target=\"_blank\" class=\"article-content__figure\" rel=\"noopener\"><img loading=\"lazy\" decoding=\"async\" width=\"1200\" height=\"675\" src=\"https:\/\/www.europesays.com\/fr\/wp-content\/uploads\/2025\/11\/pack-xiaomi-15t-pro-pre-black-friday-1200x675.jpg\" alt=\"\" class=\"wp-image-2869007 wp-image\"  \/><\/a><\/p>\n<p>Les atouts du Xiaomi 15T Pro <\/p>\n<ul class=\"wp-block-list\">\n<li>Des performances excellentes et une grande autonomie<\/li>\n<li>Un t\u00e9l\u00e9objectif x5 et de nombreuses fonctions IA<\/li>\n<li>Un bracelet connect\u00e9 et des \u00e9couteurs offerts  <\/li>\n<\/ul>\n<p>De base \u00e0 999 euros, le pack Xiaomi 15T Pro est en ce moment remis\u00e9 <a href=\"https:\/\/shop.frandroid.com\/i62kko5i\" target=\"_blank\" rel=\"noreferrer noopener affiliate nofollow\" data-gtm=\"{&quot;event&quot;:&quot;afficlic&quot;,&quot;nom_marchand&quot;:&quot;boulanger&quot;,&quot;nom_produit&quot;:&quot;inconnu&quot;,&quot;categorie_produit&quot;:&quot;inconnu&quot;,&quot;module_produit&quot;:&quot;editolink&quot;,&quot;position_marchand&quot;:0,&quot;texte&quot;:&quot;en-promotion-a-749-euros-sur-le-site-boulanger&quot;,&quot;offer_url&quot;:&quot;https:\/\/shop.frandroid.com\/i62kko5i&quot;,&quot;zone&quot;:&quot;contenu-page&quot;}\">en promotion \u00e0 749 euros sur le site Boulanger.<\/a> Il peut m\u00eame vous revenir \u00e0 649 euros avec <a href=\"https:\/\/boulanger.scene7.com\/is\/content\/Boulanger\/2.B.com\/Commerce\/EMS\/bonusrachat.pdf\" target=\"_blank\" rel=\"noreferrer noopener nofollow\">un bonus de rachat <\/a>de 100 euros.  <\/p>\n<p>Samsung Odyssey OLED G5<\/p>\n<p>\u00c0 l\u2019occasion de ce Pr\u00e9-Black Friday, Boulanger offre l\u2019opportunit\u00e9 aux gamers \u00e0 la recherche <a href=\"https:\/\/www.frandroid.com\/guide-dachat\/688285_quel-ecran-pc-pour-le-gaming-choisir-en-2020-notre-selection\" target=\"_blank\" rel=\"noopener\">d\u2019un \u00e9cran<\/a> de tr\u00e8s haute qualit\u00e9 de renforcer leur setup en accueillant le Samsung Odyssey OLED G5 pour 429 euros contre 649 euros habituellement.<\/p>\n<p><a href=\"https:\/\/images.frandroid.com\/wp-content\/uploads\/2025\/11\/samsung-odyssey-oled-g5-pre-black-friday.jpg\" target=\"_blank\" class=\"article-content__figure\" rel=\"noopener\"><img loading=\"lazy\" decoding=\"async\" width=\"1200\" height=\"675\" src=\"https:\/\/www.europesays.com\/fr\/wp-content\/uploads\/2025\/11\/samsung-odyssey-oled-g5-pre-black-friday-1200x675.jpg\" alt=\"\" class=\"wp-image-2856021 wp-image\"  \/><\/a><\/p>\n<p>Les avantages du Samsung Odyssey OLED G5<\/p>\n<ul class=\"wp-block-list\">\n<li>Un exceptionnel temps de r\u00e9ponse de 0,03ms<\/li>\n<li>La dalle OLED pour b\u00e9n\u00e9ficier d\u2019une qualit\u00e9 d\u2019image maximale<\/li>\n<li>Un filtre lumi\u00e8re bleue pour prot\u00e9ger vos yeux et garantir de longues sessions de jeu sans s\u2019ab\u00eemer la r\u00e9tine<\/li>\n<\/ul>\n<p>D\u2019abord \u00e0 649,99 euros, Boulanger descend le prix de cet \u00e9cran Samsung Odyssey OLED G5 <a href=\"https:\/\/shop.frandroid.com\/b519iz8p\" target=\"_blank\" rel=\"noreferrer noopener affiliate nofollow\" data-gtm=\"{&quot;event&quot;:&quot;afficlic&quot;,&quot;nom_marchand&quot;:&quot;boulanger&quot;,&quot;nom_produit&quot;:&quot;inconnu&quot;,&quot;categorie_produit&quot;:&quot;inconnu&quot;,&quot;module_produit&quot;:&quot;editolink&quot;,&quot;position_marchand&quot;:0,&quot;texte&quot;:&quot;a-389-euros&quot;,&quot;offer_url&quot;:&quot;https:\/\/shop.frandroid.com\/b519iz8p&quot;,&quot;zone&quot;:&quot;contenu-page&quot;}\">\u00e0 389 euros<\/a>.<\/p>\n<p>Hisense 55E79Q Pro<\/p>\n<p>Dans la cat\u00e9gorie des petits prix, la Hisense 55E79Q PRO est un bon choix en mati\u00e8re de compromis : dalle QLED, fr\u00e9quence de 144 Hz, traitements HDR10 et Dolby Vision\u2026 Ce TV a une fiche technique assez compl\u00e8te au vu de son prix. Une bonne alternative pour les budgets limit\u00e9s.<\/p>\n<p><a href=\"https:\/\/www.europesays.com\/fr\/wp-content\/uploads\/2025\/11\/image-27-1.jpg\" target=\"_blank\" class=\"article-content__figure\"><img loading=\"lazy\" decoding=\"async\" width=\"768\" height=\"432\" src=\"https:\/\/www.europesays.com\/fr\/wp-content\/uploads\/2025\/11\/image-27-1.jpg\" alt=\"\" class=\"wp-image-2858199 wp-image\"  \/><\/a><\/p>\n<p>Ce qu\u2019il faut savoir du Hisense 55E79Q Pro<\/p>\n<ul class=\"wp-block-list\">\n<li>Dalle QLED 4K de 55 pouces avec traitements HDR10<\/li>\n<li>Ports HDMI 2.1 et rafra\u00eechissement de 144 Hz<\/li>\n<li>Compatibilit\u00e9 avec Dolby Atmos et DTS:X<\/li>\n<\/ul>\n<p>D\u2019abord \u00e0 479 euros, le Hisense 55E79Q Pro est en ce moment <a href=\"https:\/\/shop.frandroid.com\/ztjoysjg\" target=\"_blank\" rel=\"noreferrer noopener affiliate nofollow\" data-gtm=\"{&quot;event&quot;:&quot;afficlic&quot;,&quot;nom_marchand&quot;:&quot;boulanger&quot;,&quot;nom_produit&quot;:&quot;inconnu&quot;,&quot;categorie_produit&quot;:&quot;inconnu&quot;,&quot;module_produit&quot;:&quot;editolink&quot;,&quot;position_marchand&quot;:0,&quot;texte&quot;:&quot;remise-a-399-euros-sur-boulanger&quot;,&quot;offer_url&quot;:&quot;https:\/\/shop.frandroid.com\/ztjoysjg&quot;,&quot;zone&quot;:&quot;contenu-page&quot;}\">remis\u00e9 \u00e0 399 euros\u00a0sur Boulanger.<\/a><\/p>\n<p>Google Pixel 10 Pro<\/p>\n<p>Le <a href=\"https:\/\/www.frandroid.com\/produits\/smartphones\/google\/2757533-google-pixel-10-pro\" target=\"_blank\" rel=\"noopener\">Pixel 10 Pro<\/a> que nous avons not\u00e9 9\/10 est la version puissante du mod\u00e8le de base. C\u2019est un appareil pens\u00e9 pour marier l\u2019IA maison, Gemini, avec une exp\u00e9rience photo qui tient la drag\u00e9e haute face \u00e0 tout ce qui se fait de\u00a0<a href=\"https:\/\/www.frandroid.com\/guide-dachat\/smartphones\/367607_meilleurs-smartphones-photos\" target=\"_blank\" rel=\"noopener\">mieux sur le march\u00e9<\/a>. <\/p>\n<p><a href=\"https:\/\/images.frandroid.com\/wp-content\/uploads\/2025\/10\/google-pixel-10-pro-pre-black-firday.jpg\" target=\"_blank\" class=\"article-content__figure\" rel=\"noopener\"><img loading=\"lazy\" decoding=\"async\" width=\"1200\" height=\"675\" src=\"https:\/\/www.europesays.com\/fr\/wp-content\/uploads\/2025\/11\/1763152790_786_google-pixel-10-pro-pre-black-firday-1200x675.jpg\" alt=\"\" class=\"wp-image-2851105 wp-image\"  \/><\/a><\/p>\n<p>Pourquoi choisir le Google Pixel 10 Pro ? <\/p>\n<ul class=\"wp-block-list\">\n<li>\u00c9cran Super Actua 6,3 pouces OLED LTPO<\/li>\n<li>Triple appareil photo arri\u00e8re : 50 Mpx + 48 Mpx + 48 Mpx<\/li>\n<li>SoC Google Tensor G5 et Gemini : puissance brute et intelligence embarqu\u00e9e<\/li>\n<\/ul>\n<p>Au lieu d\u2019un prix barr\u00e9 \u00e0 1 249 euros, le pack Google Pixel 10 Pro se n\u00e9gocie en ce moment <a href=\"https:\/\/shop.frandroid.com\/ovwuiw54\" target=\"_blank\" rel=\"noreferrer noopener affiliate nofollow\" data-gtm=\"{&quot;event&quot;:&quot;afficlic&quot;,&quot;nom_marchand&quot;:&quot;boulanger&quot;,&quot;nom_produit&quot;:&quot;inconnu&quot;,&quot;categorie_produit&quot;:&quot;inconnu&quot;,&quot;module_produit&quot;:&quot;editolink&quot;,&quot;position_marchand&quot;:0,&quot;texte&quot;:&quot;en-promotion-a-999-euros-chez-boulanger&quot;,&quot;offer_url&quot;:&quot;https:\/\/shop.frandroid.com\/ovwuiw54&quot;,&quot;zone&quot;:&quot;contenu-page&quot;}\">en promotion \u00e0 899 euros chez Boulanger<\/a> apr\u00e8s bonus de rachat. <\/p>\n<p>Black Friday Week : pour ne rien rater des offres<\/p>\n<p>Le v\u00e9ritable Black Friday ne commencera que le 28 novembre prochain, mais les e-commer\u00e7ants ont d\u00e9j\u00e0 partag\u00e9 des offres en avance lors d\u2019une sorte d\u2019avant-premi\u00e8re du vendredi noir. En ce moment, Amazon lance la Black Friday Week, pour faire encore plus de bonnes affaires. Une aubaine si vous voulez anticiper vos achats de fin d\u2019ann\u00e9e.<\/p>\n<p>Si vous n\u2019avez pas trouv\u00e9 votre bonheur dans les s\u00e9lections pr\u00e9c\u00e9demment cit\u00e9es, voici ce qu\u2019il vous reste \u00e0 faire : <\/p>\n<ul class=\"wp-block-list\">\n<li>T\u00e9l\u00e9chargez notre nouvelle extension Chrome Frandroid Check afin de comparer facilement et sans intrusion les prix des produits : <a href=\"https:\/\/www.frandroid.com\/humanoid\/2877567_telechargez-frandroid-check-le-comparateur-de-prix-et-de-tests-integre-a-votre-navigateur\" target=\"_blank\" rel=\"noreferrer noopener\">tout est expliqu\u00e9 ici<\/a>. <\/li>\n<li>Suivez notre compte X\u00a0<a href=\"https:\/\/twitter.com\/FrandroidPromos\" target=\"_blank\" rel=\"noreferrer noopener\">@FrandroidPromos<\/a> uniquement d\u00e9di\u00e9 aux bons plans (pensez \u00e0 activer la cloche pour recevoir les notifications en temps r\u00e9el)<\/li>\n<li><a href=\"https:\/\/whatsapp.com\/channel\/0029VabYxm5LI8YhSlD8xc05\" target=\"_blank\" rel=\"noreferrer noopener\">Rejoignez notre canal WhatsApp<\/a> pour recevoir une fois par jour un condens\u00e9 des meilleures offres<\/li>\n<li>T\u00e9l\u00e9chargez notre <a href=\"https:\/\/www.frandroid.com\/telecharger\/apps\/frandroid\" target=\"_blank\" rel=\"noreferrer noopener\">application Frandroid<\/a> (disponible sur iOS et Android) pour activer les notifications de la cat\u00e9gorie \u00ab Bons Plans \u00bb et ainsi recevoir en temps r\u00e9el les nouveaux articles li\u00e9s au Black Friday 2025<\/li>\n<li>Abonnez-vous \u00e0 notre newsletter pour \u00eatre s\u00fbr de recevoir les offres en avant-premi\u00e8re (pas plus d\u2019un mail par jour, d\u00e9sinscription en 1 clic, aucune diffusion \u00e0 des tiers) :<\/li>\n<\/ul>\n<p class=\"newsletter-form__title is-size-6 is-size-7-mobile is-uppercase has-text-good-deals has-text-weight-semibold mb-4 px-5\">Frandroid Bons plans<\/p>\n<p class=\"has-text-centered-tablet newsletter-form__subtitle is-size-4 has-text-weight-bold has-text-primary column is-9-tablet is-10-mobile\">\n                C\u2019est enregistr\u00e9 ! Surveillez votre bo\u00eete aux lettres, vous allez entendre parler de nous\u00a0!\n            <\/p>\n<p class=\"newsletter-form__subtitle is-size-4 has-text-weight-bold has-text-gradient-pink\">Ne manquez aucun bon plan avec notre newsletter<\/p>\n<p class=\"is-size-7\">\n                Les donn\u00e9es transmises par le biais de ce formulaire sont destin\u00e9es \u00e0 Humanoid,<br \/>\n                soci\u00e9t\u00e9 \u00e9ditrice du site Frandroid en sa qualit\u00e9 de responsable de traitement.<br \/>\n                Elles ne seront en aucun cas c\u00e9d\u00e9es \u00e0 des tiers. Ces donn\u00e9es sont trait\u00e9es sous r\u00e9serve d\u2019obtention de<br \/>\n                votre consentement pour vous envoyer par e-mail des actualit\u00e9s et informations relatives aux contenus<br \/>\n                \u00e9ditoriaux publi\u00e9s sur Frandroid. Vous pouvez vous opposer \u00e0 tout moment \u00e0 ces e-mails<br \/>\n                en cliquant sur les liens de d\u00e9sinscriptions pr\u00e9sents dans chacun d\u2019eux. Pour plus d\u2019informations, vous<br \/>\n                pouvez consulter l\u2019int\u00e9gralit\u00e9 de notre <a href=\"https:\/\/www.frandroid.com\/politique-donnees-personnelles\" target=\"_blank\" rel=\"noopener\"><br \/>\n                politique de traitement de vos donn\u00e9es personnelles<\/a>.<br \/>\n                Vous disposez d\u2019un droit d\u2019acc\u00e8s, de rectification, d\u2019effacement, de limitation, de portabilit\u00e9 et<br \/>\n                d\u2019opposition pour motif l\u00e9gitime aux donn\u00e9es personnelles vous concernant. Pour exercer l\u2019un de ces droits,<br \/>\n                merci d\u2019effectuer votre demande via notre <a href=\"https:\/\/www.frandroid.com\/contact\/#RGPD\" target=\"_blank\" rel=\"noopener\">formulaire<br \/>\n                de demandes d\u2019exercices de droits d\u00e9di\u00e9<\/a>.\n            <\/p>\n<p>Envie de rejoindre une communaut\u00e9 de passionn\u00e9s ? <a href=\"https:\/\/discord.com\/invite\/frandroid-311789172149190657\" target=\"_blank\" rel=\"noopener\">Notre Discord<\/a> vous accueille, c\u2019est un lieu d\u2019entraide et de passion autour de la tech.<\/p>\n<p>            <script async src=\"https:\/\/platform.twitter.com\/widgets.js\" charset=\"utf-8\"><\/script><\/p>\n","protected":false},"excerpt":{"rendered":"En attendant le v\u00e9ritable Vendredi noir, Boulanger ne cesse de proposer de bonnes affaires sur son site et&hellip;\n","protected":false},"author":2,"featured_media":560426,"comment_status":"","ping_status":"","sticky":false,"template":"","format":"standard","meta":{"footnotes":""},"categories":[7],"tags":[62374,3042,1011,27,43,40,41,39,64121,42,44],"class_list":{"0":"post-560425","1":"post","2":"type-post","3":"status-publish","4":"format-standard","5":"has-post-thumbnail","7":"category-sciences-et-technologies","8":"tag-black-friday-2025","9":"tag-bons-plans-boulanger","10":"tag-fr","11":"tag-france","12":"tag-science","13":"tag-science-and-technology","14":"tag-sciences","15":"tag-sciences-et-technologies","16":"tag-selections-black-friday","17":"tag-technologies","18":"tag-technology"},"share_on_mastodon":{"url":"https:\/\/pubeurope.com\/@fr\/115617181259763071","error":""},"_links":{"self":[{"href":"https:\/\/www.europesays.com\/fr\/wp-json\/wp\/v2\/posts\/560425","targetHints":{"allow":["GET"]}}],"collection":[{"href":"https:\/\/www.europesays.com\/fr\/wp-json\/wp\/v2\/posts"}],"about":[{"href":"https:\/\/www.europesays.com\/fr\/wp-json\/wp\/v2\/types\/post"}],"author":[{"embeddable":true,"href":"https:\/\/www.europesays.com\/fr\/wp-json\/wp\/v2\/users\/2"}],"replies":[{"embeddable":true,"href":"https:\/\/www.europesays.com\/fr\/wp-json\/wp\/v2\/comments?post=560425"}],"version-history":[{"count":0,"href":"https:\/\/www.europesays.com\/fr\/wp-json\/wp\/v2\/posts\/560425\/revisions"}],"wp:featuredmedia":[{"embeddable":true,"href":"https:\/\/www.europesays.com\/fr\/wp-json\/wp\/v2\/media\/560426"}],"wp:attachment":[{"href":"https:\/\/www.europesays.com\/fr\/wp-json\/wp\/v2\/media?parent=560425"}],"wp:term":[{"taxonomy":"category","embeddable":true,"href":"https:\/\/www.europesays.com\/fr\/wp-json\/wp\/v2\/categories?post=560425"},{"taxonomy":"post_tag","embeddable":true,"href":"https:\/\/www.europesays.com\/fr\/wp-json\/wp\/v2\/tags?post=560425"}],"curies":[{"name":"wp","href":"https:\/\/api.w.org\/{rel}","templated":true}]}}