{"id":560427,"date":"2025-11-26T17:28:13","date_gmt":"2025-11-26T17:28:13","guid":{"rendered":"https:\/\/www.europesays.com\/fr\/560427\/"},"modified":"2025-11-26T17:28:13","modified_gmt":"2025-11-26T17:28:13","slug":"voici-les-supermarches-concernes-dans-les-alpes-maritimes","status":"publish","type":"post","link":"https:\/\/www.europesays.com\/fr\/560427\/","title":{"rendered":"voici les supermarch\u00e9s concern\u00e9s dans les Alpes-Maritimes"},"content":{"rendered":"<p class=\"fs-5 \">En difficult\u00e9,<strong> Auchan pr\u00e9voit de basculer en franchise, sous banni\u00e8re Intermarch\u00e9 et Netto, ses quelque 300 supermarch\u00e9s<\/strong>, un\u00a0\u00ab\u00a0nouveau coup de massue\u00a0\u00bb\u00a0pour les salari\u00e9s du groupe nordiste, qui conservera les hypermarch\u00e9s \u00e0 son nom.<\/p>\n<p class=\"fs-5 \">Au total, le groupe compte 294 supermarch\u00e9s, dont 261 int\u00e9gr\u00e9s et 33 franchis\u00e9s. Ces derniers devront d\u00e9terminer si le changement d\u2019enseigne est une opportunit\u00e9,\u00a0\u00ab\u00a0ce dont je ne doute pas\u00a0\u00bb, a estim\u00e9 M. Darrasse.<\/p>\n<p>            <img src=\"https:\/\/www.europesays.com\/fr\/wp-content\/uploads\/2025\/11\/6f6cb6c_ftp-import-images-1-ht5c6n3jtmvu-afp-83ub4t4.jpg\"   loading=\"lazy\" decoding=\"async\" alt=\"Depuis l\u2019arriv\u00e9e \u00e0 sa t\u00eate d\u2019Alexandre Bompard en 2017, Carrefour fait \u00e9voluer son mod\u00e8le vers de plus en plus de magasins en franchise et location-g\u00e9rance.\" class=\"img-fluid position-absolute w-100 object-fit-cover rounded-2\" width=\"600\" height=\"400\"\/><\/p>\n<p class=\"fs-5 \">Dans les faits, quelles grandes surfaces sont concern\u00e9es dans les Alpes-Maritimes\u00a0?<\/p>\n<p class=\"fs-5 \"><a href=\"https:\/\/www.lsa-conso.fr\/decouvrez-la-liste-des-295-supermarches-auchan-qui-vont-devenir-intermarche-ou-netto,463381\" target=\"_blank\" rel=\"nofollow noopener\">Selon LSA<\/a>, plusieurs enseignes azur\u00e9ennes vont ainsi devenir des Intermarch\u00e9  ou Netto d\u2019ici la fin de l\u2019ann\u00e9e 2026.<\/p>\n<p>                                                                                <strong>Voici les surfaces concern\u00e9es\u00a0: <\/strong><\/p>\n<p class=\"fs-5 \">&#8211; Auchan Antibes Rochat<\/p>\n<p class=\"fs-5 \">&#8211; Auchan Supermarch\u00e9 Cannes<\/p>\n<p class=\"fs-5 \">&#8211; Auchan Supermarch\u00e9 \u00e0 Vence<\/p>\n<p class=\"fs-5 \">&#8211; Auchan Supermarch\u00e9 Nice Montel<\/p>\n<p class=\"fs-5 \">&#8211; Auchan Supermarch\u00e9 Juan-les-Pins Poincar\u00e9<\/p>\n<p class=\"fs-5 \">&#8211; Auchan Auchan Supermarch\u00e9 Juan-les-Pins<\/p>\n<p class=\"fs-5 \">&#8211; Auchan Supermarch\u00e9 Mouans-Sartoux<\/p>\n<p>                                                                                <strong>Les supermarch\u00e9s d\u2019Auchan repr\u00e9sentent deux points de part de march\u00e9<\/strong><\/p>\n<p class=\"fs-5 \">Le projet,\u00a0\u00ab\u00a0soumis \u00e0 l\u2019autorisation pr\u00e9alable des autorit\u00e9s de la concurrence comp\u00e9tentes\u00a0\u00bb, pourrait\u00a0\u00ab\u00a0prendre effet fin 2026\u00a0\u00bb, a pr\u00e9cis\u00e9 Auchan, propri\u00e9t\u00e9 de la famille Mulliez, dans un communiqu\u00e9.<\/p>\n<p class=\"fs-5 \">Concr\u00e8tement Auchan Retail, la branche distribution du groupe, envisage de cr\u00e9er une\u00a0\u00ab\u00a0entit\u00e9 juridique d\u00e9di\u00e9e\u00a0\u00bb\u00a0pour exploiter les magasins changeant d\u2019enseigne, via un contrat de franchise conclu avec Intermarch\u00e9\/Mousquetaires.<\/p>\n<p class=\"fs-5 \">De son c\u00f4t\u00e9, Intermarch\u00e9, qui a d\u00e9j\u00e0 r\u00e9alis\u00e9 deux op\u00e9rations massives de reprise en deux ans &#8211; pr\u00e8s de<strong> 300 magasins Casino en 2023\/24<\/strong>, et 81 magasins Colruyt mi-juin &#8211; se retrouverait en pole position pour \u00e9ventuellement acqu\u00e9rir \u00e0 terme ces supermarch\u00e9s Auchan.<\/p>\n<p class=\"fs-5 \">Ce deal\u00a0\u00ab\u00a0gagnant-gagnant\u00a0\u00bb\u00a0va\u00a0\u00ab\u00a0nous permettre d\u2019\u00e9tendre notre emprise sur le march\u00e9 fran\u00e7ais\u00a0\u00bb, s\u2019est f\u00e9licit\u00e9 le patron des Mousquetaires, Thierry Cotillard.<strong> Les supermarch\u00e9s d\u2019Auchan repr\u00e9sentent deux points de part de march\u00e9<\/strong>, et les Mousquetaires visent 20% en 2028, a-t-il soulign\u00e9 (contre 17,7% en octobre selon Kantar Worldpanel).<\/p>\n<p class=\"fs-5 \">Auchan, qui a repris en 2024 pr\u00e8s de 100 magasins Casino, vient de c\u00e9der 19 magasins \u00e0 Lidl, dont 9 ex-Casino.<\/p>\n","protected":false},"excerpt":{"rendered":"En difficult\u00e9, Auchan pr\u00e9voit de basculer en franchise, sous banni\u00e8re Intermarch\u00e9 et Netto, ses quelque 300 supermarch\u00e9s, un\u00a0\u00ab\u00a0nouveau&hellip;\n","protected":false},"author":2,"featured_media":560428,"comment_status":"","ping_status":"","sticky":false,"template":"","format":"standard","meta":{"footnotes":""},"categories":[6],"tags":[35,33,34,1011,27],"class_list":{"0":"post-560427","1":"post","2":"type-post","3":"status-publish","4":"format-standard","5":"has-post-thumbnail","7":"category-economie","8":"tag-business","9":"tag-economie","10":"tag-economy","11":"tag-fr","12":"tag-france"},"share_on_mastodon":{"url":"https:\/\/pubeurope.com\/@fr\/115617182837934156","error":""},"_links":{"self":[{"href":"https:\/\/www.europesays.com\/fr\/wp-json\/wp\/v2\/posts\/560427","targetHints":{"allow":["GET"]}}],"collection":[{"href":"https:\/\/www.europesays.com\/fr\/wp-json\/wp\/v2\/posts"}],"about":[{"href":"https:\/\/www.europesays.com\/fr\/wp-json\/wp\/v2\/types\/post"}],"author":[{"embeddable":true,"href":"https:\/\/www.europesays.com\/fr\/wp-json\/wp\/v2\/users\/2"}],"replies":[{"embeddable":true,"href":"https:\/\/www.europesays.com\/fr\/wp-json\/wp\/v2\/comments?post=560427"}],"version-history":[{"count":0,"href":"https:\/\/www.europesays.com\/fr\/wp-json\/wp\/v2\/posts\/560427\/revisions"}],"wp:featuredmedia":[{"embeddable":true,"href":"https:\/\/www.europesays.com\/fr\/wp-json\/wp\/v2\/media\/560428"}],"wp:attachment":[{"href":"https:\/\/www.europesays.com\/fr\/wp-json\/wp\/v2\/media?parent=560427"}],"wp:term":[{"taxonomy":"category","embeddable":true,"href":"https:\/\/www.europesays.com\/fr\/wp-json\/wp\/v2\/categories?post=560427"},{"taxonomy":"post_tag","embeddable":true,"href":"https:\/\/www.europesays.com\/fr\/wp-json\/wp\/v2\/tags?post=560427"}],"curies":[{"name":"wp","href":"https:\/\/api.w.org\/{rel}","templated":true}]}}