{"id":560430,"date":"2025-11-26T17:30:28","date_gmt":"2025-11-26T17:30:28","guid":{"rendered":"https:\/\/www.europesays.com\/fr\/560430\/"},"modified":"2025-11-26T17:30:28","modified_gmt":"2025-11-26T17:30:28","slug":"ses-promesses-exclusives-sil-est-maire","status":"publish","type":"post","link":"https:\/\/www.europesays.com\/fr\/560430\/","title":{"rendered":"ses promesses exclusives s&rsquo;il est maire"},"content":{"rendered":"<p>                    Par<br \/>\n        <strong><br \/>\n            <a href=\"https:\/\/actu.fr\/auteur\/anthony-soudani\" title=\"Consulter tous les articles de Anthony Soudani\" target=\"_blank\" rel=\"noopener\">Anthony Soudani<\/a><br \/>\n                    <\/strong><\/p>\n<p>        Publi\u00e9 le<\/p>\n<p>            26 nov. 2025 \u00e0 16h33        <\/p>\n<p><strong>EXCLUSIF. Jean-Michel Aulas<\/strong> est le grand favori des \u00e9lections municipales 2026 \u00e0 Lyon. \u00c0 en croire les <a href=\"https:\/\/actu.fr\/auvergne-rhone-alpes\/lyon_69123\/sondage-municipales-2026-a-lyon-la-vague-jean-michel-aulas-submerge-gregory-doucet_63465741.html\" target=\"_blank\" rel=\"noopener\">r\u00e9cents sondages<\/a>, l\u2019ex-pr\u00e9sident de l\u2019<a href=\"https:\/\/actu.fr\/auvergne-rhone-alpes\/lyon_69123\/l-ol-rentre-de-son-match-en-avion-le-trajet-de-30-minutes-epingle-ce-monde-est-fini_63484227.html\" target=\"_blank\" rel=\"noopener\">Olympique lyonnais<\/a> est loin devant le maire \u00e9cologiste sortant, <strong>Gr\u00e9gory Doucet<\/strong>. Le candidat de Coeur Lyonnais, qui r\u00e9uni la droite, le centre et la soci\u00e9t\u00e9 civile, accorde \u00e0 actu Lyon une interview exclusive \u00e0 l\u2019occasion de l\u2019inauguration de son QG de campagne dans le 3e arrondissement de <a href=\"https:\/\/actu.fr\/lyon\/\" target=\"_blank\" rel=\"noopener\">Lyon<\/a>.\u00a0<\/p>\n<p class=\" wall-content\">Son principal adversaire, ses premi\u00e8res promesses, ses ambitions m\u00e9tropolitaines, la F\u00eate des Lumi\u00e8res\u2026 <a href=\"https:\/\/actu.fr\/auvergne-rhone-alpes\/lyon_69123\/exclusif-lyon-jean-michel-aulas-repond-sechement-a-la-demande-d-un-debat-de-gregory-doucet_63484770.html\" target=\"_blank\" rel=\"noopener\">Jean-Michel Aulas<\/a> r\u00e9pond \u00e0 nos questions.<\/p>\n<p>Aulas demande un audit ind\u00e9pendant \u00e0 Doucet pour d\u00e9battre<\/p>\n<p class=\"ac-article-content__question wall-content\"><strong class=\"color-primary\">Actu : <\/strong>On va commencer par votre campagne. Trois sondages successifs cet automne vous placent comme le favori au premier tour, avec 47 % d\u2019intentions de vote, et largement gagnant devant Gr\u00e9gory Doucet au second. \u00c7a y est, vous avez d\u00e9j\u00e0 gagn\u00e9 ?<\/p>\n<p class=\" wall-content\"><strong class=\"color-primary\">Jean-Michel Aulas : <\/strong>Non. Vous savez, j\u2019ai une carri\u00e8re sportive, aussi d\u2019encadrant de groupes sportifs, de dirigeant \u00e0 la f\u00e9d\u00e9ration. Je sais que, dans toutes les comp\u00e9titions, ce qui compte, c\u2019est la ligne d\u2019arriv\u00e9e.<\/p>\n<p>Mais c\u2019est vrai qu\u2019au-del\u00e0 des sondages, qui sont ce qu\u2019ils sont (m\u00eame si c\u2019est mieux lorsqu\u2019ils sont positifs), il y a un enthousiasme au sein de la ville qui est tout \u00e0 fait \u00e9tonnant et qui donne de l\u2019\u00e9nergie. <\/p>\n<p>Je vois ces signaux comme positifs, comme des encouragements. Je ne vois rien de d\u00e9finitif : ce n\u2019est qu\u2019un point de passage. On va faire en sorte d\u2019acc\u00e9l\u00e9rer. On a annonc\u00e9 des mesures extr\u00eamement innovantes sur un certain nombre de sujets, en particulier la s\u00e9curit\u00e9 et la place des femmes.<\/p>\n<p>On a aussi innov\u00e9 en parlant d\u2019union. Les partis politiques ne sont pas toujours pr\u00eats \u00e0 dispara\u00eetre au profit d\u2019une union, et pour moi, \u00e7a a \u00e9t\u00e9 le point central de cette premi\u00e8re partie de campagne.<\/p>\n<p class=\"ac-article-content__question wall-content\">Certains disent que vous survolez la campagne. Est-ce que vous comptez rester un peu en orbite jusqu\u2019aux \u00e9lections de mars, ou allez-vous entrer dans l\u2019ar\u00e8ne, notamment pour d\u00e9battre ? Gr\u00e9gory Doucet vous a propos\u00e9 un d\u00e9bat avant No\u00ebl. Quelle est votre r\u00e9ponse ?<\/p>\n<p class=\" wall-content\"><strong class=\"color-primary\">J-M. A. : <\/strong>J\u2019ai \u00e9t\u00e9 tr\u00e8s surpris que Gr\u00e9gory Doucet, qui me parle pratiquement jamais alors qu\u2019on a des milliers d\u2019occasions de se croiser, propose cela. Il ne venait pas souvent au foot, mais quand m\u00eame. Et en ce moment, je fais \u00e9norm\u00e9ment de visites : associations, rencontres\u2026 Je suis pr\u00e9sent l\u00e0 o\u00f9 on m\u2019attend.<\/p>\n<p>Je ne suis pas contre le d\u00e9bat. Mais on est fin novembre, le scrutin est en mars, et en ce moment, dans aucune commune de France, il n\u2019y a de d\u00e9bat. Avant de d\u00e9battre, il faut \u00e9couter les Lyonnaises et les Lyonnais, et c\u2019est ce que je fais. Le d\u00e9bat viendra, en son temps.\u00a0Je suis pour le d\u00e9bat mais, comme vous le savez, Gr\u00e9gory Doucet et Bruno Bernard ont tendance \u00e0 qualifier de fake news ce qui est dit par celles et ceux qui ne sont pas d\u2019accord avec eux.<\/p>\n<p>Donc, je propose tr\u00e8s officiellement \u00e0 Gr\u00e9gory Doucet et Bruno Bernard de faire r\u00e9aliser un audit ind\u00e9pendant, tr\u00e8s pr\u00e9cis : ce qui a \u00e9t\u00e9 fait, ce qui ne l\u2019a pas \u00e9t\u00e9, ce que \u00e7a a co\u00fbt\u00e9, ce qui aurait pu \u00eatre fait. Ensuite, faisons un d\u00e9bat bas\u00e9 sur des \u00e9l\u00e9ments r\u00e9els. Qu\u2019on ne dise pas \u201con a fait ceci\u201d quand ce n\u2019est pas totalement vrai, ou qu\u2019on donne des taux de pollution qui ne correspondent pas \u00e0 la r\u00e9alit\u00e9.<\/p>\n<p>    <img   decoding=\"async\" loading=\"lazy\" src=\"https:\/\/www.europesays.com\/fr\/wp-content\/uploads\/2025\/11\/aulas-lyon-2-960x640.jpg\" alt=\"Jean-Michel Aulas, candidat aux \u00e9lections municipales 2026 \u00e0 Lyon, est donn\u00e9 favori par les sondages.\" width=\"960\" height=\"640\"\/><br \/>\n    Jean-Michel Aulas, candidat aux \u00e9lections municipales 2026 \u00e0 Lyon, est donn\u00e9 favori par les sondages. (\u00a9Anthony Soudani \/ actu Lyon)<\/p>\n<p class=\"ac-article-content__question wall-content\">Lui et ses soutiens disent que vous fuyez le d\u00e9bat. Que vous ne le voulez pas&#8230;<\/p>\n<p class=\" wall-content\"><strong class=\"color-primary\">J-M. A. : <\/strong>Je ne suis pas du tout d\u2019accord. D\u00e8s qu\u2019on a des \u00e9l\u00e9ments concrets issus d\u2019un organisme ind\u00e9pendant \u2013 audit financier, audit \u00e9cologique, audit social \u2013 je suis pr\u00eat. J\u2019ai beaucoup de choses \u00e0 dire sur le social. Un audit ind\u00e9pendant permettra d\u2019avoir des chiffres objectifs, sur lesquels on pourra d\u00e9battre.<\/p>\n<p>Donc oui, je suis pour le d\u00e9bat et j\u2019ai d\u2019ailleurs accept\u00e9 l\u2019invitation qui m\u2019a \u00e9t\u00e9 faite par vos confr\u00e8res de BFM (en partenariat avec actu Lyon, NDLR) pour d\u00e9battre la semaine du 23 f\u00e9vrier prochain.\u00a0<\/p>\n<p>Votre r\u00e9gion, votre actu !<\/p>\n<p>Recevez chaque jour les infos qui comptent pour vous.<\/p>\n<p>\t<a href=\"https:\/\/actu.fr\/newsletter\" class=\"ac-btn ac-btn--corner ac-btn--medium ac-btn--blue800\" target=\"_blank\" rel=\"noopener\">S&rsquo;incrire<\/a><br \/>\n\u00ab\u00a0Comme beaucoup de Lyonnais, je suis d\u00e9\u00e7u de Gr\u00e9gory Doucet\u00a0\u00bb<\/p>\n<p class=\"ac-article-content__question wall-content\">Le maire de Lyon et Bruno Bernard vous qualifient souvent de \u00ab\u00a0menteur, populiste, trumpiste\u00a0\u00bb. Ils disent \u00eatre \u201cle camp de la v\u00e9rit\u00e9\u201d. Il y a 24 heures, Gr\u00e9gory Doucet \u00e9crivait que vous \u201cfabriquez le doute\u201d. Quelle est votre r\u00e9ponse \u00e0 ces attaques r\u00e9p\u00e9t\u00e9es ?<\/p>\n<p class=\" wall-content\"><strong class=\"color-primary\">J-M. A. : <\/strong>Je ne suis pas v\u00e9h\u00e9ment. Je suis quelqu\u2019un de raisonn\u00e9, qui a travaill\u00e9 toute sa vie \u00e0 construire des r\u00e9sultats : \u00e9conomiques, sportifs, sociaux, avec des choses attest\u00e9es. D\u2019ailleurs, la r\u00e9action des Lyonnais, dans toutes les cat\u00e9gories, le montre. Dans les derniers sondages, on voit par exemple que je suis populaire dans le monde ouvrier.<\/p>\n<p>Donc oui, ce qu\u2019ils disent est tr\u00e8s m\u00e9chant. Et pour \u00e9viter ce d\u00e9bat st\u00e9rile sur \u201cc\u2019est vrai\/c\u2019est pas vrai\u201d, faisons un audit : financier, social, \u00e9cologique. L\u2019\u00e9cologie, ce n\u2019est pas seulement \u201cfaire des pistes cyclables en b\u00e9ton\u201d.<\/p>\n<p class=\"ac-article-content__question wall-content\">Vous utilisez des termes forts : \u201cd\u00e9cadence\u201d, \u201cd\u00e9croissance\u201d, \u201cville d\u00e9figur\u00e9e\u201d. Gr\u00e9gory Doucet dit que vous insultez les Lyonnais en parlant ainsi. Est-ce que vous allez trop loin ? Pourquoi utiliser ces mots ?<\/p>\n<p class=\" wall-content\"><strong class=\"color-primary\">J-M. A. : <\/strong>Parfois, on r\u00e9agit \u00e0 des choses tr\u00e8s concr\u00e8tes. Je viens de passer quinze jours \u00e0 rencontrer les associations de Lyon. Certains repr\u00e9sentants d\u2019associations de personnes handicap\u00e9es sont pr\u00e9sents ce soir. Ils expliquent qu\u2019on n\u2019a pas tenu compte de leurs demandes pour permettre le passage de leurs fauteuils, bloqu\u00e9s par certaines pistes cyclables.<\/p>\n<p>Et sur le plan social, l\u00e0 o\u00f9 beaucoup attendaient beaucoup de ceux qui avaient des convictions (environnementales, croyait-on, puis sociales), on est tr\u00e8s d\u00e9\u00e7us.<\/p>\n<p class=\"ac-article-content__question wall-content\">Vous avez \u00e9t\u00e9 d\u00e9\u00e7u par Gr\u00e9gory Doucet ?<\/p>\n<p class=\" wall-content\"><strong class=\"color-primary\">J-M. A. : <\/strong>Oui, comme beaucoup de Lyonnais, je suis d\u00e9\u00e7u. On avait le sentiment d\u2019une \u00e9quipe de bonne volont\u00e9, avec une approche sociale et une promesse d\u2019attractivit\u00e9 \u00e9conomique. Mais cela ne s\u2019est pas v\u00e9rifi\u00e9. La ville a recul\u00e9. Des entreprises qui auraient pu venir ne sont pas venues.<\/p>\n<p>    <img   decoding=\"async\" loading=\"lazy\" src=\"https:\/\/www.europesays.com\/fr\/wp-content\/uploads\/2025\/11\/aulas-lyon-10-960x640.jpg\" alt=\"Jean-Michel Aulas, candidat aux \u00e9lections municipales 2026 \u00e0 Lyon, est donn\u00e9 favori par les sondages.\" width=\"960\" height=\"640\"\/><br \/>\n    Jean-Michel Aulas, candidat aux \u00e9lections municipales 2026 \u00e0 Lyon, est donn\u00e9 favori par les sondages. (\u00a9Anthony Soudani \/ actu Lyon)Une promesse de parit\u00e9 et de 50% de soci\u00e9t\u00e9 civile sur les listes<\/p>\n<p class=\"ac-article-content__question wall-content\">On a vu vous rejoindre des \u00e9lus LR, Horizons, Renaissance, un ancien maire \u00e9cologiste du 9\u1d49 arrondissement\u2026 Plusieurs partis sont \u00e0 vos c\u00f4t\u00e9s et vous avez \u00e9galement de la soci\u00e9t\u00e9 civile dans votre \u00e9quipe. Quelle place occupe la soci\u00e9t\u00e9 civile dans votre campagne, et quelle place aura-t-elle si vous \u00eates \u00e9lu ?<\/p>\n<p class=\" wall-content\"><strong class=\"color-primary\">J-M. A. : <\/strong>Alors d\u2019abord, sur la question des 50 % de soci\u00e9t\u00e9 civile : c\u2019est une obligation, parce que c\u2019est ce qui nous lie avec les partis. Pour vous donner une id\u00e9e : sur LinkedIn, en trois mois, nous avons re\u00e7u 27 000 offres de collaboration venant de la soci\u00e9t\u00e9 civile.<\/p>\n<p>Donc oui, l\u2019implication de la soci\u00e9t\u00e9 civile est un engagement total. De la m\u00eame mani\u00e8re, dans l\u2019union, nous voulons une parit\u00e9 int\u00e9grale. <\/p>\n<p>Soci\u00e9t\u00e9 civile, union des partis, pas d\u2019extr\u00eames, parit\u00e9 renforc\u00e9e : ce sont des th\u00e8mes qui int\u00e9ressent beaucoup les Lyonnais, et beaucoup les jeunes. Je suis tr\u00e8s heureux de voir \u00e9norm\u00e9ment de jeunes qui rejoignent cette dynamique.<\/p>\n<p>\u00ab\u00a0Mon premier adjoint sera une femme\u00a0\u00bb<\/p>\n<p class=\"ac-article-content__question wall-content\">En cas d&rsquo;\u00e9lection, votre premier adjoint \u2014 ou premi\u00e8re adjointe \u2014 sera-t-il\/elle issu(e) de la soci\u00e9t\u00e9 civile ?<\/p>\n<p class=\" wall-content\"><strong class=\"color-primary\">J-M. A. : <\/strong>C\u2019est une bonne question. Pour le moment, nous n\u2019avons pas tranch\u00e9. Je sais que ce sera une femme. Mais nous choisirons d\u2019abord la comp\u00e9tence, avant de regarder si elle vient de la politique ou de la soci\u00e9t\u00e9 civile. Donc ce n\u2019est pas encore d\u00e9cid\u00e9.<\/p>\n<p>Aulas renonce bien \u00e0 ses indemnit\u00e9s : \u00ab\u00a0J\u2019ai pr\u00e9vu d\u2019\u00eatre maire \u00e0 plein temps\u00a0\u00bb<\/p>\n<p class=\"ac-article-content__question wall-content\">Quel maire serez-vous si vous \u00eates \u00e9lu en mars ?<\/p>\n<p class=\" wall-content\"><strong class=\"color-primary\">J-M. A. : <\/strong>Pour \u00eatre un bon maire, il faut \u00eatre \u00e0 l\u2019\u00e9coute. L\u2019empathie, l\u2019\u00e9coute, la construction, l\u2019\u00e9change, la n\u00e9gociation, savoir \u00e9couter les autres : c\u2019est essentiel. Je viens de rencontrer presque toutes les associations de la ville. J\u2019ai beaucoup appris. Je serai un maire proche du terrain, qui d\u00e9l\u00e8gue, qui \u00e9coute avant de d\u00e9cider, et qui s\u2019investit \u00e0 100 %.<\/p>\n<p class=\"ac-article-content__question wall-content\">Vous renoncerez bien \u00e0 vos indemnit\u00e9s et au cabinet du maire ?<\/p>\n<p class=\" wall-content\"><strong class=\"color-primary\">J-M. A. : <\/strong>Pour les indemnit\u00e9s : oui, j\u2019y renonce totalement. Et avec les \u00e9conomies d\u00e9gag\u00e9es, j\u2019ai d\u00e9j\u00e0 cibl\u00e9 deux destinations : un grand h\u00f4pital lyonnais (j\u2019avais \u00e9voqu\u00e9 le centre L\u00e9on B\u00e9rard) et une association pour la jeunesse et les quartiers : Sport dans la Ville, une association remarquable depuis plus de vingt ans.<\/p>\n<p>Pour le cabinet du maire : il y aura un cabinet, mais pas un cabinet politique comme aujourd\u2019hui. Il y aura un Directeur g\u00e9n\u00e9ral des services, comme partout, et les comp\u00e9tences n\u00e9cessaires autour de lui. Peut-\u00eatre un cabinet de communication, de transmission, mais pas un cabinet politique avec directeur adjoint, charg\u00e9s de mission, etc.<\/p>\n<p class=\"ac-article-content__question wall-content\">Vos adversaires disent que vous serez \u00ab maire \u00e0 mi-temps \u00bb, que vous n\u2019assisterez pas \u00e0 tous les conseils municipaux&#8230;<\/p>\n<p class=\" wall-content\"><strong class=\"color-primary\">J-M. A. : <\/strong>J\u2019ai pr\u00e9vu d\u2019\u00eatre maire \u00e0 plein temps. J\u2019annoncerai aussi que je m\u2019investirai fortement \u00e0 la M\u00e9tropole. Ce n\u2019est pas une r\u00e9flexion de derni\u00e8re minute : c\u2019est un engagement total.<br \/>Je suis totalement d\u00e9di\u00e9 aux Lyonnais. Beaucoup de choses ne vont pas. Interrogez les pompiers, les taxis, les ambulanciers, les conducteurs de bus\u2026 Tout cela demande une pr\u00e9sence intense.<\/p>\n<p>De possibles conflits d\u2019int\u00e9r\u00eats, il r\u00e9pond<\/p>\n<p class=\"ac-article-content__question wall-content\">Et vous promettez de faire un seul mandat, est-ce bien vrai ? <\/p>\n<p class=\" wall-content\"><strong class=\"color-primary\">J-M. A. : <\/strong>Oui, je m\u2019y engage totalement. Il faut \u00eatre raisonnable. Nous aurons une vision \u00e0 15 ans pour la ville et la m\u00e9tropole : innovation, d\u00e9veloppement \u00e9conomique, entreprises durables, sant\u00e9, etc.<\/p>\n<p class=\"ac-article-content__question wall-content\">Les \u00e9cologistes \u00e9voquent un risque de conflits d\u2019int\u00e9r\u00eats (OL, LDLC Arena, entreprises dans lesquelles vous avez eu des int\u00e9r\u00eats). Comment rassurer les Lyonnais ?<\/p>\n<p class=\" wall-content\"><strong class=\"color-primary\">J-M. A. : <\/strong>J\u2019ai pr\u00e9sid\u00e9 quatre soci\u00e9t\u00e9s cot\u00e9es en bourse. Le premier sujet dans ce contexte, c\u2019est d\u2019\u00e9viter les conflits d\u2019int\u00e9r\u00eats. La r\u00e8gle est simple : si un risque existe, je ne participerai pas \u00e0 la d\u00e9cision. C\u2019est ce que nous faisons dans les entreprises cot\u00e9es : administrateurs ind\u00e9pendants, proc\u00e9dures strictes. Nous appliquerons la m\u00eame chose.<\/p>\n<p>    <img   decoding=\"async\" loading=\"lazy\" src=\"https:\/\/www.europesays.com\/fr\/wp-content\/uploads\/2025\/11\/aulas-lyon-interview-4-960x640.jpg\" alt=\"Jean-Michel Aulas, candidat aux \u00e9lections municipales 2026 \u00e0 Lyon, est donn\u00e9 favori par les sondages.\" width=\"960\" height=\"640\"\/><br \/>\n    Jean-Michel Aulas, candidat aux \u00e9lections municipales 2026 \u00e0 Lyon, est donn\u00e9 favori par les sondages. (\u00a9Anthony Soudani \/ actu Lyon)\u00ab\u00a0L\u2019objectif sera de faire la plus belle F\u00eate des Lumi\u00e8res d\u2019Europe, peut-\u00eatre du monde\u00a0\u00bb<\/p>\n<p class=\"ac-article-content__question wall-content\">Vos soutiens d\u00e9noncent une \u00e9dition \u00ab rabougrie \u00bb de la F\u00eate des Lumi\u00e8res 2025. Si vous \u00eates \u00e9lu, quelle sera votre ambition pour cet \u00e9v\u00e9nement ?<\/p>\n<p class=\" wall-content\"><strong class=\"color-primary\">J-M. A. : <\/strong>Pour nous, la culture est fondamentale, et la F\u00eate des Lumi\u00e8res est une symbolique majeure. Si nous avons la chance de diriger la ville, nous renforcerons tr\u00e8s largement les budgets de l&rsquo;\u00e9v\u00e9nement.<\/p>\n<p>Nous voulons en refaire une f\u00eate internationale, comme \u00e0 l\u2019\u00e9poque de G\u00e9rard Collomb, voire mieux. Nous avons de bonnes relations avec les grandes institutions et les industriels de la lumi\u00e8re, en France comme \u00e0 l\u2019\u00e9tranger. Nous trouverons les ressources.<\/p>\n<p>L\u2019objectif sera de faire la plus belle F\u00eate des Lumi\u00e8res d\u2019Europe, peut-\u00eatre du monde. Il faudra aussi ne pas imposer des co\u00fbts insupportables aux commer\u00e7ants, d\u00e9j\u00e0 tr\u00e8s affect\u00e9s par la ZTL (Zone \u00e0 trafic limit\u00e9).<\/p>\n<p>Aulas affirme qu\u2019il ne supprimera la ZTL\u2026 mais la modifiera<\/p>\n<p class=\"ac-article-content__question wall-content\">D&rsquo;ailleurs, concernant la Zone \u00e0 trafic limit\u00e9, souhaitez-vous la supprimer comme votre alli\u00e9e \u00e0 la M\u00e9tropole de Lyon, V\u00e9ronique Sarselli (LR) ?<\/p>\n<p class=\" wall-content\"><strong class=\"color-primary\">J-M. A. : <\/strong>Non. Je suis quelqu\u2019un de raisonnable. On ne va pas d\u00e9faire pour d\u00e9faire. Mais il faudra un audit, arrondissement par arrondissement. Interroger les commer\u00e7ants, les usagers, les chauffeurs de bus, les riverains&#8230; On ne va pas jeter l\u2019argent par les fen\u00eatres : certaines choses seront conserv\u00e9es, d\u2019autres modifi\u00e9es.<\/p>\n<p class=\"ac-article-content__question wall-content\">Donc, vous ne supprimerez pas la ZTL, mais vous la modifierez si vous \u00eates \u00e9lu ?<\/p>\n<p class=\" wall-content\"><strong class=\"color-primary\">J-M. A. : <\/strong>Exactement. Par exemple, refaire passer les bus rue de la R\u00e9publique jusqu\u2019\u00e0 l\u2019H\u00f4tel de Ville : oui, c\u2019est logique. La rue Grenette est indispensable aussi. Beaucoup de choses devront \u00eatre revues, mais avec les usagers. Je pense qu\u2019on doit pouvoir rouvrir la circulation automobile dans certains cas, mais ce sera d\u00e9cid\u00e9 avec les habitants.<\/p>\n<p class=\"ac-article-content__question wall-content\">La rue Grenette vous la rouvrez au trafic automobile ?<\/p>\n<p class=\" wall-content\"><strong class=\"color-primary\">J-M. A. : <\/strong>Je pense qu&rsquo;il faut le faire et ce seront des d\u00e9cisions \u00e0 prendre avec les usagers.<\/p>\n<p class=\"ac-article-content__question wall-content\">Continuerez-vous \u00e0 cr\u00e9er de nouvelles pistes cyclables ?<\/p>\n<p class=\" wall-content\"><strong class=\"color-primary\">J-M. A. : <\/strong>Bien s\u00fbr. On n\u2019est pas anti-v\u00e9lo. Les pistes les plus utilis\u00e9es sont celles cr\u00e9\u00e9es par G\u00e9rard Collomb. Mais il faut de la s\u00e9curit\u00e9 : pas de trottinettes \u00e0 contresens, une police de terrain renforc\u00e9e, les m\u00eames r\u00e8gles pour tous. Le v\u00e9lo ne doit pas devenir une religion impos\u00e9e \u00e0 tous.<\/p>\n<p>\u00c0 Bellecour : \u00ab\u00a0Je pense que la v\u00e9g\u00e9talisation est possible\u00a0\u00bb<\/p>\n<p class=\"ac-article-content__question wall-content\">Vous avez \u00e9voqu\u00e9 un projet de v\u00e9g\u00e9talisation de la place Bellecour tout en conservant le parking. Comment ?<\/p>\n<p class=\" wall-content\"><strong class=\"color-primary\">J-M. A. : <\/strong>C\u2019est pr\u00e9matur\u00e9 pour entrer dans les d\u00e9tails, mais vous aurez bient\u00f4t des explications d\u2019Alain Giordano qui nous a rejoint.<br \/>Il existe des solutions. Au d\u00e9part, la v\u00e9g\u00e9talisation \u00e9tait pr\u00e9vue, puis abandonn\u00e9e \u00e0 cause du parking, puis on a fait une \u0153uvre d\u2019art financ\u00e9e sur le budget culturel (participatif, NDLR).<br \/>Je pense que la v\u00e9g\u00e9talisation est possible. Nous d\u00e9taillerons cela.<\/p>\n<p class=\"ac-article-content__question wall-content\">Vous d\u00e9monterez donc Tissage urbain ?<\/p>\n<p class=\" wall-content\"><strong class=\"color-primary\">J-M. A. : <\/strong>C\u2019est pr\u00e9matur\u00e9. \u00c0 titre personnel, je ne la trouve pas tr\u00e8s r\u00e9ussie et je ne pense pas qu\u2019elle apporte beaucoup aux Lyonnais. Mais nous agirons avec mod\u00e9ration et bon sens.<\/p>\n<p>Des \u00e9tudes d\u00e8s 2026 pour un m\u00e9tro dans l\u2019est lyonnais<\/p>\n<p class=\"ac-article-content__question wall-content\">Sur les mobilit\u00e9s, vous \u00e9voquez la priorit\u00e9 de nouveaux m\u00e9tros. Une ligne dans l\u2019Est notamment. Quelle est votre vision sur le d\u00e9veloppement du m\u00e9tro dans la M\u00e9tropole et quelle est votre proposition ?<\/p>\n<p class=\" wall-content\"><strong class=\"color-primary\">J-M. A. : <\/strong>Le m\u00e9tro, c\u2019est l\u2019assurance-vie de nos mobilit\u00e9s. L\u00e0 o\u00f9 vivent pr\u00e8s de 1,5 million d&rsquo;habitants, il doit y avoir une offre structurante. Dans l\u2019Est, le retard est \u00e9vident : la population a explos\u00e9, l\u2019infrastructure n\u2019a pas suivi.<\/p>\n<p>Ma m\u00e9thode est claire : on lance d\u00e8s 2026 les \u00e9tudes d\u2019une ligne Est, on fixe un calendrier cr\u00e9dible, et on arr\u00eate les effets d\u2019annonce. Des m\u00e9tros l\u00e0 o\u00f9 il y a des besoins r\u00e9els. Lyon doit redevenir une m\u00e9tropole qui planifie, pas qui improvise.<\/p>\n<p>Supprimer l\u2019encadrement des loyers pour un nouveau \u00ab\u00a0dispositif\u00a0\u00bb<\/p>\n<p class=\"ac-article-content__question wall-content\">Vous souhaitez \u201cd\u00e9sencadrer les loyers\u201d, c\u2019est -\u00e0-dire ? Vous promettez de renoncer \u00e0 l\u2019encadrement des loyers d\u00e8s 2026 ?<\/p>\n<p class=\" wall-content\"><strong class=\"color-primary\">J-M. A. : <\/strong>L\u2019encadrement des loyers ne fait pas baisser les loyers : il fait baisser l\u2019offre, donc monter les tensions. Mon objectif n\u2019est pas de punir les propri\u00e9taires, mais de loger les Lyonnais.<\/p>\n<p>D\u00e9sencadrer, ce n\u2019est pas d\u00e9r\u00e9guler : c\u2019est remplacer un dispositif inefficace par un syst\u00e8me plus intelligent, charte de mod\u00e9ration obligatoire, contr\u00f4les cibl\u00e9s contre les abus, et surtout un plan massif de construction et de r\u00e9novation.<\/p>\n<p>On r\u00e9glera la crise du logement par plus d\u2019offre, plus de transparence et moins de complexit\u00e9.<\/p>\n<p>\u00ab\u00a0V\u00e9ronique Sarselli ambitionne d\u2019\u00eatre pr\u00e9sidente de la M\u00e9tropole\u00a0\u00bb<br \/>\n    <img   decoding=\"async\" loading=\"lazy\" src=\"https:\/\/www.europesays.com\/fr\/wp-content\/uploads\/2025\/11\/aulas-sarselli-960x640.jpg\" alt=\"Jean-Michel Aulas, candidat aux \u00e9lections municipales 2026 \u00e0 Lyon, est donn\u00e9 favori par les sondages.\" width=\"960\" height=\"640\"\/><br \/>\n    Jean-Michel Aulas et V\u00e9ronique Sarselli ont scell\u00e9 une alliance pour tenter de d\u00e9loger les \u00c9cologistes \u00e0 la t\u00eate de la M\u00e9tropole de Lyon. (\u00a9Anthony Soudani \/ actu Lyon)<\/p>\n<p class=\"ac-article-content__question wall-content\">Vous annoncez ce mardi une alliance m\u00e9tropolitaine avec V\u00e9ronique Sarselli et d\u2019autres mouvements, sous la marque \u00ab Grand C\u0153ur Lyonnais \u00bb. Quelle est votre vision de la M\u00e9tropole et comment comprendre cette alliance ?<\/p>\n<p class=\" wall-content\"><strong class=\"color-primary\">J-M. A. : <\/strong>C\u2019est une alliance de bon sens. Comme \u00e0 la mairie, avec C\u0153ur Lyonnais, nous faisons une alliance avec parit\u00e9 totale et engagement de ne pas s\u2019associer aux extr\u00eames, ni au premier ni au second tour. Ce serait bien que nos adversaires prennent le m\u00eame engagement.<\/p>\n<p>V\u00e9ronique Sarselli ambitionne d\u2019\u00eatre pr\u00e9sidente de la M\u00e9tropole. Elle sera soutenue par l\u2019ensemble de Grand C\u0153ur Lyonnais, sous une marque commune, avec une politique coh\u00e9rente et une majorit\u00e9 confortable pour diriger la mairie et la m\u00e9tropole, en harmonie avec les maires du territoire.<\/p>\n<p class=\" wall-content\"><strong>Propos recueillis par Nicolas Zaugra et Anthony Soudani<\/strong><\/p>\n<p class=\" wall-content\">Personnalisez votre actualit\u00e9 en ajoutant vos villes et m\u00e9dias en favori avec <a href=\"https:\/\/moncompte.actu.fr\" title=\"D\u00e9couvez Mon Actu\" rel=\"nofollow noopener\" data-trk=\"{&quot;cta&quot;:{&quot;action&quot;:&quot;https:\\\/\\\/moncompte.actu.fr&quot;,&quot;category&quot;:&quot;mon compte&quot;,&quot;from&quot;:&quot;article footer&quot;,&quot;name&quot;:&quot;Mon actu&quot;,&quot;type&quot;:&quot;cta&quot;}}\" target=\"_blank\">Mon Actu<\/a>.<\/p>\n","protected":false},"excerpt":{"rendered":"Par Anthony Soudani Publi\u00e9 le 26 nov. 2025 \u00e0 16h33 EXCLUSIF. Jean-Michel Aulas est le grand favori des&hellip;\n","protected":false},"author":2,"featured_media":560431,"comment_status":"","ping_status":"","sticky":false,"template":"","format":"standard","meta":{"footnotes":""},"categories":[4],"tags":[11,4188,1011,27,5226,5227,3434,12,316,25],"class_list":{"0":"post-560430","1":"post","2":"type-post","3":"status-publish","4":"format-standard","5":"has-post-thumbnail","7":"category-france","8":"tag-actualites","9":"tag-elections-municipales","10":"tag-fr","11":"tag-france","12":"tag-gregory-doucet","13":"tag-jean-michel-aulas","14":"tag-municipales-2026","15":"tag-news","16":"tag-politique","17":"tag-republique-francaise"},"share_on_mastodon":{"url":"https:\/\/pubeurope.com\/@fr\/115617191693220730","error":""},"_links":{"self":[{"href":"https:\/\/www.europesays.com\/fr\/wp-json\/wp\/v2\/posts\/560430","targetHints":{"allow":["GET"]}}],"collection":[{"href":"https:\/\/www.europesays.com\/fr\/wp-json\/wp\/v2\/posts"}],"about":[{"href":"https:\/\/www.europesays.com\/fr\/wp-json\/wp\/v2\/types\/post"}],"author":[{"embeddable":true,"href":"https:\/\/www.europesays.com\/fr\/wp-json\/wp\/v2\/users\/2"}],"replies":[{"embeddable":true,"href":"https:\/\/www.europesays.com\/fr\/wp-json\/wp\/v2\/comments?post=560430"}],"version-history":[{"count":0,"href":"https:\/\/www.europesays.com\/fr\/wp-json\/wp\/v2\/posts\/560430\/revisions"}],"wp:featuredmedia":[{"embeddable":true,"href":"https:\/\/www.europesays.com\/fr\/wp-json\/wp\/v2\/media\/560431"}],"wp:attachment":[{"href":"https:\/\/www.europesays.com\/fr\/wp-json\/wp\/v2\/media?parent=560430"}],"wp:term":[{"taxonomy":"category","embeddable":true,"href":"https:\/\/www.europesays.com\/fr\/wp-json\/wp\/v2\/categories?post=560430"},{"taxonomy":"post_tag","embeddable":true,"href":"https:\/\/www.europesays.com\/fr\/wp-json\/wp\/v2\/tags?post=560430"}],"curies":[{"name":"wp","href":"https:\/\/api.w.org\/{rel}","templated":true}]}}