{"id":560453,"date":"2025-11-26T17:44:10","date_gmt":"2025-11-26T17:44:10","guid":{"rendered":"https:\/\/www.europesays.com\/fr\/560453\/"},"modified":"2025-11-26T17:44:10","modified_gmt":"2025-11-26T17:44:10","slug":"grenoble-un-homme-de-24-ans-blesse-par-balles-secouru-par-les-pompiers","status":"publish","type":"post","link":"https:\/\/www.europesays.com\/fr\/560453\/","title":{"rendered":"Grenoble. Un homme de 24 ans bless\u00e9 par balles secouru par les pompiers"},"content":{"rendered":"<p>                    Par<br \/>\n        <strong><br \/>\n            <a href=\"https:\/\/actu.fr\/auteur\/lisa-rodrigues\" title=\"Consulter tous les articles de Lisa Rodrigues\" target=\"_blank\" rel=\"noopener\">Lisa Rodrigues<\/a><br \/>\n                    <\/strong><\/p>\n<p>        Publi\u00e9 le<\/p>\n<p>            26 nov. 2025 \u00e0 18h06        <\/p>\n<p>Un nouveau bless\u00e9 par balles dans l\u2019agglom\u00e9ration de <a href=\"https:\/\/actu.fr\/auvergne-rhone-alpes\/grenoble_38185\" target=\"_blank\" rel=\"noopener\">Grenoble<\/a>. Cette fois-ci, la victime s\u2019est fait conna\u00eetre en <strong>se rendant directement au centre op\u00e9rationnel du SDIS <\/strong>(Service d\u00e9partemental d\u2019incendie et de secours) de l\u2019Is\u00e8re, rue Ren\u00e9-Camphin \u00e0 <a href=\"https:\/\/actu.fr\/auvergne-rhone-alpes\/fontaine_38169\" target=\"_blank\" rel=\"noopener\">Fontaine<\/a>, mercredi 26 novembre, peu avant 11 heures.<\/p>\n<p>    <a href=\"https:\/\/www.google.com\/maps\/embed?pb=!1m18!1m12!1m3!1d836.0178282086312!2d5.682947838328483!3d45.18674038738321!2m3!1f0!2f0!3f0!3m2!1i1024!2i768!4f13.1!3m3!1m2!1s0x478af30e06f323b7%3A0x988800dd0ae891ce!2s%C3%89tat-major%20du%20Service%20D%C3%A9partemental%20d%27Incendie%20et%20de%20Secours%20de%20l%27Is%C3%A8re!5e0!3m2!1sfr!2sfr!4v1764174963869!5m2!1sfr!2sfr\" title=\"Ouvrie le lien\" target=\"_blank\" rel=\"noopener\">Cliquez ici pour visualiser le contenu<\/a><\/p>\n<p class=\" wall-content\">L\u2019individu, un <strong>homme de 24 ans<\/strong>, pr\u00e9sentait une blessure par balles \u00e0 la cuisse droite, d\u2019apr\u00e8s la Direction interd\u00e9partementale de la police nationale.<\/p>\n<p>Pas de pronostic vital engag\u00e9<\/p>\n<p class=\" wall-content\">Sur place, la victime ne donne aucune information concernant les circonstances de sa blessure. L\u2019homme contacte \u00e9galement des amis, qui se rendent dans la foul\u00e9e au si\u00e8ge des pompiers is\u00e9rois.\u00a0<\/p>\n<p class=\" wall-content\">Le bless\u00e9 sera finalement conduit au <a href=\"https:\/\/actu.fr\/tag\/chu-grenoble-alpes\" target=\"_blank\" rel=\"noopener\">CHU Grenoble-Alpes<\/a> au service d\u00e9chocage, sans que son pronostic vital soit engag\u00e9.<\/p>\n<p class=\" wall-content\">Personnalisez votre actualit\u00e9 en ajoutant vos villes et m\u00e9dias en favori avec <a href=\"https:\/\/moncompte.actu.fr\" title=\"D\u00e9couvez Mon Actu\" rel=\"nofollow noopener\" data-trk=\"{&quot;cta&quot;:{&quot;action&quot;:&quot;https:\\\/\\\/moncompte.actu.fr&quot;,&quot;category&quot;:&quot;mon compte&quot;,&quot;from&quot;:&quot;article footer&quot;,&quot;name&quot;:&quot;Mon actu&quot;,&quot;type&quot;:&quot;cta&quot;}}\" target=\"_blank\">Mon Actu<\/a>.<\/p>\n","protected":false},"excerpt":{"rendered":"Par Lisa Rodrigues Publi\u00e9 le 26 nov. 2025 \u00e0 18h06 Un nouveau bless\u00e9 par balles dans l\u2019agglom\u00e9ration de&hellip;\n","protected":false},"author":2,"featured_media":560454,"comment_status":"","ping_status":"","sticky":false,"template":"","format":"standard","meta":{"footnotes":""},"categories":[9566],"tags":[1111,11,2430,1777,674,118,1011,27,2731,12,1072,1311,25],"class_list":{"0":"post-560453","1":"post","2":"type-post","3":"status-publish","4":"format-standard","5":"has-post-thumbnail","7":"category-grenoble","8":"tag-actu","9":"tag-actualites","10":"tag-auvergne-rhone-alpes","11":"tag-eu","12":"tag-europe","13":"tag-faits-divers","14":"tag-fr","15":"tag-france","16":"tag-grenoble","17":"tag-news","18":"tag-police","19":"tag-pompiers","20":"tag-republique-francaise"},"share_on_mastodon":{"url":"https:\/\/pubeurope.com\/@fr\/115617245846045675","error":""},"_links":{"self":[{"href":"https:\/\/www.europesays.com\/fr\/wp-json\/wp\/v2\/posts\/560453","targetHints":{"allow":["GET"]}}],"collection":[{"href":"https:\/\/www.europesays.com\/fr\/wp-json\/wp\/v2\/posts"}],"about":[{"href":"https:\/\/www.europesays.com\/fr\/wp-json\/wp\/v2\/types\/post"}],"author":[{"embeddable":true,"href":"https:\/\/www.europesays.com\/fr\/wp-json\/wp\/v2\/users\/2"}],"replies":[{"embeddable":true,"href":"https:\/\/www.europesays.com\/fr\/wp-json\/wp\/v2\/comments?post=560453"}],"version-history":[{"count":0,"href":"https:\/\/www.europesays.com\/fr\/wp-json\/wp\/v2\/posts\/560453\/revisions"}],"wp:featuredmedia":[{"embeddable":true,"href":"https:\/\/www.europesays.com\/fr\/wp-json\/wp\/v2\/media\/560454"}],"wp:attachment":[{"href":"https:\/\/www.europesays.com\/fr\/wp-json\/wp\/v2\/media?parent=560453"}],"wp:term":[{"taxonomy":"category","embeddable":true,"href":"https:\/\/www.europesays.com\/fr\/wp-json\/wp\/v2\/categories?post=560453"},{"taxonomy":"post_tag","embeddable":true,"href":"https:\/\/www.europesays.com\/fr\/wp-json\/wp\/v2\/tags?post=560453"}],"curies":[{"name":"wp","href":"https:\/\/api.w.org\/{rel}","templated":true}]}}