{"id":560465,"date":"2025-11-26T17:50:25","date_gmt":"2025-11-26T17:50:25","guid":{"rendered":"https:\/\/www.europesays.com\/fr\/560465\/"},"modified":"2025-11-26T17:50:25","modified_gmt":"2025-11-26T17:50:25","slug":"farioli-ca-va-etre-un-match-ouvert-porto","status":"publish","type":"post","link":"https:\/\/www.europesays.com\/fr\/560465\/","title":{"rendered":"Farioli\u00a0: \u00ab\u00a0\u00c7a va \u00eatre un match ouvert \u00bb | Porto"},"content":{"rendered":"<p>\n                    Porto &#8211; Nice<\/p>\n<p>Ancien entra\u00eeneur du Gym, Francesco Farioli est \u00e0 la t\u00eate du FC Porto depuis cet \u00e9t\u00e9, <a href=\"https:\/\/www.ogcnice.com\/fr\/article\/129539\/et-maintenant-le-fc-porto.html\" target=\"_blank\" rel=\"noopener\">avec un sacr\u00e9 d\u00e9but d\u2019exercice \u00e0 son actif<\/a>. Le technicien italien a donn\u00e9 son avis sur l\u2019\u00e9quipe rouge et noir face \u00e0 la presse, avant le coup d\u2019envoi d\u2019un match comptant pour la 5\u00e8me journ\u00e9e de l\u2019Europa League (jeudi \u00e0 18h45).<\/p>\n<p>\u00ab\u00a0Je respecte ce que Nice fait, c\u2019est une tr\u00e8s bonne \u00e9quipe. Leur coach est l\u2019un des meilleurs entra\u00eeneurs fran\u00e7ais de la derni\u00e8re d\u00e9cennie. \u00a0La saison derni\u00e8re, il a amen\u00e9 l\u2019\u00e9quipe \u00e0 une qualification en (Q3 de) Champions League. Cette saison, si nous observons le court terme, nous pouvons voir un moment de difficult\u00e9. Mais c\u2019est un moment, et les moments difficiles peuvent arriver en football. Le match de demain sera assur\u00e9ment tr\u00e8s physique. Nice est une \u00e9quipe qui d\u00e9fend \u00ab\u00a0homme \u00e0 homme\u00a0\u00bb \u00e0 chaque instant, avec beaucoup de duels et beaucoup de possibilit\u00e9s de transitions. \u00c7a va \u00eatre un match ouvert entre deux \u00e9quipes qui voudront l\u2019emporter.\u00a0\u00bb<\/p>\n<p>\u00ab\u00a0Le score de leur dernier match contre Marseille (1-5) est un peu injuste, a poursuivi le technicien italien. Si vous analysez plus profond\u00e9ment, Nice aurait pu marquer 2 ou 3 buts en premi\u00e8re p\u00e9riode. Ils ont eu de grosses occasions de revenir dans le match. Quand vous ne le faites pas contre une \u00ab\u00a0top \u00e9quipe\u00a0\u00bb, vous pouvez en payer le prix. Mais je ne pense pas que les Ni\u00e7ois changent leur style et leurs principes contre nous. Nous devrons \u00eatre prudents, faire preuve de beaucoup de respect et d\u2019un grand d\u00e9sir d\u2019offrir une soir\u00e9e sp\u00e9ciale au stade du Drag\u00e3o. \u00bb<\/p>\n<p class=\"article_credit\">Source : conf\u00e9rence de presse du FC Porto<\/p>\n","protected":false},"excerpt":{"rendered":"Porto &#8211; Nice Ancien entra\u00eeneur du Gym, Francesco Farioli est \u00e0 la t\u00eate du FC Porto depuis cet&hellip;\n","protected":false},"author":2,"featured_media":560466,"comment_status":"","ping_status":"","sticky":false,"template":"","format":"standard","meta":{"footnotes":""},"categories":[2819],"tags":[1111,11,1777,674,1011,27,12,2401,882,25],"class_list":{"0":"post-560465","1":"post","2":"type-post","3":"status-publish","4":"format-standard","5":"has-post-thumbnail","7":"category-nice","8":"tag-actu","9":"tag-actualites","10":"tag-eu","11":"tag-europe","12":"tag-fr","13":"tag-france","14":"tag-news","15":"tag-nice","16":"tag-provence-alpes-cote-dazur","17":"tag-republique-francaise"},"share_on_mastodon":{"url":"https:\/\/pubeurope.com\/@fr\/115617269235008797","error":""},"_links":{"self":[{"href":"https:\/\/www.europesays.com\/fr\/wp-json\/wp\/v2\/posts\/560465","targetHints":{"allow":["GET"]}}],"collection":[{"href":"https:\/\/www.europesays.com\/fr\/wp-json\/wp\/v2\/posts"}],"about":[{"href":"https:\/\/www.europesays.com\/fr\/wp-json\/wp\/v2\/types\/post"}],"author":[{"embeddable":true,"href":"https:\/\/www.europesays.com\/fr\/wp-json\/wp\/v2\/users\/2"}],"replies":[{"embeddable":true,"href":"https:\/\/www.europesays.com\/fr\/wp-json\/wp\/v2\/comments?post=560465"}],"version-history":[{"count":0,"href":"https:\/\/www.europesays.com\/fr\/wp-json\/wp\/v2\/posts\/560465\/revisions"}],"wp:featuredmedia":[{"embeddable":true,"href":"https:\/\/www.europesays.com\/fr\/wp-json\/wp\/v2\/media\/560466"}],"wp:attachment":[{"href":"https:\/\/www.europesays.com\/fr\/wp-json\/wp\/v2\/media?parent=560465"}],"wp:term":[{"taxonomy":"category","embeddable":true,"href":"https:\/\/www.europesays.com\/fr\/wp-json\/wp\/v2\/categories?post=560465"},{"taxonomy":"post_tag","embeddable":true,"href":"https:\/\/www.europesays.com\/fr\/wp-json\/wp\/v2\/tags?post=560465"}],"curies":[{"name":"wp","href":"https:\/\/api.w.org\/{rel}","templated":true}]}}