{"id":560469,"date":"2025-11-26T17:53:31","date_gmt":"2025-11-26T17:53:31","guid":{"rendered":"https:\/\/www.europesays.com\/fr\/560469\/"},"modified":"2025-11-26T17:53:31","modified_gmt":"2025-11-26T17:53:31","slug":"restaurateur-de-vitraux-depuis-50-ans-michel-ouvre-son-atelier-au-public","status":"publish","type":"post","link":"https:\/\/www.europesays.com\/fr\/560469\/","title":{"rendered":"restaurateur de vitraux depuis 50 ans Michel ouvre son atelier au public"},"content":{"rendered":"<p>                    Par<br \/>\n        <strong><br \/>\n            <a href=\"https:\/\/actu.fr\/auteur\/laure-gentil\" title=\"Consulter tous les articles de Laure Gentil\" target=\"_blank\" rel=\"noopener\">Laure Gentil<\/a><br \/>\n                    <\/strong><\/p>\n<p>        Publi\u00e9 le<\/p>\n<p>            26 nov. 2025 \u00e0 17h51        <\/p>\n<p>M\u00eame lorsque le ciel est teint du gris d\u2019un mois de novembre,<b> l\u2019atelier de Michel P\u00e9chousek<\/b>, 73\u00a0ans, ne manque pas de lumi\u00e8re. C\u2019est ici, que pendant plus de 50\u00a0ans, ce Nantais d\u2019origine s\u2019est livr\u00e9 \u00e0 sa passion\u2009: <b>le verre et sa restauration<\/b>. Un univers qu\u2019il souhaite faire d\u00e9couvrir maintenant qu\u2019il a laiss\u00e9 les gros chantiers derri\u00e8re lui\u2009: la cath\u00e9drale de Nantes, le ch\u00e2teau des ducs, le vitrail de l\u2019\u00e9glise de Montrelais\u2026 Ce gardien d\u2019un savoir-faire en danger ouvre les portes de son sanctuaire au public et organise des <b>stages d\u2019initiation au vitrail<\/b>. Il a accept\u00e9 de rencontrer <a href=\"https:\/\/actu.fr\/nantes\/\" target=\"_blank\" rel=\"noopener\">actu Nantes<\/a>\u2009: \u00ab\u2009C\u2019est la mati\u00e8re, le soleil passant \u00e0 travers le verre. Tout de suite, je me suis senti bien avec. Voil\u00e0, c\u2019est comme \u00e7a que l\u2019histoire a d\u00e9marr\u00e9\u2009\u00bb.<\/p>\n<p>\u00ab\u2009La restauration c\u2019est la transmission\u2009\u00bb<\/p>\n<p class=\" wall-content\">Michel P\u00e9chousek est n\u00e9 \u00e0 Nantes. Apr\u00e8s une \u00e9ducation chez les \u00ab\u2009fr\u00e8res \u00e0 Sainte-Th\u00e9r\u00e8se\u2009\u00bb, Michel P\u00e9chousek \u00ab\u2009en avait soup\u00e9 de ce monde plut\u00f4t particulier\u2009\u00bb, il se cherche, veut travailler avec ses mains. Sa m\u00e8re, secr\u00e9taire \u00e0 domicile, avait pour client un cr\u00e9ateur de vitraux. \u00ab\u2009Je me suis dit pourquoi pas, on va aller voir\u2009\u00bb, se rem\u00e9more-t-il avec un sourire. \u00ab\u2009J\u2019ai \u00e9t\u00e9 s\u00e9duit tout de suite\u2009\u00bb. Michel P\u00e9chousek avait 16\u00a0ans.<\/p>\n<blockquote class=\"ac-article-quote wall-content\">\n<p>Je suis arriv\u00e9 dans un atelier o\u00f9 vous aviez plein de verre, plein de couleurs. Un atelier tr\u00e8s lumineux. J\u2019y ai fait mon apprentissage pendant trois ans. Il n\u2019existe plus actuellement. Je me suis orient\u00e9 tr\u00e8s vite vers la restauration plut\u00f4t que la cr\u00e9ation.<\/p>\n<p>Michel P\u00e9chousek<\/p><\/blockquote>\n<p class=\" wall-content\">En 1977, alors qu\u2019il n\u2019a 25\u00a0ans, il quitte l\u2019atelier dans lequel il travaille, rue de la Bastille, et se lance en solo, toujours dans la restauration et arrive \u00e0 percer dans le m\u00e9tier de restaurateur. \u00ab\u2009La restauration, c\u2019est la transmission. Si vous n\u2019avez pas de restaurateurs, vous avez des \u0153uvres qui vont \u00eatre d\u00e9truites \u00e0 un moment, il faut des gens qui r\u00e9parent pour que \u00e7a puisse perdurer dans le temps\u2009\u00bb, assure-t-il.<\/p>\n<p>    <img   decoding=\"async\" loading=\"lazy\" class=\"size-large\" src=\"https:\/\/www.europesays.com\/fr\/wp-content\/uploads\/2025\/11\/b86def67b52962e6def67b529927dev-960x640.jpeg\" alt=\"D\u00e8s ses 16 ans, Michel P\u00e9chousek est tomb\u00e9 amoureux du verre. Il s'est tourn\u00e9 vers la restauration plut\u00f4t que la cr\u00e9ation.\" width=\"960\" height=\"640\"\/><br \/>\n    D\u00e8s ses 16\u00a0ans, Michel P\u00e9chousek est tomb\u00e9 amoureux du verre. Il s\u2019est tourn\u00e9 vers la restauration plut\u00f4t que la cr\u00e9ation. \u00a9Laure Gentil \/ actu NantesUn vitrail du XVIe\u00a0si\u00e8cle<\/p>\n<p class=\" wall-content\">Cet amoureux du verre a travaill\u00e9 sur de nombreux projets, il a aid\u00e9 \u00e0 l\u2019entretien des vitraux de la <b><a href=\"https:\/\/actu.fr\/pays-de-la-loire\/nantes_44109\/en-images-reouverture-de-la-cathedrale-de-nantes-la-renaissance-d-un-embleme-de-la-ville_63224050.html\" target=\"_blank\" rel=\"noopener\">cath\u00e9drale de Nantes<\/a>,<\/b> ou encore une restauration qui l\u2019a marqu\u00e9e, celle du vitrail de<b> l\u2019\u00e9glise de Montrelais<\/b>, \u00ab\u2009l\u2019un des rares vitraux class\u00e9 en Loire-Atlantique\u2009\u00bb. Datant du XVIe\u00a0si\u00e8cle, le vitrail est une repr\u00e9sentation de Fran\u00e7ois Ier et de Soliman le Magnifique. Michel P\u00e9chousek se souvient de ce travail comme si c\u2019\u00e9tait hier\u2009: \u00ab\u2009ce qui \u00e9tait int\u00e9ressant, c\u2019est de se replonger dans la p\u00e9riode, de se dire que vous avez entre les mains un morceau de ce qu\u2019\u00e9tait la vie \u00e0 cette \u00e9poque-l\u00e0\u2009\u00bb.<\/p>\n<p>Votre r\u00e9gion, votre actu !<\/p>\n<p>Recevez chaque jour les infos qui comptent pour vous.<\/p>\n<p>\t<a href=\"https:\/\/actu.fr\/newsletter\" class=\"ac-btn ac-btn--corner ac-btn--medium ac-btn--blue800\" target=\"_blank\" rel=\"noopener\">S&rsquo;incrire<\/a><\/p>\n<p>    <img   decoding=\"async\" loading=\"lazy\" class=\"size-large\" src=\"https:\/\/www.europesays.com\/fr\/wp-content\/uploads\/2025\/11\/d746af67b5296db46af67b529bf46av-960x640.jpeg\" alt=\"Michel P\u00e9chousek a cr\u00e9\u00e9 son atelier en 1977.\" width=\"960\" height=\"640\"\/><br \/>\n    Michel P\u00e9chousek a cr\u00e9\u00e9 son atelier en 1977. \u00a9Laure Gentil \/ actu Nantes<\/p>\n<p class=\" wall-content\">Le ma\u00eetre verrier a choisi de laisser les gros chantiers de ce type derri\u00e8re lui et se consacre \u00e0 quelques restaurations, au cas par cas\u2009: \u00ab\u2009Aujourd\u2019hui, j\u2019ai le loisir de pouvoir choisir mes temps d\u2019intervention\u2009\u00bb.<\/p>\n<p>    <img   decoding=\"async\" loading=\"lazy\" class=\"size-large\" src=\"https:\/\/www.europesays.com\/fr\/wp-content\/uploads\/2025\/11\/39b3ff67b52965db3ff67b52941c3fv-960x640.jpeg\" alt=\"ce Nantais a travaill\u00e9 sur de nombreux chantiers mais a d\u00e9cid\u00e9 apr\u00e8s une longue carr\u00e8re de se concentrer sur quelques restaurations.\" width=\"960\" height=\"640\"\/><br \/>\n    ce Nantais a travaill\u00e9 sur de nombreux chantiers mais a d\u00e9cid\u00e9 apr\u00e8s une longue carri\u00e8re de se concentrer sur quelques restaurations. \u00a9Laure Gentil \/ actu Nantes<\/p>\n<p class=\" wall-content\">Ce qui lui laisse plus de temps pour faire d\u00e9couvrir sa passion \u00e0 d\u2019autres d\u2019o\u00f9 sa d\u00e9cision d\u2019organiser des visites de son atelier ainsi que des<b> stages d\u2019initiation de 15\u00a0heures et 30\u00a0heures.<\/b> \u00c0 la fin du stage, les participants peuvent m\u00eame<b> repartir avec leur propre vitrail.<\/b> L\u2019occasion de parler \u00e0 d\u2019autres de son grand amour\u2009: le verre.<\/p>\n<p>Infos pratiques\u2009: les stages sont r\u00e9serv\u00e9s aux adultes. Celui de 15\u00a0heures est \u00e0 300\u00a0euros (du vendredi au samedi de 9\u2009h \u00e0 17\u2009h) et celui de 30\u00a0heures \u00e0 600\u00a0euros (du vendredi au samedi de 9\u2009h \u00e0 17\u2009h sur deux semaines). Ils commenceront \u00e0 partir du 9\u00a0janvier 2026. R\u00e9servation obligatoire par t\u00e9l\u00e9phone au 09\u200950\u200906\u200939\u200987 ou par mail \u00e0 <a href=\"https:\/\/actu.fr\/cdn-cgi\/l\/email-protection\" class=\"__cf_email__\" data-cfemail=\"4f3f2a2c27203a3c2a246139263b3d2e26230f28222e2623612c2022\" target=\"_blank\" rel=\"noopener\">[email\u00a0protected]<\/a>.<\/p>\n<p class=\" wall-content\">Personnalisez votre actualit\u00e9 en ajoutant vos villes et m\u00e9dias en favori avec <a href=\"https:\/\/moncompte.actu.fr\" title=\"D\u00e9couvez Mon Actu\" rel=\"nofollow noopener\" data-trk=\"{&quot;cta&quot;:{&quot;action&quot;:&quot;https:\\\/\\\/moncompte.actu.fr&quot;,&quot;category&quot;:&quot;mon compte&quot;,&quot;from&quot;:&quot;article footer&quot;,&quot;name&quot;:&quot;Mon actu&quot;,&quot;type&quot;:&quot;cta&quot;}}\" target=\"_blank\">Mon Actu<\/a>.<\/p>\n","protected":false},"excerpt":{"rendered":"Par Laure Gentil Publi\u00e9 le 26 nov. 2025 \u00e0 17h51 M\u00eame lorsque le ciel est teint du gris&hellip;\n","protected":false},"author":2,"featured_media":560470,"comment_status":"","ping_status":"","sticky":false,"template":"","format":"standard","meta":{"footnotes":""},"categories":[2818],"tags":[1111,11,1477,1777,674,1011,27,1652,766,12,2636,9026,25],"class_list":{"0":"post-560469","1":"post","2":"type-post","3":"status-publish","4":"format-standard","5":"has-post-thumbnail","7":"category-nantes","8":"tag-actu","9":"tag-actualites","10":"tag-artisanat","11":"tag-eu","12":"tag-europe","13":"tag-fr","14":"tag-france","15":"tag-loisirs-culture","16":"tag-nantes","17":"tag-news","18":"tag-pays-de-la-loire","19":"tag-portrait","20":"tag-republique-francaise"},"share_on_mastodon":{"url":"https:\/\/pubeurope.com\/@fr\/115617282541235012","error":""},"_links":{"self":[{"href":"https:\/\/www.europesays.com\/fr\/wp-json\/wp\/v2\/posts\/560469","targetHints":{"allow":["GET"]}}],"collection":[{"href":"https:\/\/www.europesays.com\/fr\/wp-json\/wp\/v2\/posts"}],"about":[{"href":"https:\/\/www.europesays.com\/fr\/wp-json\/wp\/v2\/types\/post"}],"author":[{"embeddable":true,"href":"https:\/\/www.europesays.com\/fr\/wp-json\/wp\/v2\/users\/2"}],"replies":[{"embeddable":true,"href":"https:\/\/www.europesays.com\/fr\/wp-json\/wp\/v2\/comments?post=560469"}],"version-history":[{"count":0,"href":"https:\/\/www.europesays.com\/fr\/wp-json\/wp\/v2\/posts\/560469\/revisions"}],"wp:featuredmedia":[{"embeddable":true,"href":"https:\/\/www.europesays.com\/fr\/wp-json\/wp\/v2\/media\/560470"}],"wp:attachment":[{"href":"https:\/\/www.europesays.com\/fr\/wp-json\/wp\/v2\/media?parent=560469"}],"wp:term":[{"taxonomy":"category","embeddable":true,"href":"https:\/\/www.europesays.com\/fr\/wp-json\/wp\/v2\/categories?post=560469"},{"taxonomy":"post_tag","embeddable":true,"href":"https:\/\/www.europesays.com\/fr\/wp-json\/wp\/v2\/tags?post=560469"}],"curies":[{"name":"wp","href":"https:\/\/api.w.org\/{rel}","templated":true}]}}