{"id":560471,"date":"2025-11-26T17:54:25","date_gmt":"2025-11-26T17:54:25","guid":{"rendered":"https:\/\/www.europesays.com\/fr\/560471\/"},"modified":"2025-11-26T17:54:25","modified_gmt":"2025-11-26T17:54:25","slug":"une-femme-meurt-poignardee-dune-vingtaine-de-coups-de-couteau-son-ex-conjoint-retrouve-pendu","status":"publish","type":"post","link":"https:\/\/www.europesays.com\/fr\/560471\/","title":{"rendered":"une femme meurt poignard\u00e9e d\u2019une \u00abvingtaine\u00bb de coups de couteau, son ex-conjoint retrouv\u00e9 pendu"},"content":{"rendered":"<p>\n    Lors de la journ\u00e9e internationale pour l\u2019\u00e9limination de la violence \u00e0 l\u2019\u00e9gard des femmes, Nathalie G. a \u00e9t\u00e9 poignard\u00e9e par son ancien compagnon \u00e0 Saint-Colomban (Loire-Atlantique). Ce dernier l\u2019avait d\u00e9j\u00e0 menac\u00e9e de mort. Une enqu\u00eate a \u00e9t\u00e9 ouverte.<\/p>\n<p class=\"fig-paragraph\">Un nouveau drame \u00e0 l\u2019arme blanche, au sud\u00a0<a href=\"https:\/\/www.lefigaro.fr\/nantes\" target=\"_blank\" data-fig-type=\"Section\" rel=\"sponsored noopener\" data-gtm-custom-categorie=\"navigation\" data-gtm-custom-action=\"crossclick\" data-gtm-custom-label=\"Contextuel\" data-gtm-event=\"customEventSPE\" data-fig-domain=\"LEFIGARO\">de Nantes<\/a>\u00a0(Loire-Atlantique). Les secours et la gendarmerie nationale sont intervenus vers 20h15, mardi 25 novembre, dans une habitation de la commune de\u00a0<a href=\"http:\/\/www.lefigaro.fr\/nantes\/pres-de-nantes-pourquoi-le-projet-de-carriere-de-sable-de-lafarge-decrie-par-les-ecolos-est-a-l-arret-20240124\" target=\"_blank\" data-fig-type=\"NewsFlash\" rel=\"noopener\" data-gtm-custom-categorie=\"navigation\" data-gtm-custom-action=\"crossclick\" data-gtm-custom-label=\"Contextuel\" data-gtm-event=\"customEventSPE\" data-fig-domain=\"LEFIGARO\">Saint-Colomban<\/a>, \u00e0 une vingtaine de kilom\u00e8tres de l\u2019agglom\u00e9ration nantaise. Au lieu-dit La Haut Roquette, ils ont pris en charge Nathalie G., n\u00e9e en 1976, victime\u00a0<a href=\"http:\/\/www.lefigaro.fr\/vox\/societe\/alain-bauer-couteaux-battes-de-baseball-machettes-le-grand-retour-des-attaques-a-l-arme-blanche-en-france-20240527\" target=\"_blank\" data-fig-type=\"Article\" rel=\"noopener\" data-gtm-custom-categorie=\"navigation\" data-gtm-custom-action=\"crossclick\" data-gtm-custom-label=\"Contextuel\" data-gtm-event=\"customEventSPE\" data-fig-domain=\"LEFIGARO\">d\u2019une tentative d\u2019assassinat<\/a>\u00a0par son ex-conjoint. En arr\u00eat cardio-ventilatoire \u00e0 l\u2019arriv\u00e9e du Samu, elle a succomb\u00e9 \u00e0 ses blessures vers 21h.<\/p>\n<p class=\"fig-paragraph\">Mardi soir, alors que la victime c\u00e9l\u00e9brait un anniversaire avec plusieurs membres de sa famille, son ex-conjoint a \u00absurgi sans avoir \u00e9t\u00e9 invit\u00e9\u00bb et lui a ass\u00e9n\u00e9 plusieurs coups de couteau, a expliqu\u00e9 mercredi matin \u00e0 l\u2019AFP le procureur de la R\u00e9publique de Nantes, Antoine Leroy. \u00abCette derni\u00e8re \u00e9tait venue au domicile de leur fille pour f\u00eater l\u2019anniversaire de leur gendre. Alors qu\u2019ils s\u2019appr\u00eataient \u00e0 quitter le domicile, et que la victime sortait de la maison avec sa fille, le mis en cause arrivait, en provenant d\u2019un chemin sur le c\u00f4t\u00e9 du garage, bord\u00e9 par une for\u00eat, et lui portait de nombreux coups de couteau\u00bb, d\u00e9taille en cette fin journ\u00e9e le magistrat nantais, dans un communiqu\u00e9 de presse. Le r\u00e9cit est gla\u00e7ant\u00a0: une \u00abvingtaine\u00bb de coups de couteau ont \u00e9t\u00e9 prodigu\u00e9s \u00e0 la victime, \u00abde taille et profondeur diff\u00e9rentes, dans le ventre, sur le haut de la poitrine c\u00f4t\u00e9 gauche, dans le dos, au genou gauche et aux deux mains\u00bb. Une autopsie est pr\u00e9vue.<\/p>\n<p>                                    <a class=\"fig-a11y-skip a11y-hidden\" href=\"#fig-a11y-skip-main-inarticle\"><br \/>\n        Passer la publicit\u00e9<br \/>\n    <\/a><\/p>\n<p>Le suspect retrouv\u00e9 jeudi<\/p>\n<p class=\"fig-paragraph\">Une enqu\u00eate a \u00e9t\u00e9 ouverte par le parquet du tribunal judiciaire de Nantes. Dans la foul\u00e9e, le suspect \u00e9tait recherch\u00e9 par la brigade des recherches de la compagnie de Rez\u00e9 et la section des recherches de la R\u00e9gion de gendarmerie de Loire-Atlantique. Pascal G., n\u00e9 en 1968, a finalement \u00e9t\u00e9 retrouv\u00e9 jeudi matin, pendu \u00e0 un arbre de la commune rez\u00e9enne. Il \u00e9tait connu de la Justice. Le 9 mai 2023, il avait \u00e9t\u00e9 condamn\u00e9 par le tribunal correctionnel de Nantes pour des menaces de mort \u00e0 l\u2019encontre de la victime et de leur fils survenus le 31 d\u00e9cembre 2022. \u00c0 cette occasion, il avait \u00e9cop\u00e9 d\u2019un an de prison avec sursis probatoire pendant deux ans et d\u2019une interdiction d\u2019entrer avec les victimes ou de para\u00eetre au domicile.<\/p>\n<p class=\"fig-paragraph\">\u00abDans le cadre de cette condamnation, le parquet de Nantes avait attribu\u00e9 \u00e0 la victime, le 9 juin 2023, un \u201ct\u00e9l\u00e9phone grave danger\u201d (TGD), dispositif qu\u2019elle n\u2019estimait plus utile et qui lui avait donc \u00e9t\u00e9 retir\u00e9 il y a un peu plus d\u2019un an, le 27 septembre 2024\u00bb, ajoute le procureur de la R\u00e9publique de Nantes. \u00abElle ne pouvait en toute hypoth\u00e8se juridiquement plus en \u00eatre \u00e9quip\u00e9e \u00e0 partir du 9 mai 2025, date d\u2019expiration du sursis probatoire, lequel s\u2019\u00e9tait par ailleurs d\u00e9roul\u00e9 sans incident.\u00bb<\/p>\n<p class=\"fig-paragraph\">Hasard du calendrier, l\u2019agression a eu lieu lors de la journ\u00e9e internationale pour l\u2019\u00e9limination de la violence \u00e0 l\u2019\u00e9gard des femmes. Ces \u00e9v\u00e9nements \u00abnous rappellent \u00e0 tous la tr\u00e8s grande vigilance qui doit \u00eatre la n\u00f4tre \u00e0 cet \u00e9gard, et ce m\u00eame lorsque tous les dispositifs l\u00e9gislatifs protecteurs de la victime ont pu \u00eatre utilis\u00e9s, comme ce fut le cas en l\u2019occurrence\u00bb, ajoute Antoine Leroy \u00e0 la fin de son communiqu\u00e9. \u00abCe combat contre les violences \u00e0 l\u2019\u00e9gard des femmes est permanent, et doit donc continuer de mobiliser tout le monde et toutes les institutions\u00bb.<\/p>\n<p class=\"fig-paragraph\">Le nombre de f\u00e9minicides conjugaux a augment\u00e9 de 11% entre 2023 et 2024 avec 107 femmes tu\u00e9es par leur conjoint ou ex-conjoint, soit un d\u00e9c\u00e8s enregistr\u00e9 tous les trois jours. Au total, les forces de l\u2019ordre ont recens\u00e9 138 morts violentes au sein du couple l\u2019an dernier, dont 31 hommes, selon une \u00e9tude nationale annuelle du minist\u00e8re de l\u2019Int\u00e9rieur.<\/p>\n","protected":false},"excerpt":{"rendered":"Lors de la journ\u00e9e internationale pour l\u2019\u00e9limination de la violence \u00e0 l\u2019\u00e9gard des femmes, Nathalie G. a \u00e9t\u00e9&hellip;\n","protected":false},"author":2,"featured_media":560472,"comment_status":"","ping_status":"","sticky":false,"template":"","format":"standard","meta":{"footnotes":""},"categories":[2818],"tags":[1111,11,1777,674,3555,1011,27,766,12,2636,25],"class_list":{"0":"post-560471","1":"post","2":"type-post","3":"status-publish","4":"format-standard","5":"has-post-thumbnail","7":"category-nantes","8":"tag-actu","9":"tag-actualites","10":"tag-eu","11":"tag-europe","12":"tag-feminicide","13":"tag-fr","14":"tag-france","15":"tag-nantes","16":"tag-news","17":"tag-pays-de-la-loire","18":"tag-republique-francaise"},"share_on_mastodon":{"url":"https:\/\/pubeurope.com\/@fr\/115617285057435653","error":""},"_links":{"self":[{"href":"https:\/\/www.europesays.com\/fr\/wp-json\/wp\/v2\/posts\/560471","targetHints":{"allow":["GET"]}}],"collection":[{"href":"https:\/\/www.europesays.com\/fr\/wp-json\/wp\/v2\/posts"}],"about":[{"href":"https:\/\/www.europesays.com\/fr\/wp-json\/wp\/v2\/types\/post"}],"author":[{"embeddable":true,"href":"https:\/\/www.europesays.com\/fr\/wp-json\/wp\/v2\/users\/2"}],"replies":[{"embeddable":true,"href":"https:\/\/www.europesays.com\/fr\/wp-json\/wp\/v2\/comments?post=560471"}],"version-history":[{"count":0,"href":"https:\/\/www.europesays.com\/fr\/wp-json\/wp\/v2\/posts\/560471\/revisions"}],"wp:featuredmedia":[{"embeddable":true,"href":"https:\/\/www.europesays.com\/fr\/wp-json\/wp\/v2\/media\/560472"}],"wp:attachment":[{"href":"https:\/\/www.europesays.com\/fr\/wp-json\/wp\/v2\/media?parent=560471"}],"wp:term":[{"taxonomy":"category","embeddable":true,"href":"https:\/\/www.europesays.com\/fr\/wp-json\/wp\/v2\/categories?post=560471"},{"taxonomy":"post_tag","embeddable":true,"href":"https:\/\/www.europesays.com\/fr\/wp-json\/wp\/v2\/tags?post=560471"}],"curies":[{"name":"wp","href":"https:\/\/api.w.org\/{rel}","templated":true}]}}