{"id":560475,"date":"2025-11-26T17:56:13","date_gmt":"2025-11-26T17:56:13","guid":{"rendered":"https:\/\/www.europesays.com\/fr\/560475\/"},"modified":"2025-11-26T17:56:13","modified_gmt":"2025-11-26T17:56:13","slug":"pres-de-bordeaux-des-cadeaux-de-noel-voles-dans-un-local-du-secours-populaire","status":"publish","type":"post","link":"https:\/\/www.europesays.com\/fr\/560475\/","title":{"rendered":"pr\u00e8s de Bordeaux, des cadeaux de No\u00ebl vol\u00e9s dans un local du Secours Populaire"},"content":{"rendered":"<p>\n    Le local du Secours Populaire de Pessac a \u00e9t\u00e9 la cible d\u2019un cambriolage, le week-end dernier. Les jouets vol\u00e9s, emball\u00e9s dans des paquets cadeaux, devaient \u00eatre distribu\u00e9s le 10 d\u00e9cembre lors de l\u2019arbre de No\u00ebl organis\u00e9e dans la commune.<\/p>\n<p class=\"fig-paragraph\">Le cambriolage de la honte. Le local du\u00a0<a href=\"https:\/\/www.lefigaro.fr\/social\/les-francais-toujours-plus-precaires-malgre-le-ralentissement-de-l-inflation-alerte-le-secours-populaire-20240912?msockid=258c4318a154643d05395665a0ed65f9\" target=\"_blank\" data-fig-type=\"NewsFlash\" rel=\"sponsored noopener\" data-gtm-custom-categorie=\"navigation\" data-gtm-custom-action=\"crossclick\" data-gtm-custom-label=\"Contextuel\" data-gtm-event=\"customEventSPE\" data-fig-domain=\"LEFIGARO\">Secours populaire<\/a>\u00a0de\u00a0<a href=\"https:\/\/www.lefigaro.fr\/bordeaux\/aeroport-de-bordeaux-a-pessac-les-syndicats-de-riverains-divises-sur-l-avenir-de-la-piste-secante-20250311?msockid=258c4318a154643d05395665a0ed65f9\" target=\"_blank\" data-fig-type=\"NewsFlash\" rel=\"sponsored noopener\" data-gtm-custom-categorie=\"navigation\" data-gtm-custom-action=\"crossclick\" data-gtm-custom-label=\"Contextuel\" data-gtm-event=\"customEventSPE\" data-fig-domain=\"LEFIGARO\">Pessac<\/a>, pr\u00e8s de Bordeaux, a \u00e9t\u00e9 cambriol\u00e9 le week-end dernier. Les voleurs ont fractur\u00e9 et bris\u00e9 la porte du local de la r\u00e9sidence Mac\u00e9do et sont partis avec de nombreux jouets d\u00e9j\u00e0 emball\u00e9s pour les enfants.<\/p>\n<p class=\"fig-paragraph\">Ces cadeaux \u00e9taient destin\u00e9s \u00e0 l\u2019arbre de No\u00ebl pr\u00e9vu le 10 d\u00e9cembre prochain, \u00e0 la salle Bellegrave, aux c\u00f4t\u00e9s des b\u00e9n\u00e9voles du Secours populaire, les\u00a0<a href=\"http:\/\/www.lefigaro.fr\/actualite-france\/les-restos-du-coeur-lancent-leur-41e-campagne-ce-mardi-20251118\" data-fig-type=\"NewsFlash\" data-gtm-custom-categorie=\"navigation\" data-gtm-custom-action=\"crossclick\" data-gtm-custom-label=\"Contextuel\" data-gtm-event=\"customEventSPE\" data-fig-domain=\"LEFIGARO\" target=\"_blank\" rel=\"noopener\">Restos du C\u0153ur<\/a>, Saint-Vincent-de-Paul, le Secours catholique ainsi que la Croix-Rouge.<\/p>\n<p>                                    <a class=\"fig-a11y-skip a11y-hidden\" href=\"#fig-a11y-skip-main-inarticle\"><br \/>\n        Passer la publicit\u00e9<br \/>\n    <\/a><\/p>\n<p>\u00abAttaque honteuse\u00bb<\/p>\n<p class=\"fig-paragraph\">\u00abTout cambriolage est \u00e9videmment condamnable et punissable mais il se double ici de l\u2019attaque honteuse d\u2019une institution reconnue au b\u00e9n\u00e9fice de familles en difficult\u00e9. Quel scandale de d\u00e9valiser ainsi un local de stockage de cadeaux pour les enfants\u00a0!\u00bb, a r\u00e9agi Franck Raynal, le maire de Pessac. La ville de Pessac et son CCAS mobilisent leurs moyens en soutien du secours populaire pour qu\u2019aucun enfant ne soit priv\u00e9 du cadeau pr\u00e9vu\u00bb, assure-t-il.<\/p>\n<p class=\"fig-paragraph\">Une enqu\u00eate de police a \u00e9t\u00e9 ouverte pour identifier les auteurs des vols.<\/p>\n","protected":false},"excerpt":{"rendered":"Le local du Secours Populaire de Pessac a \u00e9t\u00e9 la cible d\u2019un cambriolage, le week-end dernier. Les jouets&hellip;\n","protected":false},"author":2,"featured_media":560476,"comment_status":"","ping_status":"","sticky":false,"template":"","format":"standard","meta":{"footnotes":""},"categories":[2817],"tags":[1111,11,1997,1174,1777,674,1011,27,12,2219,25,1175],"class_list":{"0":"post-560475","1":"post","2":"type-post","3":"status-publish","4":"format-standard","5":"has-post-thumbnail","7":"category-bordeaux","8":"tag-actu","9":"tag-actualites","10":"tag-bordeaux","11":"tag-cambriolage","12":"tag-eu","13":"tag-europe","14":"tag-fr","15":"tag-france","16":"tag-news","17":"tag-nouvelle-aquitaine","18":"tag-republique-francaise","19":"tag-vol"},"share_on_mastodon":{"url":"https:\/\/pubeurope.com\/@fr\/115617292941174501","error":""},"_links":{"self":[{"href":"https:\/\/www.europesays.com\/fr\/wp-json\/wp\/v2\/posts\/560475","targetHints":{"allow":["GET"]}}],"collection":[{"href":"https:\/\/www.europesays.com\/fr\/wp-json\/wp\/v2\/posts"}],"about":[{"href":"https:\/\/www.europesays.com\/fr\/wp-json\/wp\/v2\/types\/post"}],"author":[{"embeddable":true,"href":"https:\/\/www.europesays.com\/fr\/wp-json\/wp\/v2\/users\/2"}],"replies":[{"embeddable":true,"href":"https:\/\/www.europesays.com\/fr\/wp-json\/wp\/v2\/comments?post=560475"}],"version-history":[{"count":0,"href":"https:\/\/www.europesays.com\/fr\/wp-json\/wp\/v2\/posts\/560475\/revisions"}],"wp:featuredmedia":[{"embeddable":true,"href":"https:\/\/www.europesays.com\/fr\/wp-json\/wp\/v2\/media\/560476"}],"wp:attachment":[{"href":"https:\/\/www.europesays.com\/fr\/wp-json\/wp\/v2\/media?parent=560475"}],"wp:term":[{"taxonomy":"category","embeddable":true,"href":"https:\/\/www.europesays.com\/fr\/wp-json\/wp\/v2\/categories?post=560475"},{"taxonomy":"post_tag","embeddable":true,"href":"https:\/\/www.europesays.com\/fr\/wp-json\/wp\/v2\/tags?post=560475"}],"curies":[{"name":"wp","href":"https:\/\/api.w.org\/{rel}","templated":true}]}}